{"id":14508,"date":"2022-03-11T08:50:44","date_gmt":"2022-03-11T11:50:44","guid":{"rendered":"https:\/\/radiorevelacionfm.cl\/?p=14508"},"modified":"2022-03-11T08:50:44","modified_gmt":"2022-03-11T11:50:44","slug":"destacan-celebracion-del-primer-matrimonio-igualitario-en-chile","status":"publish","type":"post","link":"https:\/\/radiorevelacionfm.cl\/?p=14508","title":{"rendered":"Destacan celebraci\u00f3n del primer Matrimonio Igualitario en Chile"},"content":{"rendered":"<div class=\"flex_column av_one_full  flex_column_div av-zero-column-padding first  avia-builder-el-0  el_before_av_one_full  avia-builder-el-first  \" style='border-radius:0px; '><div  class='avia-image-container  av-styling-    avia-builder-el-1  avia-builder-el-no-sibling  avia-align-center '  itemprop=\"image\" itemscope=\"itemscope\" itemtype=\"https:\/\/schema.org\/ImageObject\"  ><div class='avia-image-container-inner'><div class='avia-image-overlay-wrap'><img decoding=\"async\" class='wp-image-14509 avia-img-lazy-loading-not-14509 avia_image' src=\"https:\/\/radiorevelacionfm.cl\/wp-content\/uploads\/2022\/03\/Matrimonio-Igualitario1-2.jpg\" alt='' title='Matrimonio Igualitario1-2' height=\"600\" width=\"900\"  itemprop=\"thumbnailUrl\" srcset=\"https:\/\/radiorevelacionfm.cl\/wp-content\/uploads\/2022\/03\/Matrimonio-Igualitario1-2.jpg 900w, https:\/\/radiorevelacionfm.cl\/wp-content\/uploads\/2022\/03\/Matrimonio-Igualitario1-2-300x200.jpg 300w, https:\/\/radiorevelacionfm.cl\/wp-content\/uploads\/2022\/03\/Matrimonio-Igualitario1-2-768x512.jpg 768w, https:\/\/radiorevelacionfm.cl\/wp-content\/uploads\/2022\/03\/Matrimonio-Igualitario1-2-705x470.jpg 705w, https:\/\/radiorevelacionfm.cl\/wp-content\/uploads\/2022\/03\/Matrimonio-Igualitario1-2-600x400.jpg 600w\" sizes=\"(max-width: 900px) 100vw, 900px\" \/><\/div><\/div><\/div><\/div><div class=\"flex_column av_one_full  flex_column_div av-zero-column-padding first  avia-builder-el-2  el_after_av_one_full  el_before_av_one_full  column-top-margin\" style='border-radius:0px; '><section class=\"av_textblock_section \"  itemscope=\"itemscope\" itemtype=\"https:\/\/schema.org\/BlogPosting\" itemprop=\"blogPost\" ><div class='avia_textblock  '   itemprop=\"text\" ><p style=\"text-align: center;\"><strong><span style=\"font-size: 18pt;\">Destacan celebraci\u00f3n del primer Matrimonio Igualitario en Chile<\/span><\/strong><\/p>\n<div id=\"gtx-trans\" style=\"position: absolute; left: -50px; top: 4.31534px;\">\n<div class=\"gtx-trans-icon\"><\/div>\n<\/div>\n<\/div><\/section><\/div><div class=\"flex_column av_one_full  flex_column_div av-zero-column-padding first  avia-builder-el-4  el_after_av_one_full  el_before_av_hr  column-top-margin\" style='border-radius:0px; '><section class=\"av_textblock_section \"  itemscope=\"itemscope\" itemtype=\"https:\/\/schema.org\/BlogPosting\" itemprop=\"blogPost\" ><div class='avia_textblock  '   itemprop=\"text\" ><p style=\"text-align: justify;\">Este jueves, el Servicio de Registro Civil e Identificaci\u00f3n a nivel nacional celebr\u00f3 los primeros matrimonios con parejas del mismo sexo, esto en el marco de la implementaci\u00f3n de la ley 21.400 de Matrimonio Igualitario, situaci\u00f3n distinta se vive en nuestra regi\u00f3n, ya que a\u00fan no existen solicitudes para dichos enlaces.<\/p>\n<p style=\"text-align: justify;\">As\u00ed lo dio a conocer el Director Regional del Servicio de Registro Civil e Identificaci\u00f3n Rodrigo Aguilera quien indic\u00f3 \u201chasta el momento no existen solicitudes a nivel regional, pero si hemos visto durante esta jornada principalmente en Santiago, donde se han realizado las primeras uniones, lo que significa otro paso m\u00e1s hacia la igualdad para parejas del mismo sexo, ahora destacar que para concretar esta ley, el Registro Civil ha trabajado arduamente durante los tres meses posteriores a la publicaci\u00f3n de la norma, para poder adecuar las materias en tecnolog\u00edas y temas operativos, que son necesarios para poder llevar a cabo este tipo de uniones en todas las oficinas de nuestro servicio\u201d.<\/p>\n<p style=\"text-align: justify;\">Cabe mencionar que la ley busca regular, en igualdad de condiciones, el matrimonio de personas del mismo sexo, terminando con la discriminaci\u00f3n estructural, otorgando as\u00ed un acceso igualitario al matrimonio civil.<\/p>\n<p style=\"text-align: justify;\">En tanto, el Seremi de Justicia y DD. HH Luis Prieto Epuyao explic\u00f3 que \u201choy se materializa la Ley N\u00b021.400 publicada en diciembre pasado en el Diario Oficial, dando paso as\u00ed a matrimonios entre dos personas, ya que se sustituy\u00f3 la expresi\u00f3n marido y mujer, reconociendo, por ende, los distintos tipos de familia que nuestra sociedad posee\u201d.<\/p>\n<p style=\"text-align: justify;\">Finalmente, cabe se\u00f1alar que para agendar hora de matrimonio se debe ingresar a\u00a0<u>wwww.registrocivil.cl<\/u>, de esta forma es posible acceder para agendar en las oficinas de Puerto Ays\u00e9n y Coyhaique.<\/p>\n<\/div><\/section><\/div><div  style='height:50px' class='hr hr-invisible   avia-builder-el-6  el_after_av_one_full  el_before_av_social_share '><span class='hr-inner ' ><span class='hr-inner-style'><\/span><\/span><\/div><\/p>\n<div  class='av-social-sharing-box  avia-builder-el-7  el_after_av_hr  el_before_av_hr  '><div class='av-share-box'><h5 class='av-share-link-description av-no-toc '>Compartir esta noticia<\/h5><ul class='av-share-box-list noLightbox'><li class='av-share-link av-social-link-facebook' ><a target=\"_blank\" aria-label=\"Compartir en Facebook\" href='https:\/\/www.facebook.com\/sharer.php?u=https:\/\/radiorevelacionfm.cl\/?p=14508&#038;t=Destacan%20celebraci%C3%B3n%20del%20primer%20Matrimonio%20Igualitario%20en%20Chile' aria-hidden='false' data-av_icon='\ue8f3' data-av_iconfont='entypo-fontello' title='' data-avia-related-tooltip='Compartir en Facebook' rel=\"noopener\"><span class='avia_hidden_link_text'>Compartir en Facebook<\/span><\/a><\/li><li class='av-share-link av-social-link-twitter' ><a target=\"_blank\" aria-label=\"Compartir en Twitter\" href='https:\/\/twitter.com\/share?text=Destacan%20celebraci%C3%B3n%20del%20primer%20Matrimonio%20Igualitario%20en%20Chile&#038;url=https:\/\/radiorevelacionfm.cl\/?p=14508' aria-hidden='false' data-av_icon='\ue8f1' data-av_iconfont='entypo-fontello' title='' data-avia-related-tooltip='Compartir en Twitter' rel=\"noopener\"><span class='avia_hidden_link_text'>Compartir en Twitter<\/span><\/a><\/li><li class='av-share-link av-social-link-whatsapp' ><a target=\"_blank\" aria-label=\"Compartir en Whatsapp\" href='https:\/\/api.whatsapp.com\/send?text=https:\/\/radiorevelacionfm.cl\/?p=14508' aria-hidden='false' data-av_icon='\uf232' data-av_iconfont='entypo-fontello' title='' data-avia-related-tooltip='Compartir en Whatsapp' rel=\"noopener\"><span class='avia_hidden_link_text'>Compartir en Whatsapp<\/span><\/a><\/li><li class='av-share-link av-social-link-linkedin' ><a target=\"_blank\" aria-label=\"Compartir en LinkedIn\" href='https:\/\/linkedin.com\/shareArticle?mini=true&#038;title=Destacan%20celebraci%C3%B3n%20del%20primer%20Matrimonio%20Igualitario%20en%20Chile&#038;url=https:\/\/radiorevelacionfm.cl\/?p=14508' aria-hidden='false' data-av_icon='\ue8fc' data-av_iconfont='entypo-fontello' title='' data-avia-related-tooltip='Compartir en LinkedIn' rel=\"noopener\"><span class='avia_hidden_link_text'>Compartir en LinkedIn<\/span><\/a><\/li><li class='av-share-link av-social-link-mail' ><a  aria-label=\"Compartir por correo\" href='mailto:?subject=Destacan%20celebraci%C3%B3n%20del%20primer%20Matrimonio%20Igualitario%20en%20Chile&#038;body=https:\/\/radiorevelacionfm.cl\/?p=14508' aria-hidden='false' data-av_icon='\ue805' data-av_iconfont='entypo-fontello' title='' data-avia-related-tooltip='Compartir por correo'><span class='avia_hidden_link_text'>Compartir por correo<\/span><\/a><\/li><\/ul><\/div><\/div>\n<div  style='height:50px' class='hr hr-invisible   avia-builder-el-8  el_after_av_social_share  el_before_av_comments_list '><span class='hr-inner ' ><span class='hr-inner-style'><\/span><\/span><\/div>\n<div  class='av-buildercomment  av-blog-meta-html-info-disabled av-blog-meta-tag-disabled  '><\/div>\n","protected":false},"excerpt":{"rendered":"","protected":false},"author":1,"featured_media":14509,"comment_status":"open","ping_status":"open","sticky":false,"template":"","format":"standard","meta":{"footnotes":""},"categories":[61],"tags":[],"class_list":["post-14508","post","type-post","status-publish","format-standard","has-post-thumbnail","hentry","category-nacional"],"jetpack_featured_media_url":"https:\/\/radiorevelacionfm.cl\/wp-content\/uploads\/2022\/03\/Matrimonio-Igualitario1-2.jpg","_links":{"self":[{"href":"https:\/\/radiorevelacionfm.cl\/index.php?rest_route=\/wp\/v2\/posts\/14508","targetHints":{"allow":["GET"]}}],"collection":[{"href":"https:\/\/radiorevelacionfm.cl\/index.php?rest_route=\/wp\/v2\/posts"}],"about":[{"href":"https:\/\/radiorevelacionfm.cl\/index.php?rest_route=\/wp\/v2\/types\/post"}],"author":[{"embeddable":true,"href":"https:\/\/radiorevelacionfm.cl\/index.php?rest_route=\/wp\/v2\/users\/1"}],"replies":[{"embeddable":true,"href":"https:\/\/radiorevelacionfm.cl\/index.php?rest_route=%2Fwp%2Fv2%2Fcomments&post=14508"}],"version-history":[{"count":2,"href":"https:\/\/radiorevelacionfm.cl\/index.php?rest_route=\/wp\/v2\/posts\/14508\/revisions"}],"predecessor-version":[{"id":14526,"href":"https:\/\/radiorevelacionfm.cl\/index.php?rest_route=\/wp\/v2\/posts\/14508\/revisions\/14526"}],"wp:featuredmedia":[{"embeddable":true,"href":"https:\/\/radiorevelacionfm.cl\/index.php?rest_route=\/wp\/v2\/media\/14509"}],"wp:attachment":[{"href":"https:\/\/radiorevelacionfm.cl\/index.php?rest_route=%2Fwp%2Fv2%2Fmedia&parent=14508"}],"wp:term":[{"taxonomy":"category","embeddable":true,"href":"https:\/\/radiorevelacionfm.cl\/index.php?rest_route=%2Fwp%2Fv2%2Fcategories&post=14508"},{"taxonomy":"post_tag","embeddable":true,"href":"https:\/\/radiorevelacionfm.cl\/index.php?rest_route=%2Fwp%2Fv2%2Ftags&post=14508"}],"curies":[{"name":"wp","href":"https:\/\/api.w.org\/{rel}","templated":true}]}}