{"id":14505,"date":"2022-03-11T11:23:15","date_gmt":"2022-03-11T14:23:15","guid":{"rendered":"https:\/\/radiorevelacionfm.cl\/?p=14505"},"modified":"2022-03-11T11:23:15","modified_gmt":"2022-03-11T14:23:15","slug":"fundacion-integra-inaugura-ano-parvulario-2022","status":"publish","type":"post","link":"https:\/\/radiorevelacionfm.cl\/?p=14505","title":{"rendered":"Fundaci\u00f3n Integra inaugura A\u00f1o Parvulario 2022"},"content":{"rendered":"<div class=\"flex_column av_one_full  flex_column_div av-zero-column-padding first  avia-builder-el-0  el_before_av_one_full  avia-builder-el-first  \" style='border-radius:0px; '><div  class='avia-image-container  av-styling-    avia-builder-el-1  avia-builder-el-no-sibling  avia-align-center '  itemprop=\"image\" itemscope=\"itemscope\" itemtype=\"https:\/\/schema.org\/ImageObject\"  ><div class='avia-image-container-inner'><div class='avia-image-overlay-wrap'><img decoding=\"async\" class='wp-image-14506 avia-img-lazy-loading-not-14506 avia_image' src=\"https:\/\/radiorevelacionfm.cl\/wp-content\/uploads\/2022\/03\/5-3-2-2.jpeg\" alt='' title='5-3-2-2' height=\"600\" width=\"800\"  itemprop=\"thumbnailUrl\" srcset=\"https:\/\/radiorevelacionfm.cl\/wp-content\/uploads\/2022\/03\/5-3-2-2.jpeg 800w, https:\/\/radiorevelacionfm.cl\/wp-content\/uploads\/2022\/03\/5-3-2-2-300x225.jpeg 300w, https:\/\/radiorevelacionfm.cl\/wp-content\/uploads\/2022\/03\/5-3-2-2-768x576.jpeg 768w, https:\/\/radiorevelacionfm.cl\/wp-content\/uploads\/2022\/03\/5-3-2-2-705x529.jpeg 705w, https:\/\/radiorevelacionfm.cl\/wp-content\/uploads\/2022\/03\/5-3-2-2-600x450.jpeg 600w\" sizes=\"(max-width: 800px) 100vw, 800px\" \/><\/div><\/div><\/div><\/div><div class=\"flex_column av_one_full  flex_column_div av-zero-column-padding first  avia-builder-el-2  el_after_av_one_full  el_before_av_one_full  column-top-margin\" style='border-radius:0px; '><section class=\"av_textblock_section \"  itemscope=\"itemscope\" itemtype=\"https:\/\/schema.org\/BlogPosting\" itemprop=\"blogPost\" ><div class='avia_textblock  '   itemprop=\"text\" ><p style=\"text-align: center;\"><span style=\"font-size: 18pt;\"><strong>Fundaci\u00f3n Integra inaugura A\u00f1o Parvulario 2022<\/strong><\/span><\/p>\n<div id=\"gtx-trans\" style=\"position: absolute; left: -50px; top: 4.31534px;\">\n<div class=\"gtx-trans-icon\"><\/div>\n<\/div>\n<\/div><\/section><\/div><div class=\"flex_column av_one_full  flex_column_div av-zero-column-padding first  avia-builder-el-4  el_after_av_one_full  el_before_av_hr  column-top-margin\" style='border-radius:0px; '><section class=\"av_textblock_section \"  itemscope=\"itemscope\" itemtype=\"https:\/\/schema.org\/BlogPosting\" itemprop=\"blogPost\" ><div class='avia_textblock  '   itemprop=\"text\" ><p style=\"text-align: justify;\">Este mi\u00e9rcoles 9 de marzo la directora regional de Fundaci\u00f3n Integra, Isabel Roncallo Fandi\u00f1o junto con diversas autoridades del sector Educaci\u00f3n inaugur\u00f3 el a\u00f1o parvulario en los jardines infantiles y salas cuna de Fundaci\u00f3n Integra 2022. La actividad se desarroll\u00f3 en el Jard\u00edn Infantil \u201cGotitas de Lluvia\u201d en la ribera sur de Puerto Ays\u00e9n en la que tambi\u00e9n particip\u00f3 el alcalde de Puerto Ays\u00e9n y representantes de la comunidad educativa.<\/p>\n<p style=\"text-align: justify;\">Tras un recorrido por las renovadas dependencias del establecimiento las autoridades oficializaron el retorno presencial para los cerca de 700 ni\u00f1os y ni\u00f1as de los m\u00e1s de 19 jardines infantiles de Fundaci\u00f3n Integra en la regi\u00f3n.<\/p>\n<p style=\"text-align: justify;\">En ese sentido, la directora regional de Fundaci\u00f3n Integra, Isabel Roncallo Fandi\u00f1o destaca la importancia de los jardines infantiles y salas cuna en el desarrollo pleno de los ni\u00f1os y c\u00f3mo estos espacios benefician directamente a quienes ah\u00ed participan.<\/p>\n<p style=\"text-align: justify;\">\u201cLa educaci\u00f3n inicial es mucho m\u00e1s que cuidado. Sabemos del impacto que tiene la correcta estimulaci\u00f3n en el desarrollo del cerebro durante los primeros seis a\u00f1os de vida. Por eso tenemos la tarea de convocar a los padres, madres y cuidadoras a que no desaprovechen esta gran oportunidad\u201d, enfatiz\u00f3 la directora regional.<\/p>\n<p style=\"text-align: justify;\">Por su parte, la directora regional de la Superintendencia de Educaci\u00f3n de Ays\u00e9n, Pamela Adriazola, una de las autoridades que participaron de este hito destac\u00f3 que \u201cvaloramos profundamente el esfuerzo y trabajo que han realizado los equipos educacionales durante este tiempo. Como Superintendencia de Educaci\u00f3n somos testigos de la preparaci\u00f3n que se ha hecho, elaborando protocolos y adoptando medidas de seguridad e higiene, para dar tranquilidad a las comunidades educativas y preparar los establecimientos educacionales en el retorno a clases presenciales. Como instituci\u00f3n continuaremos acompa\u00f1ando y fiscalizando que se cumplan las acciones que se deben llevar a cabo para la protecci\u00f3n de la salud de estudiantes, profesores, asistentes de la educaci\u00f3n y directivos\u201d.<\/p>\n<p style=\"text-align: justify;\">Es importante destacar que los jardines infantiles de Fundaci\u00f3n Integra cuentan con ambientes educativos enriquecidos y confortables, organizados con un sentido pedag\u00f3gico y de bienestar para favorecer el aprendizaje de ni\u00f1os y ni\u00f1as. Durante la jornada diaria, los p\u00e1rvulos y lactantes reciben una alimentaci\u00f3n equilibrada, sana, nutritiva y segura, a trav\u00e9s de un Programa Alimentario que se rige por la normativa del Ministerio de Salud y que incorpora desayuno, almuerzo y once, adem\u00e1s de una colaci\u00f3n para el Programa de Extensi\u00f3n Horaria.<\/p>\n<p style=\"text-align: justify;\">A la vez, la directora regional de Fundaci\u00f3n Integra se refiri\u00f3 a un estudio desarrollado por la instituci\u00f3n sobre el impacto en los niveles educativos despu\u00e9s de dos a\u00f1os de Pandemia en las que se evidencia un retroceso en el \u00e1rea de lenguaje y cognitivo \u201ces en ese sentido que queremos hacer extensiva la invitaci\u00f3n a todas las familias a que se acerquen a nuestros establecimientos y que conf\u00eden en nuestros equipos educativos y respecto de los beneficios de que ni\u00f1as y ni\u00f1os asistan a establecimientos educacionales de Primera Infancia\u201d.<\/p>\n<p style=\"text-align: justify;\">Integra pertenece a la Red de Fundaciones de la Presidencia de la Rep\u00fablica. Con 31 a\u00f1os de experiencia, cuenta con m\u00e1s de 1.230 salas cuna y jardines infantiles gratuitos a los que asisten m\u00e1s de 90 mil ni\u00f1os y ni\u00f1as en todo Chile.<\/p>\n<\/div><\/section><\/div><div  style='height:50px' class='hr hr-invisible   avia-builder-el-6  el_after_av_one_full  el_before_av_social_share '><span class='hr-inner ' ><span class='hr-inner-style'><\/span><\/span><\/div><\/p>\n<div  class='av-social-sharing-box  avia-builder-el-7  el_after_av_hr  el_before_av_hr  '><div class='av-share-box'><h5 class='av-share-link-description av-no-toc '>Compartir esta noticia<\/h5><ul class='av-share-box-list noLightbox'><li class='av-share-link av-social-link-facebook' ><a target=\"_blank\" aria-label=\"Compartir en Facebook\" href='https:\/\/www.facebook.com\/sharer.php?u=https:\/\/radiorevelacionfm.cl\/?p=14505&#038;t=Fundaci%C3%B3n%20Integra%20inaugura%20A%C3%B1o%20Parvulario%202022' aria-hidden='false' data-av_icon='\ue8f3' data-av_iconfont='entypo-fontello' title='' data-avia-related-tooltip='Compartir en Facebook' rel=\"noopener\"><span class='avia_hidden_link_text'>Compartir en Facebook<\/span><\/a><\/li><li class='av-share-link av-social-link-twitter' ><a target=\"_blank\" aria-label=\"Compartir en Twitter\" href='https:\/\/twitter.com\/share?text=Fundaci%C3%B3n%20Integra%20inaugura%20A%C3%B1o%20Parvulario%202022&#038;url=https:\/\/radiorevelacionfm.cl\/?p=14505' aria-hidden='false' data-av_icon='\ue8f1' data-av_iconfont='entypo-fontello' title='' data-avia-related-tooltip='Compartir en Twitter' rel=\"noopener\"><span class='avia_hidden_link_text'>Compartir en Twitter<\/span><\/a><\/li><li class='av-share-link av-social-link-whatsapp' ><a target=\"_blank\" aria-label=\"Compartir en Whatsapp\" href='https:\/\/api.whatsapp.com\/send?text=https:\/\/radiorevelacionfm.cl\/?p=14505' aria-hidden='false' data-av_icon='\uf232' data-av_iconfont='entypo-fontello' title='' data-avia-related-tooltip='Compartir en Whatsapp' rel=\"noopener\"><span class='avia_hidden_link_text'>Compartir en Whatsapp<\/span><\/a><\/li><li class='av-share-link av-social-link-linkedin' ><a target=\"_blank\" aria-label=\"Compartir en LinkedIn\" href='https:\/\/linkedin.com\/shareArticle?mini=true&#038;title=Fundaci%C3%B3n%20Integra%20inaugura%20A%C3%B1o%20Parvulario%202022&#038;url=https:\/\/radiorevelacionfm.cl\/?p=14505' aria-hidden='false' data-av_icon='\ue8fc' data-av_iconfont='entypo-fontello' title='' data-avia-related-tooltip='Compartir en LinkedIn' rel=\"noopener\"><span class='avia_hidden_link_text'>Compartir en LinkedIn<\/span><\/a><\/li><li class='av-share-link av-social-link-mail' ><a  aria-label=\"Compartir por correo\" href='mailto:?subject=Fundaci%C3%B3n%20Integra%20inaugura%20A%C3%B1o%20Parvulario%202022&#038;body=https:\/\/radiorevelacionfm.cl\/?p=14505' aria-hidden='false' data-av_icon='\ue805' data-av_iconfont='entypo-fontello' title='' data-avia-related-tooltip='Compartir por correo'><span class='avia_hidden_link_text'>Compartir por correo<\/span><\/a><\/li><\/ul><\/div><\/div>\n<div  style='height:50px' class='hr hr-invisible   avia-builder-el-8  el_after_av_social_share  el_before_av_comments_list '><span class='hr-inner ' ><span class='hr-inner-style'><\/span><\/span><\/div>\n<div  class='av-buildercomment  av-blog-meta-html-info-disabled av-blog-meta-tag-disabled  '><\/div>\n","protected":false},"excerpt":{"rendered":"","protected":false},"author":1,"featured_media":14506,"comment_status":"open","ping_status":"open","sticky":false,"template":"","format":"standard","meta":{"footnotes":""},"categories":[49],"tags":[],"class_list":["post-14505","post","type-post","status-publish","format-standard","has-post-thumbnail","hentry","category-educacion"],"jetpack_featured_media_url":"https:\/\/radiorevelacionfm.cl\/wp-content\/uploads\/2022\/03\/5-3-2-2.jpeg","_links":{"self":[{"href":"https:\/\/radiorevelacionfm.cl\/index.php?rest_route=\/wp\/v2\/posts\/14505","targetHints":{"allow":["GET"]}}],"collection":[{"href":"https:\/\/radiorevelacionfm.cl\/index.php?rest_route=\/wp\/v2\/posts"}],"about":[{"href":"https:\/\/radiorevelacionfm.cl\/index.php?rest_route=\/wp\/v2\/types\/post"}],"author":[{"embeddable":true,"href":"https:\/\/radiorevelacionfm.cl\/index.php?rest_route=\/wp\/v2\/users\/1"}],"replies":[{"embeddable":true,"href":"https:\/\/radiorevelacionfm.cl\/index.php?rest_route=%2Fwp%2Fv2%2Fcomments&post=14505"}],"version-history":[{"count":2,"href":"https:\/\/radiorevelacionfm.cl\/index.php?rest_route=\/wp\/v2\/posts\/14505\/revisions"}],"predecessor-version":[{"id":14530,"href":"https:\/\/radiorevelacionfm.cl\/index.php?rest_route=\/wp\/v2\/posts\/14505\/revisions\/14530"}],"wp:featuredmedia":[{"embeddable":true,"href":"https:\/\/radiorevelacionfm.cl\/index.php?rest_route=\/wp\/v2\/media\/14506"}],"wp:attachment":[{"href":"https:\/\/radiorevelacionfm.cl\/index.php?rest_route=%2Fwp%2Fv2%2Fmedia&parent=14505"}],"wp:term":[{"taxonomy":"category","embeddable":true,"href":"https:\/\/radiorevelacionfm.cl\/index.php?rest_route=%2Fwp%2Fv2%2Fcategories&post=14505"},{"taxonomy":"post_tag","embeddable":true,"href":"https:\/\/radiorevelacionfm.cl\/index.php?rest_route=%2Fwp%2Fv2%2Ftags&post=14505"}],"curies":[{"name":"wp","href":"https:\/\/api.w.org\/{rel}","templated":true}]}}