{"id":14501,"date":"2022-03-10T21:49:20","date_gmt":"2022-03-11T00:49:20","guid":{"rendered":"https:\/\/radiorevelacionfm.cl\/?p=14501"},"modified":"2022-03-10T21:49:20","modified_gmt":"2022-03-11T00:49:20","slug":"actividad-por-mas-mujeres-como-tu-da-inicio-a-programacion-conmemorativa-en-comuna-de-aysen","status":"publish","type":"post","link":"https:\/\/radiorevelacionfm.cl\/?p=14501","title":{"rendered":"Actividad \u201cPor m\u00e1s mujeres como t\u00fa\u201d da inicio a programaci\u00f3n conmemorativa en comuna de Ays\u00e9n"},"content":{"rendered":"<div class=\"flex_column av_one_full  flex_column_div av-zero-column-padding first  avia-builder-el-0  el_before_av_one_full  avia-builder-el-first  \" style='border-radius:0px; '><div  class='avia-image-container  av-styling-    avia-builder-el-1  avia-builder-el-no-sibling  avia-align-center '  itemprop=\"image\" itemscope=\"itemscope\" itemtype=\"https:\/\/schema.org\/ImageObject\"  ><div class='avia-image-container-inner'><div class='avia-image-overlay-wrap'><img decoding=\"async\" class='wp-image-14502 avia-img-lazy-loading-not-14502 avia_image' src=\"https:\/\/radiorevelacionfm.cl\/wp-content\/uploads\/2022\/03\/foto-3-por-mas-mujeres-como-tu-2_optimized.jpg\" alt='' title='foto-3---por-m\u00e1s-mujeres-como-t\u00fa-2_optimized' height=\"600\" width=\"900\"  itemprop=\"thumbnailUrl\" srcset=\"https:\/\/radiorevelacionfm.cl\/wp-content\/uploads\/2022\/03\/foto-3-por-mas-mujeres-como-tu-2_optimized.jpg 900w, https:\/\/radiorevelacionfm.cl\/wp-content\/uploads\/2022\/03\/foto-3-por-mas-mujeres-como-tu-2_optimized-300x200.jpg 300w, https:\/\/radiorevelacionfm.cl\/wp-content\/uploads\/2022\/03\/foto-3-por-mas-mujeres-como-tu-2_optimized-768x512.jpg 768w, https:\/\/radiorevelacionfm.cl\/wp-content\/uploads\/2022\/03\/foto-3-por-mas-mujeres-como-tu-2_optimized-705x470.jpg 705w, https:\/\/radiorevelacionfm.cl\/wp-content\/uploads\/2022\/03\/foto-3-por-mas-mujeres-como-tu-2_optimized-600x400.jpg 600w\" sizes=\"(max-width: 900px) 100vw, 900px\" \/><\/div><\/div><\/div><\/div><div class=\"flex_column av_one_full  flex_column_div av-zero-column-padding first  avia-builder-el-2  el_after_av_one_full  el_before_av_one_full  column-top-margin\" style='border-radius:0px; '><section class=\"av_textblock_section \"  itemscope=\"itemscope\" itemtype=\"https:\/\/schema.org\/BlogPosting\" itemprop=\"blogPost\" ><div class='avia_textblock  '   itemprop=\"text\" ><p style=\"text-align: center;\"><span style=\"font-size: 18pt;\"><strong>Actividad \u201cPor m\u00e1s mujeres como t\u00fa\u201d da inicio a programaci\u00f3n conmemorativa en comuna de Ays\u00e9n <\/strong><\/span><\/p>\n<div id=\"gtx-trans\" style=\"position: absolute; left: -50px; top: 4.31534px;\">\n<div class=\"gtx-trans-icon\"><\/div>\n<\/div>\n<\/div><\/section><\/div><div class=\"flex_column av_one_full  flex_column_div av-zero-column-padding first  avia-builder-el-4  el_after_av_one_full  el_before_av_hr  column-top-margin\" style='border-radius:0px; '><section class=\"av_textblock_section \"  itemscope=\"itemscope\" itemtype=\"https:\/\/schema.org\/BlogPosting\" itemprop=\"blogPost\" ><div class='avia_textblock  '   itemprop=\"text\" ><p style=\"text-align: justify;\">En el marco del D\u00eda Internacional de la Mujer, que moviliz\u00f3 a todo el territorio y convulsion\u00f3 los puntos neur\u00e1lgicos, el Centro de la Mujer y la Unidad de Cultura de la Municipalidad de Ays\u00e9n, programaron durante todo marzo actividades art\u00edsticas y jornadas de encuentro con el objetivo de conmemorar la fecha y recordar su origen.<\/p>\n<p style=\"text-align: justify;\">Denominado \u201cPor m\u00e1s mujeres como t\u00fa\u201d, el hito que abri\u00f3 la cartelera y que fue parte de la intervenci\u00f3n p\u00fablica \u201cMujeres maravillosas\u201d en los locales de Sargento Aldea, cont\u00f3 con la participaci\u00f3n de Celeste Anacleta, Naara Andariega, Angelina Sandoval y el grupo juvenil de baile Blackberry, adem\u00e1s de la asistencia de autoridades municipales y regionales.<\/p>\n<p style=\"text-align: justify;\">Leslie Bruna, encargada Territorial de Prevenci\u00f3n del Centro de la Mujer, indic\u00f3 que la actividad \u201cnace a ra\u00edz de la necesidad de alzar la voz<strong>, <\/strong>de que las mujeres sepan en casa que no est\u00e1n sola\u201d. A lo que se a\u00f1ade la conmemoraci\u00f3n hist\u00f3rica de movimientos organizados por trabajadoras a finales del siglo XIX para ejercer derechos como el sufragio universal, el acceso a la educaci\u00f3n, la protecci\u00f3n legal del trabajo, especialmente para embarazadas o con ni\u00f1os peque\u00f1os, as\u00ed como la igualdad salarial del trabajo sin distinci\u00f3n entre mujeres y hombres.<\/p>\n<p style=\"text-align: justify;\">En ese tenor, desde la organizaci\u00f3n aclararon que no es un encuentro para celebrar, sino para conmemorar a las mujeres \u201cque lucharon para que hoy podamos estar posicionadas en estos espacios p\u00fablicos con la libertad de expresarnos, de ser mujeres libres\u201d. Al alero de esa antesala, Andariega que dio el inicio a \u201cPor m\u00e1s mujeres como t\u00fa\u201d, resalt\u00f3 el tes\u00f3n de las ayseninas para reunirse a pesar del fr\u00edo y la lluvia, as\u00ed como la emancipaci\u00f3n de las mujeres en las artes desde el rol creador.<\/p>\n<p style=\"text-align: justify;\">\u201cEs un d\u00eda que compete concentraci\u00f3n, de hablar de temas \u00e1lgidos, de seguir poniendo el eje en que la lucha est\u00e1 viva. Es dif\u00edcil, es dura, no la queremos romantizar\u201d, puntualiz\u00f3 la artista haciendo el llamado al resto de trabajadoras de la cultura y mujeres. \u201cNosotras ya no queremos seguir siendo musas, queremos que nuestra voz que ha estado tanto tiempo relegada se escuche desde los m\u00e1rgenes, desde las disidencias no para incluirnos en un sistema que nos ningunea, sino para quebrarlo y abrir espacios nuevos\u201d.<\/p>\n<p style=\"text-align: justify;\">Por otra parte, la m\u00e1xima autoridad de la casa edilicia se\u00f1al\u00f3 que la actual administraci\u00f3n quiso hacer algo diferente. \u201cQueremos darle vida a nuestra plaza independiente de las condiciones clim\u00e1ticas y hoy reconocer a tanta mujer que hizo patria en nuestra comuna\u201d, as\u00ed como reafirmar el apoyo del municipio para las diferentes iniciativas. \u201cEsto lo estamos haciendo en la cultura, en el deporte, en la protecci\u00f3n de la mujer a trav\u00e9s de la Oficina de la Mujer, tambi\u00e9n en aspectos laborales, donde tenemos nuestros programas\u201d, sostuvo.<\/p>\n<p style=\"text-align: justify;\"><strong>Mujeres maravillosas<\/strong><\/p>\n<p style=\"text-align: justify;\">Una de las intervenciones viralizadas no s\u00f3lo a nivel local, sino tambi\u00e9n en provincias colindantes, fue la que se tom\u00f3 las vitrinas de Sargento Aldea, donde es posible leer \u201cAqu\u00ed trabajan mujeres maravillosas\u201d junto a nombres como \u201cFabiana Figueroa, Margarita Poblete, Marta Gonz\u00e1lez\u201d, entre otros. La idea rupturista que llev\u00f3 a coordinar varias unidades municipales es un acto de reconocimiento que visibiliz\u00f3 la fuerza femenina en la esfera p\u00fablica desde los escaparates.<\/p>\n<p style=\"text-align: justify;\">M\u00e1s de 140 carteles componen el paisaje urbano, vi\u00e9ndose incluso en transporte motorizado. \u201cLa intervenci\u00f3n es buena. Hay que romper los espacios hegem\u00f3nicos de habitar el mundo y comenzar a pensar nuevos lenguajes y maneras de incidencias dentro de los cuales me parece fant\u00e1stica la intervenci\u00f3n, es una muestra de valor a la fuerza de trabajo femenino\u201d, manifest\u00f3 Andariega.<\/p>\n<p style=\"text-align: justify;\">Desde la Municipalidad de Ays\u00e9n, explicaron que se escogi\u00f3 la calle por el alto aflujo peatonal y vehicular. En tanto, Bruna enfatiz\u00f3 que, si bien se han alcanzado demandas, a\u00fan quedan pr\u00e1cticas por erradicar. \u201cDebemos cambiar los patrones socioculturales que existen, donde nos dicen que solamente cumplimos una labor desde el \u00e1mbito m\u00e1s privado, donde tenemos que ser madres para ser mujeres y no es as\u00ed, porque se mujer es ser libre, es tener la posibilidad de expresarnos con dignidad y tambi\u00e9n ser libres en todos los espacios que se encuentran disponibles en esta sociedad, tener los mismos derechos y garant\u00edas que tienen los hombres\u201d.<\/p>\n<p style=\"text-align: justify;\"><strong>Programaci\u00f3n <\/strong><\/p>\n<p style=\"text-align: justify;\"><strong>Por m\u00e1s mujeres como t\u00fa<br \/>\n<\/strong>Martes 9 de marzo, 16:00 horas<br \/>\nPlaza de Armas de Puerto Ays\u00e9n<\/p>\n<p style=\"text-align: justify;\"><strong>Mujeres en la historia: habitar los oficios poco tradicionales<br \/>\n<\/strong>Mi\u00e9rcoles 10 de marzo, 15:00 horas<br \/>\nBiblioteca P\u00fablica de Puerto Ays\u00e9n<\/p>\n<p style=\"text-align: justify;\"><strong>Conversatorio sobre el abordaje de la violencia de g\u00e9nero<\/strong><br \/>\nViernes 11 de marzo, 16:00 horas<br \/>\nCasa de la Cultura<\/p>\n<p style=\"text-align: justify;\"><strong>Campeonato de baby-f\u00fatbol mujeres<\/strong><br \/>\nS\u00e1bado 26 y domingo 27 de marzo<br \/>\nLugar y hora por definir<\/p>\n<p style=\"text-align: justify;\">M\u00e1s informaci\u00f3n en www.puertoaysen.cl<\/p>\n<\/div><\/section><\/div><div  style='height:50px' class='hr hr-invisible   avia-builder-el-6  el_after_av_one_full  el_before_av_social_share '><span class='hr-inner ' ><span class='hr-inner-style'><\/span><\/span><\/div><\/p>\n<div  class='av-social-sharing-box  avia-builder-el-7  el_after_av_hr  el_before_av_hr  '><div class='av-share-box'><h5 class='av-share-link-description av-no-toc '>Compartir esta noticia<\/h5><ul class='av-share-box-list noLightbox'><li class='av-share-link av-social-link-facebook' ><a target=\"_blank\" aria-label=\"Compartir en Facebook\" href='https:\/\/www.facebook.com\/sharer.php?u=https:\/\/radiorevelacionfm.cl\/?p=14501&#038;t=Actividad%20%E2%80%9CPor%20m%C3%A1s%20mujeres%20como%20t%C3%BA%E2%80%9D%20da%20inicio%20a%20programaci%C3%B3n%20conmemorativa%20en%20comuna%20de%20Ays%C3%A9n' aria-hidden='false' data-av_icon='\ue8f3' data-av_iconfont='entypo-fontello' title='' data-avia-related-tooltip='Compartir en Facebook' rel=\"noopener\"><span class='avia_hidden_link_text'>Compartir en Facebook<\/span><\/a><\/li><li class='av-share-link av-social-link-twitter' ><a target=\"_blank\" aria-label=\"Compartir en Twitter\" href='https:\/\/twitter.com\/share?text=Actividad%20%E2%80%9CPor%20m%C3%A1s%20mujeres%20como%20t%C3%BA%E2%80%9D%20da%20inicio%20a%20programaci%C3%B3n%20conmemorativa%20en%20comuna%20de%20Ays%C3%A9n&#038;url=https:\/\/radiorevelacionfm.cl\/?p=14501' aria-hidden='false' data-av_icon='\ue8f1' data-av_iconfont='entypo-fontello' title='' data-avia-related-tooltip='Compartir en Twitter' rel=\"noopener\"><span class='avia_hidden_link_text'>Compartir en Twitter<\/span><\/a><\/li><li class='av-share-link av-social-link-whatsapp' ><a target=\"_blank\" aria-label=\"Compartir en Whatsapp\" href='https:\/\/api.whatsapp.com\/send?text=https:\/\/radiorevelacionfm.cl\/?p=14501' aria-hidden='false' data-av_icon='\uf232' data-av_iconfont='entypo-fontello' title='' data-avia-related-tooltip='Compartir en Whatsapp' rel=\"noopener\"><span class='avia_hidden_link_text'>Compartir en Whatsapp<\/span><\/a><\/li><li class='av-share-link av-social-link-linkedin' ><a target=\"_blank\" aria-label=\"Compartir en LinkedIn\" href='https:\/\/linkedin.com\/shareArticle?mini=true&#038;title=Actividad%20%E2%80%9CPor%20m%C3%A1s%20mujeres%20como%20t%C3%BA%E2%80%9D%20da%20inicio%20a%20programaci%C3%B3n%20conmemorativa%20en%20comuna%20de%20Ays%C3%A9n&#038;url=https:\/\/radiorevelacionfm.cl\/?p=14501' aria-hidden='false' data-av_icon='\ue8fc' data-av_iconfont='entypo-fontello' title='' data-avia-related-tooltip='Compartir en LinkedIn' rel=\"noopener\"><span class='avia_hidden_link_text'>Compartir en LinkedIn<\/span><\/a><\/li><li class='av-share-link av-social-link-mail' ><a  aria-label=\"Compartir por correo\" href='mailto:?subject=Actividad%20%E2%80%9CPor%20m%C3%A1s%20mujeres%20como%20t%C3%BA%E2%80%9D%20da%20inicio%20a%20programaci%C3%B3n%20conmemorativa%20en%20comuna%20de%20Ays%C3%A9n&#038;body=https:\/\/radiorevelacionfm.cl\/?p=14501' aria-hidden='false' data-av_icon='\ue805' data-av_iconfont='entypo-fontello' title='' data-avia-related-tooltip='Compartir por correo'><span class='avia_hidden_link_text'>Compartir por correo<\/span><\/a><\/li><\/ul><\/div><\/div>\n<div  style='height:50px' class='hr hr-invisible   avia-builder-el-8  el_after_av_social_share  el_before_av_comments_list '><span class='hr-inner ' ><span class='hr-inner-style'><\/span><\/span><\/div>\n<div  class='av-buildercomment  av-blog-meta-html-info-disabled av-blog-meta-tag-disabled  '><\/div>\n","protected":false},"excerpt":{"rendered":"","protected":false},"author":1,"featured_media":14502,"comment_status":"open","ping_status":"open","sticky":false,"template":"","format":"standard","meta":{"footnotes":""},"categories":[38],"tags":[],"class_list":["post-14501","post","type-post","status-publish","format-standard","has-post-thumbnail","hentry","category-regional"],"jetpack_featured_media_url":"https:\/\/radiorevelacionfm.cl\/wp-content\/uploads\/2022\/03\/foto-3-por-mas-mujeres-como-tu-2_optimized.jpg","_links":{"self":[{"href":"https:\/\/radiorevelacionfm.cl\/index.php?rest_route=\/wp\/v2\/posts\/14501","targetHints":{"allow":["GET"]}}],"collection":[{"href":"https:\/\/radiorevelacionfm.cl\/index.php?rest_route=\/wp\/v2\/posts"}],"about":[{"href":"https:\/\/radiorevelacionfm.cl\/index.php?rest_route=\/wp\/v2\/types\/post"}],"author":[{"embeddable":true,"href":"https:\/\/radiorevelacionfm.cl\/index.php?rest_route=\/wp\/v2\/users\/1"}],"replies":[{"embeddable":true,"href":"https:\/\/radiorevelacionfm.cl\/index.php?rest_route=%2Fwp%2Fv2%2Fcomments&post=14501"}],"version-history":[{"count":2,"href":"https:\/\/radiorevelacionfm.cl\/index.php?rest_route=\/wp\/v2\/posts\/14501\/revisions"}],"predecessor-version":[{"id":14504,"href":"https:\/\/radiorevelacionfm.cl\/index.php?rest_route=\/wp\/v2\/posts\/14501\/revisions\/14504"}],"wp:featuredmedia":[{"embeddable":true,"href":"https:\/\/radiorevelacionfm.cl\/index.php?rest_route=\/wp\/v2\/media\/14502"}],"wp:attachment":[{"href":"https:\/\/radiorevelacionfm.cl\/index.php?rest_route=%2Fwp%2Fv2%2Fmedia&parent=14501"}],"wp:term":[{"taxonomy":"category","embeddable":true,"href":"https:\/\/radiorevelacionfm.cl\/index.php?rest_route=%2Fwp%2Fv2%2Fcategories&post=14501"},{"taxonomy":"post_tag","embeddable":true,"href":"https:\/\/radiorevelacionfm.cl\/index.php?rest_route=%2Fwp%2Fv2%2Ftags&post=14501"}],"curies":[{"name":"wp","href":"https:\/\/api.w.org\/{rel}","templated":true}]}}