{"id":14497,"date":"2022-03-10T21:27:48","date_gmt":"2022-03-11T00:27:48","guid":{"rendered":"https:\/\/radiorevelacionfm.cl\/?p=14497"},"modified":"2022-03-10T21:27:48","modified_gmt":"2022-03-11T00:27:48","slug":"vecinos-de-raul-marin-dialogaron-con-alcalde-y-concejales-en-torno-a-temas-prioritarios-de-la-localidad","status":"publish","type":"post","link":"https:\/\/radiorevelacionfm.cl\/?p=14497","title":{"rendered":"Vecinos de Ra\u00fal Mar\u00edn dialogaron con Alcalde y Concejales en torno a temas prioritarios de la localidad"},"content":{"rendered":"<div class=\"flex_column av_one_full  flex_column_div av-zero-column-padding first  avia-builder-el-0  el_before_av_one_full  avia-builder-el-first  \" style='border-radius:0px; '><div  class='avia-image-container  av-styling-    avia-builder-el-1  avia-builder-el-no-sibling  avia-align-center '  itemprop=\"image\" itemscope=\"itemscope\" itemtype=\"https:\/\/schema.org\/ImageObject\"  ><div class='avia-image-container-inner'><div class='avia-image-overlay-wrap'><img decoding=\"async\" class='wp-image-14498 avia-img-lazy-loading-not-14498 avia_image' src=\"https:\/\/radiorevelacionfm.cl\/wp-content\/uploads\/2022\/03\/reunion-rmb-2-2_optimized.jpg\" alt='' title='reunion-rmb-2-2_optimized' height=\"600\" width=\"1067\"  itemprop=\"thumbnailUrl\" srcset=\"https:\/\/radiorevelacionfm.cl\/wp-content\/uploads\/2022\/03\/reunion-rmb-2-2_optimized.jpg 1067w, https:\/\/radiorevelacionfm.cl\/wp-content\/uploads\/2022\/03\/reunion-rmb-2-2_optimized-300x169.jpg 300w, https:\/\/radiorevelacionfm.cl\/wp-content\/uploads\/2022\/03\/reunion-rmb-2-2_optimized-1030x579.jpg 1030w, https:\/\/radiorevelacionfm.cl\/wp-content\/uploads\/2022\/03\/reunion-rmb-2-2_optimized-768x432.jpg 768w, https:\/\/radiorevelacionfm.cl\/wp-content\/uploads\/2022\/03\/reunion-rmb-2-2_optimized-705x396.jpg 705w, https:\/\/radiorevelacionfm.cl\/wp-content\/uploads\/2022\/03\/reunion-rmb-2-2_optimized-600x337.jpg 600w\" sizes=\"(max-width: 1067px) 100vw, 1067px\" \/><\/div><\/div><\/div><\/div><div class=\"flex_column av_one_full  flex_column_div av-zero-column-padding first  avia-builder-el-2  el_after_av_one_full  el_before_av_one_full  column-top-margin\" style='border-radius:0px; '><section class=\"av_textblock_section \"  itemscope=\"itemscope\" itemtype=\"https:\/\/schema.org\/BlogPosting\" itemprop=\"blogPost\" ><div class='avia_textblock  '   itemprop=\"text\" ><p style=\"text-align: center;\"><span style=\"font-size: 18pt;\"><strong>Vecinos de Ra\u00fal Mar\u00edn dialogaron con Alcalde y Concejales en torno a temas prioritarios de la localidad<\/strong><\/span><\/p>\n<div id=\"gtx-trans\" style=\"position: absolute; left: -50px; top: 4.31534px;\">\n<div class=\"gtx-trans-icon\"><\/div>\n<\/div>\n<\/div><\/section><\/div><div class=\"flex_column av_one_full  flex_column_div av-zero-column-padding first  avia-builder-el-4  el_after_av_one_full  el_before_av_hr  column-top-margin\" style='border-radius:0px; '><section class=\"av_textblock_section \"  itemscope=\"itemscope\" itemtype=\"https:\/\/schema.org\/BlogPosting\" itemprop=\"blogPost\" ><div class='avia_textblock  '   itemprop=\"text\" ><p style=\"text-align: justify;\">Fueron alrededor de cuatro horas de reuni\u00f3n entre el Alcalde, Francisco Roncagliolo, los Concejales Cristian Jaramillo, Ximena Ar\u00e9valo, Carlos Vald\u00e9s, Francisco Abarca y la comunidad de Puerto Ra\u00fal Mar\u00edn Balmaceda, encuentro en el que se abordaron diversas materias de inter\u00e9s local, teniendo como tema principal la contingencia el\u00e9ctrica ocurrida hace algunos d\u00edas en el sector.<\/p>\n<p style=\"text-align: justify;\">En la ocasi\u00f3n, tambi\u00e9n se explic\u00f3 por parte de la autoridad comunal, la tramitaci\u00f3n que sigue cada una de las iniciativas que consideran recursos p\u00fablicos.<\/p>\n<p style=\"text-align: justify;\">\u201cLamentablemente ninguna de las iniciativas es inmediata, ning\u00fan proyecto es algo que se pueda tener listo de un d\u00eda para otro, ac\u00e1 existen iniciativas que llevamos al menos tres a\u00f1os trabajando, una de ellas es la red el\u00e9ctrica. O sea, la soluci\u00f3n parche de tener un generador funcionando hoy d\u00eda, la soluci\u00f3n provisoria de tener dos generadores nuevos funcionando en un corto plazo m\u00e1s, sabiendo que, la soluci\u00f3n definitiva es el trazado y la l\u00ednea de La Junta a Ra\u00fal Mar\u00edn Balmaceda, es fundamental. Pero, este trabajo viene del 2019 que lo estamos llevando adelante\u201d.<\/p>\n<p style=\"text-align: justify;\">El Alcalde Roncagliolo, tuvo tambi\u00e9n la posibilidad de entregar detalles de algunas iniciativas que se siguen trabajando en bien de Puerto Ra\u00fal Mar\u00edn Balmaceda, como es el proyecto de un puente sobre el rio Palena.<\/p>\n<p style=\"text-align: justify;\">\u201cEl tema del puente sobre el rio Palena, es una situaci\u00f3n muy anhelada por la localidad y que nosotros desde que asumimos la administraci\u00f3n lo hemos llevado adelante, el a\u00f1o pasado reci\u00e9n se tuvo el RS de este proyecto para construcci\u00f3n, esperamos unos complementos que tiene que hacer Vialidad de algunos estudios y confiamos que esta proyecci\u00f3n el 2024 signifique estar construyendo el puente, tambi\u00e9n pedimos al nuevo Gobierno que asume, que lo priorice, como una iniciativa importante de conectividad. De esa misma forma hemos trabajado en otros temas como, los pavimentos participativos, los mejoramientos en la escuela de la localidad; la conexi\u00f3n digital, o sea, la fibra \u00f3ptica del sector, que tambi\u00e9n es un tema importante trasmitir hoy d\u00eda y decir que estamos trabajando en esas soluciones\u201d.<\/p>\n<p style=\"text-align: justify;\">La reuni\u00f3n entre los vecinos de Puerto Ra\u00fal Mar\u00edn Balmaceda y las autoridades comunales, fue la instancia para que la ciudadan\u00eda se interiorice de las gestiones que se est\u00e1n llevando a cabo en distintas \u00e1reas, logrando fijar acuerdos en pro del sector, a\u00f1adi\u00f3 el Alcalde.<\/p>\n<p style=\"text-align: justify;\">\u201cTambi\u00e9n hay otras cosas que, no son macro, pero son cosas de la comunidad que era muy importante poder conversar, ver la proyecci\u00f3n que vamos a tener con los vertederos, algunos temas relacionados al furg\u00f3n escolar y otras necesidades de la localidad que va creciendo. Por lo tanto, sus necesidades se van proyectando y van creciendo, pero claramente de esta reuni\u00f3n, saco muy buenas reflexiones de trabajo conjunto, colaborativo y con la mejor disposici\u00f3n para que todos sigamos adelante\u201d.<\/p>\n<p style=\"text-align: justify;\">Por su parte, la vecina de la localidad, Nathalie Brito, puso en valor la instancia de dialogo, donde la comunidad marinense pudo conocer en detalle las gestiones y proyectos que lleva adelante la Municipalidad de Cisnes.<\/p>\n<p style=\"text-align: justify;\">\u201cComo comunidad hab\u00edamos solicitado esta instancia, tanto por la contingencia que hab\u00edamos vivido con el tema de la electricidad, pero tambi\u00e9n as\u00ed con otros temas que son de urgencia. En ese sentido, nosotros agradecemos de que Alcalde y varios Concejales hayan podido venir y conversar de temas urgentes, necesarios, as\u00ed tambi\u00e9n, estamos un poco m\u00e1s claros de pasos, de procesos y creemos que a\u00fan quedan cosas por hacer. Todav\u00eda quedan varias cosas, por lo menos estamos m\u00e1s claros, se establecieron varios compromisos, donde nosotros como comunidad vamos a estar al tanto\u201d.<\/p>\n<p style=\"text-align: justify;\">El presidente del comit\u00e9 de agua y luz rural de Puerto Ra\u00fal Mar\u00edn Balmaceda, Milton Lopendia, relev\u00f3 la instancia de conversaci\u00f3n con la autoridad, donde se pudo conocer en detalle los avances en iniciativas que preocupaban a la comunidad.<\/p>\n<p style=\"text-align: justify;\">\u201cDespu\u00e9s de una extensa reuni\u00f3n, podemos quedar tranquilos, que por lo menos se logr\u00f3 gran parte de las soluciones, tambi\u00e9n se est\u00e1n dando otras soluciones mucho m\u00e1s importantes que las que se entregaron hace algunos d\u00edas atr\u00e1s, estamos generando electricidad sin problemas en este minuto. Lo que se viene a futuro se ve prometedor, hay cosas que son de corto tiempo y otras que son de mayor tiempo en cuanto a electrificaci\u00f3n, estamos viendo el tema de generaci\u00f3n con dos motores nuevos, con un estanque de combustible, con otro tipo de abastecimiento y posteriormente lo que se viene en electrificaci\u00f3n desde La Junta. As\u00ed es que, la reuni\u00f3n bastante provechosa, yo creo que la comunidad va a estar m\u00e1s tranquila\u201d.<\/p>\n<p style=\"text-align: justify;\">Fueron alrededor de cuatro horas de reuni\u00f3n, donde prim\u00f3 el respeto y el dialogo por, sobre todo, la comunidad particip\u00f3 activamente, resolvi\u00f3 sus dudas y pudo escuchar con claridad las respuestas que entreg\u00f3 el Alcalde Francisco Roncagliolo.<\/p>\n<p style=\"text-align: justify;\">Todo lo tratado, las intervenciones y acuerdos a los que se lleg\u00f3 entre autoridades y comunidad, se plasm\u00f3 en un documento que lo firmaron los dirigentes de Puerto Ra\u00fal Mar\u00edn Balmaceda, el Alcalde de la comuna de Cisnes y los Concejales que estuvieron presentes en el encuentro.<\/p>\n<\/div><\/section><\/div><div  style='height:50px' class='hr hr-invisible   avia-builder-el-6  el_after_av_one_full  el_before_av_social_share '><span class='hr-inner ' ><span class='hr-inner-style'><\/span><\/span><\/div><\/p>\n<div  class='av-social-sharing-box  avia-builder-el-7  el_after_av_hr  el_before_av_hr  '><div class='av-share-box'><h5 class='av-share-link-description av-no-toc '>Compartir esta noticia<\/h5><ul class='av-share-box-list noLightbox'><li class='av-share-link av-social-link-facebook' ><a target=\"_blank\" aria-label=\"Compartir en Facebook\" href='https:\/\/www.facebook.com\/sharer.php?u=https:\/\/radiorevelacionfm.cl\/?p=14497&#038;t=Vecinos%20de%20Ra%C3%BAl%20Mar%C3%ADn%20dialogaron%20con%20Alcalde%20y%20Concejales%20en%20torno%20a%20temas%20prioritarios%20de%20la%20localidad' aria-hidden='false' data-av_icon='\ue8f3' data-av_iconfont='entypo-fontello' title='' data-avia-related-tooltip='Compartir en Facebook' rel=\"noopener\"><span class='avia_hidden_link_text'>Compartir en Facebook<\/span><\/a><\/li><li class='av-share-link av-social-link-twitter' ><a target=\"_blank\" aria-label=\"Compartir en Twitter\" href='https:\/\/twitter.com\/share?text=Vecinos%20de%20Ra%C3%BAl%20Mar%C3%ADn%20dialogaron%20con%20Alcalde%20y%20Concejales%20en%20torno%20a%20temas%20prioritarios%20de%20la%20localidad&#038;url=https:\/\/radiorevelacionfm.cl\/?p=14497' aria-hidden='false' data-av_icon='\ue8f1' data-av_iconfont='entypo-fontello' title='' data-avia-related-tooltip='Compartir en Twitter' rel=\"noopener\"><span class='avia_hidden_link_text'>Compartir en Twitter<\/span><\/a><\/li><li class='av-share-link av-social-link-whatsapp' ><a target=\"_blank\" aria-label=\"Compartir en Whatsapp\" href='https:\/\/api.whatsapp.com\/send?text=https:\/\/radiorevelacionfm.cl\/?p=14497' aria-hidden='false' data-av_icon='\uf232' data-av_iconfont='entypo-fontello' title='' data-avia-related-tooltip='Compartir en Whatsapp' rel=\"noopener\"><span class='avia_hidden_link_text'>Compartir en Whatsapp<\/span><\/a><\/li><li class='av-share-link av-social-link-linkedin' ><a target=\"_blank\" aria-label=\"Compartir en LinkedIn\" href='https:\/\/linkedin.com\/shareArticle?mini=true&#038;title=Vecinos%20de%20Ra%C3%BAl%20Mar%C3%ADn%20dialogaron%20con%20Alcalde%20y%20Concejales%20en%20torno%20a%20temas%20prioritarios%20de%20la%20localidad&#038;url=https:\/\/radiorevelacionfm.cl\/?p=14497' aria-hidden='false' data-av_icon='\ue8fc' data-av_iconfont='entypo-fontello' title='' data-avia-related-tooltip='Compartir en LinkedIn' rel=\"noopener\"><span class='avia_hidden_link_text'>Compartir en LinkedIn<\/span><\/a><\/li><li class='av-share-link av-social-link-mail' ><a  aria-label=\"Compartir por correo\" href='mailto:?subject=Vecinos%20de%20Ra%C3%BAl%20Mar%C3%ADn%20dialogaron%20con%20Alcalde%20y%20Concejales%20en%20torno%20a%20temas%20prioritarios%20de%20la%20localidad&#038;body=https:\/\/radiorevelacionfm.cl\/?p=14497' aria-hidden='false' data-av_icon='\ue805' data-av_iconfont='entypo-fontello' title='' data-avia-related-tooltip='Compartir por correo'><span class='avia_hidden_link_text'>Compartir por correo<\/span><\/a><\/li><\/ul><\/div><\/div>\n<div  style='height:50px' class='hr hr-invisible   avia-builder-el-8  el_after_av_social_share  el_before_av_comments_list '><span class='hr-inner ' ><span class='hr-inner-style'><\/span><\/span><\/div>\n<div  class='av-buildercomment  av-blog-meta-html-info-disabled av-blog-meta-tag-disabled  '><\/div>\n","protected":false},"excerpt":{"rendered":"","protected":false},"author":1,"featured_media":14498,"comment_status":"open","ping_status":"open","sticky":false,"template":"","format":"standard","meta":{"footnotes":""},"categories":[38],"tags":[],"class_list":["post-14497","post","type-post","status-publish","format-standard","has-post-thumbnail","hentry","category-regional"],"jetpack_featured_media_url":"https:\/\/radiorevelacionfm.cl\/wp-content\/uploads\/2022\/03\/reunion-rmb-2-2_optimized.jpg","_links":{"self":[{"href":"https:\/\/radiorevelacionfm.cl\/index.php?rest_route=\/wp\/v2\/posts\/14497","targetHints":{"allow":["GET"]}}],"collection":[{"href":"https:\/\/radiorevelacionfm.cl\/index.php?rest_route=\/wp\/v2\/posts"}],"about":[{"href":"https:\/\/radiorevelacionfm.cl\/index.php?rest_route=\/wp\/v2\/types\/post"}],"author":[{"embeddable":true,"href":"https:\/\/radiorevelacionfm.cl\/index.php?rest_route=\/wp\/v2\/users\/1"}],"replies":[{"embeddable":true,"href":"https:\/\/radiorevelacionfm.cl\/index.php?rest_route=%2Fwp%2Fv2%2Fcomments&post=14497"}],"version-history":[{"count":2,"href":"https:\/\/radiorevelacionfm.cl\/index.php?rest_route=\/wp\/v2\/posts\/14497\/revisions"}],"predecessor-version":[{"id":14500,"href":"https:\/\/radiorevelacionfm.cl\/index.php?rest_route=\/wp\/v2\/posts\/14497\/revisions\/14500"}],"wp:featuredmedia":[{"embeddable":true,"href":"https:\/\/radiorevelacionfm.cl\/index.php?rest_route=\/wp\/v2\/media\/14498"}],"wp:attachment":[{"href":"https:\/\/radiorevelacionfm.cl\/index.php?rest_route=%2Fwp%2Fv2%2Fmedia&parent=14497"}],"wp:term":[{"taxonomy":"category","embeddable":true,"href":"https:\/\/radiorevelacionfm.cl\/index.php?rest_route=%2Fwp%2Fv2%2Fcategories&post=14497"},{"taxonomy":"post_tag","embeddable":true,"href":"https:\/\/radiorevelacionfm.cl\/index.php?rest_route=%2Fwp%2Fv2%2Ftags&post=14497"}],"curies":[{"name":"wp","href":"https:\/\/api.w.org\/{rel}","templated":true}]}}