{"id":14493,"date":"2022-03-10T20:57:32","date_gmt":"2022-03-10T23:57:32","guid":{"rendered":"https:\/\/radiorevelacionfm.cl\/?p=14493"},"modified":"2022-03-10T20:57:32","modified_gmt":"2022-03-10T23:57:32","slug":"intensa-busqueda-para-dar-con-paradero-de-sujeto-por-homicidio-frustrado-en-contra-del-personal-de-carabineros","status":"publish","type":"post","link":"https:\/\/radiorevelacionfm.cl\/?p=14493","title":{"rendered":"Intensa b\u00fasqueda para dar con paradero de sujeto por homicidio frustrado en contra del personal de Carabineros"},"content":{"rendered":"<div class=\"flex_column av_one_full  flex_column_div av-zero-column-padding first  avia-builder-el-0  el_before_av_one_full  avia-builder-el-first  \" style='border-radius:0px; '><div  class='avia-image-container  av-styling-    avia-builder-el-1  avia-builder-el-no-sibling  avia-align-center '  itemprop=\"image\" itemscope=\"itemscope\" itemtype=\"https:\/\/schema.org\/ImageObject\"  ><div class='avia-image-container-inner'><div class='avia-image-overlay-wrap'><img decoding=\"async\" class='wp-image-14494 avia-img-lazy-loading-not-14494 avia_image' src=\"https:\/\/radiorevelacionfm.cl\/wp-content\/uploads\/2022\/03\/183e368c-23b6-4b20-b832-5e46f4817ea4-2_optimized.jpg\" alt='' title='183e368c-23b6-4b20-b832-5e46f4817ea4-2_optimized' height=\"600\" width=\"1189\"  itemprop=\"thumbnailUrl\" srcset=\"https:\/\/radiorevelacionfm.cl\/wp-content\/uploads\/2022\/03\/183e368c-23b6-4b20-b832-5e46f4817ea4-2_optimized.jpg 1189w, https:\/\/radiorevelacionfm.cl\/wp-content\/uploads\/2022\/03\/183e368c-23b6-4b20-b832-5e46f4817ea4-2_optimized-300x151.jpg 300w, https:\/\/radiorevelacionfm.cl\/wp-content\/uploads\/2022\/03\/183e368c-23b6-4b20-b832-5e46f4817ea4-2_optimized-1030x520.jpg 1030w, https:\/\/radiorevelacionfm.cl\/wp-content\/uploads\/2022\/03\/183e368c-23b6-4b20-b832-5e46f4817ea4-2_optimized-768x388.jpg 768w, https:\/\/radiorevelacionfm.cl\/wp-content\/uploads\/2022\/03\/183e368c-23b6-4b20-b832-5e46f4817ea4-2_optimized-705x356.jpg 705w, https:\/\/radiorevelacionfm.cl\/wp-content\/uploads\/2022\/03\/183e368c-23b6-4b20-b832-5e46f4817ea4-2_optimized-600x303.jpg 600w\" sizes=\"(max-width: 1189px) 100vw, 1189px\" \/><\/div><\/div><\/div><\/div><div class=\"flex_column av_one_full  flex_column_div av-zero-column-padding first  avia-builder-el-2  el_after_av_one_full  el_before_av_one_full  column-top-margin\" style='border-radius:0px; '><section class=\"av_textblock_section \"  itemscope=\"itemscope\" itemtype=\"https:\/\/schema.org\/BlogPosting\" itemprop=\"blogPost\" ><div class='avia_textblock  '   itemprop=\"text\" ><p style=\"text-align: center;\"><span style=\"font-size: 18pt;\"><strong>Intensa b\u00fasqueda para dar con paradero de sujeto por homicidio frustrado en contra del personal de Carabineros<\/strong><\/span><\/p>\n<div id=\"gtx-trans\" style=\"position: absolute; left: -50px; top: 4.31534px;\">\n<div class=\"gtx-trans-icon\"><\/div>\n<\/div>\n<\/div><\/section><\/div><div class=\"flex_column av_one_full  flex_column_div av-zero-column-padding first  avia-builder-el-4  el_after_av_one_full  el_before_av_hr  column-top-margin\" style='border-radius:0px; '><section class=\"av_textblock_section \"  itemscope=\"itemscope\" itemtype=\"https:\/\/schema.org\/BlogPosting\" itemprop=\"blogPost\" ><div class='avia_textblock  '   itemprop=\"text\" ><p class=\"v1MsoNormal\" style=\"text-align: justify;\">M\u00faltiples diligencias a trav\u00e9s de equipos especializados se encuentra desarrollando Carabineros de Coyhaique \u2013en coordinaci\u00f3n con la Fiscal\u00eda- con la finalidad de dar con el paradero de un conductor quien tras huir del personal, habr\u00eda percutado al menos un disparo en contra de motoristas de la Instituci\u00f3n.<\/p>\n<p class=\"v1MsoNormal\" style=\"text-align: justify;\">Seg\u00fan indic\u00f3 el jefe de la 1ra. Comisar\u00eda de esta ciudad, Mayor Franco Herrera Quezada, el hecho se registr\u00f3 alrededor de las 19:00 horas del mi\u00e9rcoles, en circunstancias en que el personal realizaba un patrullaje preventivo en los alrededores del estadio regional, instante en que se percataron de la presencia de un sujeto a bordo de un veh\u00edculo menor, el cual al proceder a su fiscalizaci\u00f3n \u2013en virtud de una prohibici\u00f3n que mantiene de conducir- se dio a la fuga, seguimiento que culmin\u00f3 en el balneario \u00abLos Chochos\u00bb, en las inmediaciones del cementerio municipal de esta ciudad.<\/p>\n<p class=\"v1MsoNormal\" style=\"text-align: justify;\">\u00abEste sujeto al descender del veh\u00edculo, cruza el r\u00edo Coyhaique, comienza a efectuar disparos en contra del personal policial, esa situaci\u00f3n ocasion\u00f3 que los funcionarios -en primera instancia- tuvieran que parapetarse y luego de ello repeler este ataque con armas de fuego del servicio\u00bb, indic\u00f3 el Oficial.<\/p>\n<p class=\"v1MsoNormal\" style=\"text-align: justify;\">Tras lo anterior, el individuo se dio a la fuga siendo desarrollado un operativo por parte de Carabineros en el sector, tareas que hasta el cierre de esta edici\u00f3n contin\u00faan en desarrollo con la finalidad de dar con su paradero.<\/p>\n<p class=\"v1MsoNormal\" style=\"text-align: justify;\">A consecuencia de lo anterior, no se registraron carabineros ni civiles lesionados, situaci\u00f3n que fue informada a la Fiscal\u00eda, siendo dispuestos los peritajes al Laboratorio de Criminal\u00edstica institucional (Labocar) con la finalidad de desarrollar el trabajo del sitio del suceso.<\/p>\n<p class=\"v1MsoNormal\" style=\"text-align: justify;\">Previamente, el sujeto viajaba a bordo del veh\u00edculo en compa\u00f1\u00eda de otras dos personas, entre quienes se encuentra una mujer y un ciudadano extranjero de nacionalidad dominicana, los cuales tras las diligencias efectuadas se estableci\u00f3 que no tendr\u00edan relaci\u00f3n con el hecho investigado, siendo puestos en libertad.<\/p>\n<p class=\"v1MsoNormal\" style=\"text-align: justify;\"><b>Desacato<\/b><\/p>\n<p class=\"v1MsoNormal\" style=\"text-align: justify;\">El individuo registra una orden de detenci\u00f3n vigente por desacato tras no acatar una resoluci\u00f3n de un Tribunal que le proh\u00edbe conducir veh\u00edculos motorizados, quien se encontrar\u00eda plenamente identificado por el personal.<\/p>\n<p class=\"v1MsoNormal\" style=\"text-align: justify;\">Cabe consignar que el sujeto se desplazaba a bordo de un veh\u00edculo de propiedad de una tercera persona, m\u00f3vil que registra la totalidad de su documentaci\u00f3n vencida, el cual no posee encargo vigente, quedando abandonado en el lugar, siendo puesto a disposici\u00f3n del Juzgado de Polic\u00eda\u00a0Local.<\/p>\n<\/div><\/section><\/div><div  style='height:50px' class='hr hr-invisible   avia-builder-el-6  el_after_av_one_full  el_before_av_social_share '><span class='hr-inner ' ><span class='hr-inner-style'><\/span><\/span><\/div><\/p>\n<div  class='av-social-sharing-box  avia-builder-el-7  el_after_av_hr  el_before_av_hr  '><div class='av-share-box'><h5 class='av-share-link-description av-no-toc '>Compartir esta noticia<\/h5><ul class='av-share-box-list noLightbox'><li class='av-share-link av-social-link-facebook' ><a target=\"_blank\" aria-label=\"Compartir en Facebook\" href='https:\/\/www.facebook.com\/sharer.php?u=https:\/\/radiorevelacionfm.cl\/?p=14493&#038;t=Intensa%20b%C3%BAsqueda%20para%20dar%20con%20paradero%20de%20sujeto%20por%20homicidio%20frustrado%20en%20contra%20del%20personal%20de%20Carabineros' aria-hidden='false' data-av_icon='\ue8f3' data-av_iconfont='entypo-fontello' title='' data-avia-related-tooltip='Compartir en Facebook' rel=\"noopener\"><span class='avia_hidden_link_text'>Compartir en Facebook<\/span><\/a><\/li><li class='av-share-link av-social-link-twitter' ><a target=\"_blank\" aria-label=\"Compartir en Twitter\" href='https:\/\/twitter.com\/share?text=Intensa%20b%C3%BAsqueda%20para%20dar%20con%20paradero%20de%20sujeto%20por%20homicidio%20frustrado%20en%20contra%20del%20personal%20de%20Carabineros&#038;url=https:\/\/radiorevelacionfm.cl\/?p=14493' aria-hidden='false' data-av_icon='\ue8f1' data-av_iconfont='entypo-fontello' title='' data-avia-related-tooltip='Compartir en Twitter' rel=\"noopener\"><span class='avia_hidden_link_text'>Compartir en Twitter<\/span><\/a><\/li><li class='av-share-link av-social-link-whatsapp' ><a target=\"_blank\" aria-label=\"Compartir en Whatsapp\" href='https:\/\/api.whatsapp.com\/send?text=https:\/\/radiorevelacionfm.cl\/?p=14493' aria-hidden='false' data-av_icon='\uf232' data-av_iconfont='entypo-fontello' title='' data-avia-related-tooltip='Compartir en Whatsapp' rel=\"noopener\"><span class='avia_hidden_link_text'>Compartir en Whatsapp<\/span><\/a><\/li><li class='av-share-link av-social-link-linkedin' ><a target=\"_blank\" aria-label=\"Compartir en LinkedIn\" href='https:\/\/linkedin.com\/shareArticle?mini=true&#038;title=Intensa%20b%C3%BAsqueda%20para%20dar%20con%20paradero%20de%20sujeto%20por%20homicidio%20frustrado%20en%20contra%20del%20personal%20de%20Carabineros&#038;url=https:\/\/radiorevelacionfm.cl\/?p=14493' aria-hidden='false' data-av_icon='\ue8fc' data-av_iconfont='entypo-fontello' title='' data-avia-related-tooltip='Compartir en LinkedIn' rel=\"noopener\"><span class='avia_hidden_link_text'>Compartir en LinkedIn<\/span><\/a><\/li><li class='av-share-link av-social-link-mail' ><a  aria-label=\"Compartir por correo\" href='mailto:?subject=Intensa%20b%C3%BAsqueda%20para%20dar%20con%20paradero%20de%20sujeto%20por%20homicidio%20frustrado%20en%20contra%20del%20personal%20de%20Carabineros&#038;body=https:\/\/radiorevelacionfm.cl\/?p=14493' aria-hidden='false' data-av_icon='\ue805' data-av_iconfont='entypo-fontello' title='' data-avia-related-tooltip='Compartir por correo'><span class='avia_hidden_link_text'>Compartir por correo<\/span><\/a><\/li><\/ul><\/div><\/div>\n<div  style='height:50px' class='hr hr-invisible   avia-builder-el-8  el_after_av_social_share  el_before_av_comments_list '><span class='hr-inner ' ><span class='hr-inner-style'><\/span><\/span><\/div>\n<div  class='av-buildercomment  av-blog-meta-html-info-disabled av-blog-meta-tag-disabled  '><\/div>\n","protected":false},"excerpt":{"rendered":"","protected":false},"author":1,"featured_media":14494,"comment_status":"open","ping_status":"open","sticky":false,"template":"","format":"standard","meta":{"footnotes":""},"categories":[36],"tags":[],"class_list":["post-14493","post","type-post","status-publish","format-standard","has-post-thumbnail","hentry","category-policial"],"jetpack_featured_media_url":"https:\/\/radiorevelacionfm.cl\/wp-content\/uploads\/2022\/03\/183e368c-23b6-4b20-b832-5e46f4817ea4-2_optimized.jpg","_links":{"self":[{"href":"https:\/\/radiorevelacionfm.cl\/index.php?rest_route=\/wp\/v2\/posts\/14493","targetHints":{"allow":["GET"]}}],"collection":[{"href":"https:\/\/radiorevelacionfm.cl\/index.php?rest_route=\/wp\/v2\/posts"}],"about":[{"href":"https:\/\/radiorevelacionfm.cl\/index.php?rest_route=\/wp\/v2\/types\/post"}],"author":[{"embeddable":true,"href":"https:\/\/radiorevelacionfm.cl\/index.php?rest_route=\/wp\/v2\/users\/1"}],"replies":[{"embeddable":true,"href":"https:\/\/radiorevelacionfm.cl\/index.php?rest_route=%2Fwp%2Fv2%2Fcomments&post=14493"}],"version-history":[{"count":2,"href":"https:\/\/radiorevelacionfm.cl\/index.php?rest_route=\/wp\/v2\/posts\/14493\/revisions"}],"predecessor-version":[{"id":14496,"href":"https:\/\/radiorevelacionfm.cl\/index.php?rest_route=\/wp\/v2\/posts\/14493\/revisions\/14496"}],"wp:featuredmedia":[{"embeddable":true,"href":"https:\/\/radiorevelacionfm.cl\/index.php?rest_route=\/wp\/v2\/media\/14494"}],"wp:attachment":[{"href":"https:\/\/radiorevelacionfm.cl\/index.php?rest_route=%2Fwp%2Fv2%2Fmedia&parent=14493"}],"wp:term":[{"taxonomy":"category","embeddable":true,"href":"https:\/\/radiorevelacionfm.cl\/index.php?rest_route=%2Fwp%2Fv2%2Fcategories&post=14493"},{"taxonomy":"post_tag","embeddable":true,"href":"https:\/\/radiorevelacionfm.cl\/index.php?rest_route=%2Fwp%2Fv2%2Ftags&post=14493"}],"curies":[{"name":"wp","href":"https:\/\/api.w.org\/{rel}","templated":true}]}}