{"id":14485,"date":"2022-03-10T12:03:46","date_gmt":"2022-03-10T15:03:46","guid":{"rendered":"https:\/\/radiorevelacionfm.cl\/?p=14485"},"modified":"2022-03-10T12:03:46","modified_gmt":"2022-03-10T15:03:46","slug":"corto-documental-explorando-el-jardin-del-baker-narra-la-experiencia-de-bordar-en-comunidad","status":"publish","type":"post","link":"https:\/\/radiorevelacionfm.cl\/?p=14485","title":{"rendered":"Corto documental \u201cExplorando el Jard\u00edn del Baker\u201d narra la experiencia de bordar en comunidad"},"content":{"rendered":"<div class=\"flex_column av_one_full  flex_column_div av-zero-column-padding first  avia-builder-el-0  el_before_av_one_full  avia-builder-el-first  \" style='border-radius:0px; '><div  class='avia-image-container  av-styling-    avia-builder-el-1  avia-builder-el-no-sibling  avia-align-center '  itemprop=\"image\" itemscope=\"itemscope\" itemtype=\"https:\/\/schema.org\/ImageObject\"  ><div class='avia-image-container-inner'><div class='avia-image-overlay-wrap'><img decoding=\"async\" class='wp-image-14486 avia-img-lazy-loading-not-14486 avia_image' src=\"https:\/\/radiorevelacionfm.cl\/wp-content\/uploads\/2022\/03\/explorandoeljardindelbaker_03-2_optimized.jpg\" alt='' title='explorandoeljardindelbaker_03-2_optimized' height=\"600\" width=\"1440\"  itemprop=\"thumbnailUrl\" srcset=\"https:\/\/radiorevelacionfm.cl\/wp-content\/uploads\/2022\/03\/explorandoeljardindelbaker_03-2_optimized.jpg 1440w, https:\/\/radiorevelacionfm.cl\/wp-content\/uploads\/2022\/03\/explorandoeljardindelbaker_03-2_optimized-300x125.jpg 300w, https:\/\/radiorevelacionfm.cl\/wp-content\/uploads\/2022\/03\/explorandoeljardindelbaker_03-2_optimized-1030x429.jpg 1030w, https:\/\/radiorevelacionfm.cl\/wp-content\/uploads\/2022\/03\/explorandoeljardindelbaker_03-2_optimized-768x320.jpg 768w, https:\/\/radiorevelacionfm.cl\/wp-content\/uploads\/2022\/03\/explorandoeljardindelbaker_03-2_optimized-705x294.jpg 705w, https:\/\/radiorevelacionfm.cl\/wp-content\/uploads\/2022\/03\/explorandoeljardindelbaker_03-2_optimized-600x250.jpg 600w\" sizes=\"(max-width: 1440px) 100vw, 1440px\" \/><\/div><\/div><\/div><\/div><div class=\"flex_column av_one_full  flex_column_div av-zero-column-padding first  avia-builder-el-2  el_after_av_one_full  el_before_av_one_full  column-top-margin\" style='border-radius:0px; '><section class=\"av_textblock_section \"  itemscope=\"itemscope\" itemtype=\"https:\/\/schema.org\/BlogPosting\" itemprop=\"blogPost\" ><div class='avia_textblock  '   itemprop=\"text\" ><p style=\"text-align: center;\"><span style=\"font-size: 18pt;\"><strong>Corto documental \u201cExplorando el Jard\u00edn del Baker\u201d\u00a0<\/strong><strong>narra la experiencia de bordar en comunidad<\/strong><\/span><\/p>\n<p><strong>\u00a0<\/strong><\/p>\n<div id=\"gtx-trans\" style=\"position: absolute; left: -50px; top: 4.31534px;\">\n<div class=\"gtx-trans-icon\"><\/div>\n<\/div>\n<\/div><\/section><\/div><div class=\"flex_column av_one_full  flex_column_div av-zero-column-padding first  avia-builder-el-4  el_after_av_one_full  el_before_av_hr  column-top-margin\" style='border-radius:0px; '><section class=\"av_textblock_section \"  itemscope=\"itemscope\" itemtype=\"https:\/\/schema.org\/BlogPosting\" itemprop=\"blogPost\" ><div class='avia_textblock  '   itemprop=\"text\" ><p style=\"text-align: justify;\">Al sur de la Regi\u00f3n de Ays\u00e9n, en Cochrane, el amor por los hilos y las agujas se volvi\u00f3 tradici\u00f3n. Entre abuelas, madres e hijas fueron heredando este oficio textil que hace unos a\u00f1os parec\u00eda casi olvidado en la Patagonia. Inmersas en remotos sectores rurales, las Bordadoras del Baker suelen dar vida, solitaria y silenciosamente, a delicados pa\u00f1os y coloridas tabaqueras, entre otros artefactos textiles. As\u00ed, pasaban sus largos d\u00edas en el campo, en el valle Colonia, San Lorenzo, Los \u00d1adis y en el lago Vargas, hasta que en diciembre del a\u00f1o pasado fueron invitadas a participar del \u201cEncuentro de Bordadoras: Explorando el Jard\u00edn del Baker\u201d.<\/p>\n<p style=\"text-align: justify;\">\u201cCuando lleg\u00f3 este proyecto, yo no pod\u00eda creer que por fin iba a salir del anonimato el bordado, algo tan hermoso, que se hace con nuestras manos\u201d, comenta la bordadora Hilda Troncoso Escobar en el cortodocumental que narra -entre puntadas, flores e \u00edntimos relatos- la historia de este in\u00e9dito encuentro.<\/p>\n<p style=\"text-align: justify;\">Por primera vez, se reunieron a bordar en comunidad, para intercambiar puntos, dibujos, terminaciones y combinaciones de colores, forjando redes de amistad y solidaridad entre las participantes.<\/p>\n<p style=\"text-align: justify;\">Durante cuatro d\u00edas, fueron co-crearon un Mural Textil que hoy se exhibe, como testimonio de esta experiencia, en el Mercado Municipal de Cochrane. La inspiraci\u00f3n de la obra colectiva fueron las flores que las rodean, no solo las que cultivan sagradamente en sus jardines, sino las que est\u00e1n m\u00e1s all\u00e1 de su espacio dom\u00e9stico, en los bosques nativos. Explorar su naturaleza, observar con lupa las especies que encontraban en el camino, dibujarlas en la croquera y luego bordarlas en la tela fueron parte de la experiencia creativa del Encuentro. Puntada a puntada, el Mural se fue poblando de chilcos, siete camisas, capachitos, zapatitos de la virgen y la flor del ciruelillo, entre hojas nativas y otras especies de su territorio.<\/p>\n<p style=\"text-align: justify;\">Esta iniciativa -que sigue la l\u00ednea del documental Bordadoras del Baker y del libro \u201cBordados con Historia\u201d en proceso de creaci\u00f3n- fue impulsada por la historiadora Catalina Camus y la dise\u00f1adora textil Francisca Vidal, en alianza con una red de facilitadoras del mundo del arte, la bot\u00e1nica y la psicolog\u00eda comunitaria. Es apoyada por la Municipalidad de Cochrane y financiada por el Fondo Nacional de Desarrollo Cultural y de Las Artes, Convocatoria 2021. Respaldada por instituciones como Pulso Austral, Fundaci\u00f3n Chilco, Nido Textil, Comit\u00e9 de Conservaci\u00f3n Textil y Fundaci\u00f3n Artesan\u00edas de Chile.<\/p>\n<\/div><\/section><\/div><div  style='height:50px' class='hr hr-invisible   avia-builder-el-6  el_after_av_one_full  el_before_av_social_share '><span class='hr-inner ' ><span class='hr-inner-style'><\/span><\/span><\/div><\/p>\n<div  class='av-social-sharing-box  avia-builder-el-7  el_after_av_hr  el_before_av_hr  '><div class='av-share-box'><h5 class='av-share-link-description av-no-toc '>Compartir esta noticia<\/h5><ul class='av-share-box-list noLightbox'><li class='av-share-link av-social-link-facebook' ><a target=\"_blank\" aria-label=\"Compartir en Facebook\" href='https:\/\/www.facebook.com\/sharer.php?u=https:\/\/radiorevelacionfm.cl\/?p=14485&#038;t=Corto%20documental%20%E2%80%9CExplorando%20el%20Jard%C3%ADn%20del%20Baker%E2%80%9D%20narra%20la%20experiencia%20de%20bordar%20en%20comunidad' aria-hidden='false' data-av_icon='\ue8f3' data-av_iconfont='entypo-fontello' title='' data-avia-related-tooltip='Compartir en Facebook' rel=\"noopener\"><span class='avia_hidden_link_text'>Compartir en Facebook<\/span><\/a><\/li><li class='av-share-link av-social-link-twitter' ><a target=\"_blank\" aria-label=\"Compartir en Twitter\" href='https:\/\/twitter.com\/share?text=Corto%20documental%20%E2%80%9CExplorando%20el%20Jard%C3%ADn%20del%20Baker%E2%80%9D%20narra%20la%20experiencia%20de%20bordar%20en%20comunidad&#038;url=https:\/\/radiorevelacionfm.cl\/?p=14485' aria-hidden='false' data-av_icon='\ue8f1' data-av_iconfont='entypo-fontello' title='' data-avia-related-tooltip='Compartir en Twitter' rel=\"noopener\"><span class='avia_hidden_link_text'>Compartir en Twitter<\/span><\/a><\/li><li class='av-share-link av-social-link-whatsapp' ><a target=\"_blank\" aria-label=\"Compartir en Whatsapp\" href='https:\/\/api.whatsapp.com\/send?text=https:\/\/radiorevelacionfm.cl\/?p=14485' aria-hidden='false' data-av_icon='\uf232' data-av_iconfont='entypo-fontello' title='' data-avia-related-tooltip='Compartir en Whatsapp' rel=\"noopener\"><span class='avia_hidden_link_text'>Compartir en Whatsapp<\/span><\/a><\/li><li class='av-share-link av-social-link-linkedin' ><a target=\"_blank\" aria-label=\"Compartir en LinkedIn\" href='https:\/\/linkedin.com\/shareArticle?mini=true&#038;title=Corto%20documental%20%E2%80%9CExplorando%20el%20Jard%C3%ADn%20del%20Baker%E2%80%9D%20narra%20la%20experiencia%20de%20bordar%20en%20comunidad&#038;url=https:\/\/radiorevelacionfm.cl\/?p=14485' aria-hidden='false' data-av_icon='\ue8fc' data-av_iconfont='entypo-fontello' title='' data-avia-related-tooltip='Compartir en LinkedIn' rel=\"noopener\"><span class='avia_hidden_link_text'>Compartir en LinkedIn<\/span><\/a><\/li><li class='av-share-link av-social-link-mail' ><a  aria-label=\"Compartir por correo\" href='mailto:?subject=Corto%20documental%20%E2%80%9CExplorando%20el%20Jard%C3%ADn%20del%20Baker%E2%80%9D%20narra%20la%20experiencia%20de%20bordar%20en%20comunidad&#038;body=https:\/\/radiorevelacionfm.cl\/?p=14485' aria-hidden='false' data-av_icon='\ue805' data-av_iconfont='entypo-fontello' title='' data-avia-related-tooltip='Compartir por correo'><span class='avia_hidden_link_text'>Compartir por correo<\/span><\/a><\/li><\/ul><\/div><\/div>\n<div  style='height:50px' class='hr hr-invisible   avia-builder-el-8  el_after_av_social_share  el_before_av_comments_list '><span class='hr-inner ' ><span class='hr-inner-style'><\/span><\/span><\/div>\n<div  class='av-buildercomment  av-blog-meta-html-info-disabled av-blog-meta-tag-disabled  '><\/div>\n","protected":false},"excerpt":{"rendered":"","protected":false},"author":1,"featured_media":14486,"comment_status":"open","ping_status":"open","sticky":false,"template":"","format":"standard","meta":{"footnotes":""},"categories":[38],"tags":[],"class_list":["post-14485","post","type-post","status-publish","format-standard","has-post-thumbnail","hentry","category-regional"],"jetpack_featured_media_url":"https:\/\/radiorevelacionfm.cl\/wp-content\/uploads\/2022\/03\/explorandoeljardindelbaker_03-2_optimized.jpg","_links":{"self":[{"href":"https:\/\/radiorevelacionfm.cl\/index.php?rest_route=\/wp\/v2\/posts\/14485","targetHints":{"allow":["GET"]}}],"collection":[{"href":"https:\/\/radiorevelacionfm.cl\/index.php?rest_route=\/wp\/v2\/posts"}],"about":[{"href":"https:\/\/radiorevelacionfm.cl\/index.php?rest_route=\/wp\/v2\/types\/post"}],"author":[{"embeddable":true,"href":"https:\/\/radiorevelacionfm.cl\/index.php?rest_route=\/wp\/v2\/users\/1"}],"replies":[{"embeddable":true,"href":"https:\/\/radiorevelacionfm.cl\/index.php?rest_route=%2Fwp%2Fv2%2Fcomments&post=14485"}],"version-history":[{"count":2,"href":"https:\/\/radiorevelacionfm.cl\/index.php?rest_route=\/wp\/v2\/posts\/14485\/revisions"}],"predecessor-version":[{"id":14488,"href":"https:\/\/radiorevelacionfm.cl\/index.php?rest_route=\/wp\/v2\/posts\/14485\/revisions\/14488"}],"wp:featuredmedia":[{"embeddable":true,"href":"https:\/\/radiorevelacionfm.cl\/index.php?rest_route=\/wp\/v2\/media\/14486"}],"wp:attachment":[{"href":"https:\/\/radiorevelacionfm.cl\/index.php?rest_route=%2Fwp%2Fv2%2Fmedia&parent=14485"}],"wp:term":[{"taxonomy":"category","embeddable":true,"href":"https:\/\/radiorevelacionfm.cl\/index.php?rest_route=%2Fwp%2Fv2%2Fcategories&post=14485"},{"taxonomy":"post_tag","embeddable":true,"href":"https:\/\/radiorevelacionfm.cl\/index.php?rest_route=%2Fwp%2Fv2%2Ftags&post=14485"}],"curies":[{"name":"wp","href":"https:\/\/api.w.org\/{rel}","templated":true}]}}