{"id":14459,"date":"2022-03-09T19:53:18","date_gmt":"2022-03-09T22:53:18","guid":{"rendered":"https:\/\/radiorevelacionfm.cl\/?p=14459"},"modified":"2022-03-09T19:53:18","modified_gmt":"2022-03-09T22:53:18","slug":"realizan-fiscalizacion-y-certificacion-del-transporte-escolar-tras-retorno-a-clases-en-coyhaique","status":"publish","type":"post","link":"https:\/\/radiorevelacionfm.cl\/?p=14459","title":{"rendered":"Realizan fiscalizaci\u00f3n y certificaci\u00f3n del transporte escolar tras retorno a clases en Coyhaique"},"content":{"rendered":"<div class=\"flex_column av_one_full  flex_column_div av-zero-column-padding first  avia-builder-el-0  el_before_av_one_full  avia-builder-el-first  \" style='border-radius:0px; '><div  class='avia-image-container  av-styling-    avia-builder-el-1  avia-builder-el-no-sibling  avia-align-center '  itemprop=\"image\" itemscope=\"itemscope\" itemtype=\"https:\/\/schema.org\/ImageObject\"  ><div class='avia-image-container-inner'><div class='avia-image-overlay-wrap'><img decoding=\"async\" class='wp-image-14460 avia-img-lazy-loading-not-14460 avia_image' src=\"https:\/\/radiorevelacionfm.cl\/wp-content\/uploads\/2022\/03\/20220309_102657-2-2_optimized.jpg\" alt='' title='20220309_102657-2-2_optimized' height=\"600\" width=\"1067\"  itemprop=\"thumbnailUrl\" srcset=\"https:\/\/radiorevelacionfm.cl\/wp-content\/uploads\/2022\/03\/20220309_102657-2-2_optimized.jpg 1067w, https:\/\/radiorevelacionfm.cl\/wp-content\/uploads\/2022\/03\/20220309_102657-2-2_optimized-300x169.jpg 300w, https:\/\/radiorevelacionfm.cl\/wp-content\/uploads\/2022\/03\/20220309_102657-2-2_optimized-1030x579.jpg 1030w, https:\/\/radiorevelacionfm.cl\/wp-content\/uploads\/2022\/03\/20220309_102657-2-2_optimized-768x432.jpg 768w, https:\/\/radiorevelacionfm.cl\/wp-content\/uploads\/2022\/03\/20220309_102657-2-2_optimized-705x396.jpg 705w, https:\/\/radiorevelacionfm.cl\/wp-content\/uploads\/2022\/03\/20220309_102657-2-2_optimized-600x337.jpg 600w\" sizes=\"(max-width: 1067px) 100vw, 1067px\" \/><\/div><\/div><\/div><\/div><div class=\"flex_column av_one_full  flex_column_div av-zero-column-padding first  avia-builder-el-2  el_after_av_one_full  el_before_av_one_full  column-top-margin\" style='border-radius:0px; '><section class=\"av_textblock_section \"  itemscope=\"itemscope\" itemtype=\"https:\/\/schema.org\/BlogPosting\" itemprop=\"blogPost\" ><div class='avia_textblock  '   itemprop=\"text\" ><p style=\"text-align: center;\"><span style=\"font-size: 18pt;\"><b>Realizan fiscalizaci\u00f3n y certificaci\u00f3n del transporte escolar tras retorno a clases en Coyhaique<\/b><\/span><\/p>\n<div id=\"gtx-trans\" style=\"position: absolute; left: -50px; top: 4.31534px;\">\n<div class=\"gtx-trans-icon\"><\/div>\n<\/div>\n<\/div><\/section><\/div><div class=\"flex_column av_one_full  flex_column_div av-zero-column-padding first  avia-builder-el-4  el_after_av_one_full  el_before_av_hr  column-top-margin\" style='border-radius:0px; '><section class=\"av_textblock_section \"  itemscope=\"itemscope\" itemtype=\"https:\/\/schema.org\/BlogPosting\" itemprop=\"blogPost\" ><div class='avia_textblock  '   itemprop=\"text\" ><p class=\"v1MsoNormal\" style=\"text-align: justify;\">Una exhaustiva fiscalizaci\u00f3n y certificaci\u00f3n de los veh\u00edculos destinados al transporte escolar realiz\u00f3 Carabineros de Chile junto a la Secretar\u00eda Regional Ministerial de Transporte y Telecomunicaciones y la Direcci\u00f3n de Tr\u00e1nsito de la Ilustre Municipalidad de Coyhaique.<\/p>\n<p class=\"v1MsoNormal\" style=\"text-align: justify;\">Tras las restricciones producto de la pandemia por Covid19, las clases y el retorno presencial al colegio se reanudaron a partir del martes de la semana reci\u00e9n pasada, lo cual ha derivado la b\u00fasqueda y contrataci\u00f3n de servicios de transporte escolar por parte de los padres y apoderados.<\/p>\n<p class=\"v1MsoNormal\" style=\"text-align: justify;\">Frente a lo anterior, el Jefe de la XI Zona de Carabineros Ays\u00e9n, General Hugo Zenteno V\u00e1squez indic\u00f3 que esta fiscalizaci\u00f3n y certificaci\u00f3n -junto la Secci\u00f3n Investigadora de Accidentes de Tr\u00e1nsito (SIAT)- est\u00e1 orientada a verificar las condiciones t\u00e9cnicas, de seguridad y documentaci\u00f3n exigidas, as\u00ed como la inexistencia de inhabilidades por parte del conductor o acompa\u00f1ante para trabajar con menores de edad.<\/p>\n<p class=\"v1MsoNormal\" style=\"text-align: justify;\">\u00abEsto para que los padres tengan la tranquilidad y confianza de enviar a sus hijos a los establecimientos educacionales. Que (los conductores y auxiliares) no cuenten con antecedentes penales, que posean la licencia correspondiente. Es por ello esta certificaci\u00f3n, para que los padres est\u00e9n tranquilos y que no se vea afectado alg\u00fan menor\u00bb, indic\u00f3 el Jefe de Zona de Carabineros.<\/p>\n<p class=\"v1MsoNormal\" style=\"text-align: justify;\">Durante dos a\u00f1os y producto de la pandemia \u2013que deriv\u00f3 en la suspensi\u00f3n presencial de las clases- muchos de los transportistas cambiaron de rubro o se reinventaron en otras labores.<\/p>\n<p class=\"v1MsoNormal\" style=\"text-align: justify;\">Actualmente Carabineros mantiene un servicio de tr\u00e1nsito en colegios, en resguardo de la seguridad en las inmediaciones de los establecimientos educacionales, junto con agilizar los desplazamientos, manteniendo la calidad del servicio en estos lugares, expres\u00f3 el General Zenteno.<\/p>\n<p class=\"v1MsoNormal\" style=\"text-align: justify;\"><b>Tarjeta de recorrido \u00a0\u00a0<\/b><\/p>\n<p class=\"v1MsoNormal\" style=\"text-align: justify;\">Por su parte el Seremi de Transportes y Telecomunicaciones, Fabi\u00e1n Rojas Mu\u00f1oz a\u00f1adi\u00f3 que este trabajo conjunto con Carabineros y la Municipalidad de Coyhaique apunta a implementar sistemas de transporte seguro para los escolares.<\/p>\n<p class=\"v1MsoNormal\" style=\"text-align: justify;\">\u00abHacemos un llamado principalmente a los padres y apoderados \u2013al momento de contratar un servicio de transporte para sus hijos- verificar los antecedentes del veh\u00edculo (&#8230;) exigiendo la tarjeta de recorrido (&#8230;) todas esas personas que aparecen en esa tarjeta han sido previamente revisados, que no cuenten con ninguna inhabilidad para trabajar con menores y esa es la garant\u00eda que les podemos entregar, de manera tal que las personas que van arriba del bus, son personas que no se encuentran con sentencias o con alguna decisi\u00f3n de un tribunal sobre alguna inhabilidad para trabajar con menores\u00bb, detall\u00f3 el seremi del ramo.<\/p>\n<p class=\"v1MsoNormal\" style=\"text-align: justify;\">Rojas recalc\u00f3 que \u00ablas personas que deben trabajar en estos servicios de transporte, deben ser aquellas que aparecen en la tarjeta de recorrido. Si los padres y apoderados ven que hay una persona que no figura en dicho documento, tienen que adoptar las providencias respectivas en relaci\u00f3n a dicha situaci\u00f3n\u00bb.<\/p>\n<p class=\"v1MsoNormal\" style=\"text-align: justify;\">El titular de la cartera en la regi\u00f3n inst\u00f3 a los conductores de veh\u00edculos particulares a no ocupar los espacios reservados al transporte escolar, toda vez que se trata de una actividad que requiere seguridad para los menores, previniendo as\u00ed la ocurrencia de accidentes.<\/p>\n<p class=\"v1MsoNormal\" style=\"text-align: justify;\"><b>Demarcaciones<\/b><\/p>\n<p class=\"v1MsoNormal\" style=\"text-align: justify;\">Naishla Laibe, directora de Tr\u00e1nsito de la Municipalidad de Coyhaique, indic\u00f3 que tras la vuelta a clases, han sido demarcados los estacionamientos reservados para buses escolares en los establecimientos de la comuna.<\/p>\n<p class=\"v1MsoNormal\" style=\"text-align: justify;\">\u00abLlamamos a los padres y apoderados que le den prioridad al transporte escolar y que deben tener el resguardo correspondiente\u00bb, expres\u00f3.<\/p>\n<p class=\"v1MsoNormal\" style=\"text-align: justify;\">Carabineros record\u00f3 a los transportistas que no estuvieron presentes en la revisi\u00f3n, a acercarse a la SIAT con la finalidad que dichos veh\u00edculos sean revisados y obtener el sello que certifica el cumplimento de la normativa y exigencias para el rubro.<\/p>\n<\/div><\/section><\/div><div  style='height:50px' class='hr hr-invisible   avia-builder-el-6  el_after_av_one_full  el_before_av_social_share '><span class='hr-inner ' ><span class='hr-inner-style'><\/span><\/span><\/div><\/p>\n<div  class='av-social-sharing-box  avia-builder-el-7  el_after_av_hr  el_before_av_hr  '><div class='av-share-box'><h5 class='av-share-link-description av-no-toc '>Compartir esta noticia<\/h5><ul class='av-share-box-list noLightbox'><li class='av-share-link av-social-link-facebook' ><a target=\"_blank\" aria-label=\"Compartir en Facebook\" href='https:\/\/www.facebook.com\/sharer.php?u=https:\/\/radiorevelacionfm.cl\/?p=14459&#038;t=Realizan%20fiscalizaci%C3%B3n%20y%20certificaci%C3%B3n%20del%20transporte%20escolar%20tras%20retorno%20a%20clases%20en%20Coyhaique' aria-hidden='false' data-av_icon='\ue8f3' data-av_iconfont='entypo-fontello' title='' data-avia-related-tooltip='Compartir en Facebook' rel=\"noopener\"><span class='avia_hidden_link_text'>Compartir en Facebook<\/span><\/a><\/li><li class='av-share-link av-social-link-twitter' ><a target=\"_blank\" aria-label=\"Compartir en Twitter\" href='https:\/\/twitter.com\/share?text=Realizan%20fiscalizaci%C3%B3n%20y%20certificaci%C3%B3n%20del%20transporte%20escolar%20tras%20retorno%20a%20clases%20en%20Coyhaique&#038;url=https:\/\/radiorevelacionfm.cl\/?p=14459' aria-hidden='false' data-av_icon='\ue8f1' data-av_iconfont='entypo-fontello' title='' data-avia-related-tooltip='Compartir en Twitter' rel=\"noopener\"><span class='avia_hidden_link_text'>Compartir en Twitter<\/span><\/a><\/li><li class='av-share-link av-social-link-whatsapp' ><a target=\"_blank\" aria-label=\"Compartir en Whatsapp\" href='https:\/\/api.whatsapp.com\/send?text=https:\/\/radiorevelacionfm.cl\/?p=14459' aria-hidden='false' data-av_icon='\uf232' data-av_iconfont='entypo-fontello' title='' data-avia-related-tooltip='Compartir en Whatsapp' rel=\"noopener\"><span class='avia_hidden_link_text'>Compartir en Whatsapp<\/span><\/a><\/li><li class='av-share-link av-social-link-linkedin' ><a target=\"_blank\" aria-label=\"Compartir en LinkedIn\" href='https:\/\/linkedin.com\/shareArticle?mini=true&#038;title=Realizan%20fiscalizaci%C3%B3n%20y%20certificaci%C3%B3n%20del%20transporte%20escolar%20tras%20retorno%20a%20clases%20en%20Coyhaique&#038;url=https:\/\/radiorevelacionfm.cl\/?p=14459' aria-hidden='false' data-av_icon='\ue8fc' data-av_iconfont='entypo-fontello' title='' data-avia-related-tooltip='Compartir en LinkedIn' rel=\"noopener\"><span class='avia_hidden_link_text'>Compartir en LinkedIn<\/span><\/a><\/li><li class='av-share-link av-social-link-mail' ><a  aria-label=\"Compartir por correo\" href='mailto:?subject=Realizan%20fiscalizaci%C3%B3n%20y%20certificaci%C3%B3n%20del%20transporte%20escolar%20tras%20retorno%20a%20clases%20en%20Coyhaique&#038;body=https:\/\/radiorevelacionfm.cl\/?p=14459' aria-hidden='false' data-av_icon='\ue805' data-av_iconfont='entypo-fontello' title='' data-avia-related-tooltip='Compartir por correo'><span class='avia_hidden_link_text'>Compartir por correo<\/span><\/a><\/li><\/ul><\/div><\/div>\n<div  style='height:50px' class='hr hr-invisible   avia-builder-el-8  el_after_av_social_share  el_before_av_comments_list '><span class='hr-inner ' ><span class='hr-inner-style'><\/span><\/span><\/div>\n<div  class='av-buildercomment  av-blog-meta-html-info-disabled av-blog-meta-tag-disabled  '><\/div>\n","protected":false},"excerpt":{"rendered":"","protected":false},"author":1,"featured_media":14460,"comment_status":"open","ping_status":"open","sticky":false,"template":"","format":"standard","meta":{"footnotes":""},"categories":[36],"tags":[],"class_list":["post-14459","post","type-post","status-publish","format-standard","has-post-thumbnail","hentry","category-policial"],"jetpack_featured_media_url":"https:\/\/radiorevelacionfm.cl\/wp-content\/uploads\/2022\/03\/20220309_102657-2-2_optimized.jpg","_links":{"self":[{"href":"https:\/\/radiorevelacionfm.cl\/index.php?rest_route=\/wp\/v2\/posts\/14459","targetHints":{"allow":["GET"]}}],"collection":[{"href":"https:\/\/radiorevelacionfm.cl\/index.php?rest_route=\/wp\/v2\/posts"}],"about":[{"href":"https:\/\/radiorevelacionfm.cl\/index.php?rest_route=\/wp\/v2\/types\/post"}],"author":[{"embeddable":true,"href":"https:\/\/radiorevelacionfm.cl\/index.php?rest_route=\/wp\/v2\/users\/1"}],"replies":[{"embeddable":true,"href":"https:\/\/radiorevelacionfm.cl\/index.php?rest_route=%2Fwp%2Fv2%2Fcomments&post=14459"}],"version-history":[{"count":2,"href":"https:\/\/radiorevelacionfm.cl\/index.php?rest_route=\/wp\/v2\/posts\/14459\/revisions"}],"predecessor-version":[{"id":14462,"href":"https:\/\/radiorevelacionfm.cl\/index.php?rest_route=\/wp\/v2\/posts\/14459\/revisions\/14462"}],"wp:featuredmedia":[{"embeddable":true,"href":"https:\/\/radiorevelacionfm.cl\/index.php?rest_route=\/wp\/v2\/media\/14460"}],"wp:attachment":[{"href":"https:\/\/radiorevelacionfm.cl\/index.php?rest_route=%2Fwp%2Fv2%2Fmedia&parent=14459"}],"wp:term":[{"taxonomy":"category","embeddable":true,"href":"https:\/\/radiorevelacionfm.cl\/index.php?rest_route=%2Fwp%2Fv2%2Fcategories&post=14459"},{"taxonomy":"post_tag","embeddable":true,"href":"https:\/\/radiorevelacionfm.cl\/index.php?rest_route=%2Fwp%2Fv2%2Ftags&post=14459"}],"curies":[{"name":"wp","href":"https:\/\/api.w.org\/{rel}","templated":true}]}}