{"id":14454,"date":"2022-03-09T19:39:19","date_gmt":"2022-03-09T22:39:19","guid":{"rendered":"https:\/\/radiorevelacionfm.cl\/?p=14454"},"modified":"2022-03-09T19:39:19","modified_gmt":"2022-03-09T22:39:19","slug":"seremi-andrea-ponce-hoy-la-region-de-aysen-esta-con-pleno-empleo-y-avanzamos-en-nuevas-leyes-laborales-para-proteger-a-trabajadores-ademas-de-una-pension-garantizada-universal","status":"publish","type":"post","link":"https:\/\/radiorevelacionfm.cl\/?p=14454","title":{"rendered":"Seremi Andrea Ponce: \u00abHoy la regi\u00f3n de Ays\u00e9n est\u00e1 con pleno empleo y avanzamos en nuevas leyes laborales para proteger a trabajadores, adem\u00e1s de una Pensi\u00f3n Garantizada Universal\u00bb"},"content":{"rendered":"<div class=\"flex_column av_one_full  flex_column_div av-zero-column-padding first  avia-builder-el-0  el_before_av_one_full  avia-builder-el-first  \" style='border-radius:0px; '><div  class='avia-image-container  av-styling-    avia-builder-el-1  avia-builder-el-no-sibling  avia-align-center '  itemprop=\"image\" itemscope=\"itemscope\" itemtype=\"https:\/\/schema.org\/ImageObject\"  ><div class='avia-image-container-inner'><div class='avia-image-overlay-wrap'><img decoding=\"async\" class='wp-image-14455 avia-img-lazy-loading-not-14455 avia_image' src=\"https:\/\/radiorevelacionfm.cl\/wp-content\/uploads\/2022\/03\/construc_sueldosimpagos-2_optimized.jpg\" alt='' title='construc_sueldosimpagos-2_optimized' height=\"600\" width=\"800\"  itemprop=\"thumbnailUrl\" srcset=\"https:\/\/radiorevelacionfm.cl\/wp-content\/uploads\/2022\/03\/construc_sueldosimpagos-2_optimized.jpg 800w, https:\/\/radiorevelacionfm.cl\/wp-content\/uploads\/2022\/03\/construc_sueldosimpagos-2_optimized-300x225.jpg 300w, https:\/\/radiorevelacionfm.cl\/wp-content\/uploads\/2022\/03\/construc_sueldosimpagos-2_optimized-768x576.jpg 768w, https:\/\/radiorevelacionfm.cl\/wp-content\/uploads\/2022\/03\/construc_sueldosimpagos-2_optimized-705x529.jpg 705w, https:\/\/radiorevelacionfm.cl\/wp-content\/uploads\/2022\/03\/construc_sueldosimpagos-2_optimized-600x450.jpg 600w\" sizes=\"(max-width: 800px) 100vw, 800px\" \/><\/div><\/div><\/div><\/div><div class=\"flex_column av_one_full  flex_column_div av-zero-column-padding first  avia-builder-el-2  el_after_av_one_full  el_before_av_one_full  column-top-margin\" style='border-radius:0px; '><section class=\"av_textblock_section \"  itemscope=\"itemscope\" itemtype=\"https:\/\/schema.org\/BlogPosting\" itemprop=\"blogPost\" ><div class='avia_textblock  '   itemprop=\"text\" ><p class=\"v1MsoNormal\" style=\"text-align: center;\"><span style=\"font-size: 18pt;\"><b><span lang=\"ES\">Seremi Andrea Ponce:\u00a0<\/span><\/b><b><span lang=\"ES\">\u00abHoy la regi\u00f3n de Ays\u00e9n est\u00e1 con pleno empleo y avanzamos en nuevas leyes laborales para proteger a trabajadores, adem\u00e1s de una Pensi\u00f3n Garantizada Universal\u00bb<\/span><\/b><\/span><\/p>\n<div id=\"gtx-trans\" style=\"position: absolute; left: -50px; top: 4.31534px;\">\n<div class=\"gtx-trans-icon\"><\/div>\n<\/div>\n<\/div><\/section><\/div><div class=\"flex_column av_one_full  flex_column_div av-zero-column-padding first  avia-builder-el-4  el_after_av_one_full  el_before_av_hr  column-top-margin\" style='border-radius:0px; '><section class=\"av_textblock_section \"  itemscope=\"itemscope\" itemtype=\"https:\/\/schema.org\/BlogPosting\" itemprop=\"blogPost\" ><div class='avia_textblock  '   itemprop=\"text\" ><p style=\"text-align: justify;\"><span lang=\"ES\">La Seremi del Trabajo y Previsi\u00f3n Social, Andrea Ponce, destac\u00f3 la recuperaci\u00f3n de empleos a cifras de pleno empleo pre pandemia, leyes laborales como el teletrabajo y permisos para vacunaci\u00f3n, entre otras, pol\u00edticas de incentivo al empleo como el IFE Laboral y el Subsidio Protege, adem\u00e1s del gran hito de la nueva Pensi\u00f3n Garantizada Universal, como parte de los avances durante este Gobierno.<\/span><\/p>\n<p class=\"v1MsoNormal\" style=\"text-align: justify;\"><span lang=\"ES\">\u00abDurante esta gesti\u00f3n tuvimos momentos muy dif\u00edciles en t\u00e9rminos de salud y trabajo, pero ya vemos la recuperaci\u00f3n en empleo y en reactivaci\u00f3n econ\u00f3mica\u00bb, as\u00ed lo afirma la Seremi de Trabajo y Previsi\u00f3n Social, Andrea Ponce, sobre este periodo en el \u00e1mbito laboral del saliente Gobierno. \u00abEn agosto del 2020 llegamos a una cifra de desempleo hist\u00f3rica en nuestra Regi\u00f3n de Ays\u00e9n, de 10,9%, algo que nunca se hab\u00eda visto, donde vimos la peor parte de la pandemia en t\u00e9rminos de salud y en t\u00e9rmino de trabajo, con miles de trabajadores sin trabajadores, lo cual se contrapone con el 3,4% que tuvimos en diciembre, el 3,2% en enero y 3,6% en febrero, lo cual nos habla ya de pleno empleo y de recuperaci\u00f3n econ\u00f3mica, donde destacamos que hay pol\u00edticas p\u00fablicas que han ido incentivado el empleo y que est\u00e1n dando resultados positivos, como el IFE Laboral y el Subsidio Protege, que van dirigidos directamente a los trabajadores\/as y que extendieron sus postulaciones hasta junio de este a\u00f1o\u00bb, detall\u00f3.\u00a0\u00a0 \u00a0\u00a0\u00a0\u00a0<\/span><\/p>\n<p class=\"v1MsoNormal\" style=\"text-align: justify;\"><span lang=\"ES\">\u00a0<\/span><\/p>\n<p class=\"v1MsoNormal\" style=\"text-align: justify;\"><b><u><span lang=\"ES\">M\u00e1s de 4.000 trabajadores\/as beneficiarios del IFE Laboral <\/span><\/u><\/b><\/p>\n<p class=\"v1MsoNormal\" style=\"text-align: justify;\"><span lang=\"ES\">Hace unos d\u00edas el Presidente Sebasti\u00e1n Pi\u00f1era anunci\u00f3 la extensi\u00f3n de dos Subsidios al Empleo, el Subsidio Protege \u2013 que entrega $200.000 por 3 meses a trabajadores\/as con el cuidado personal de ni\u00f1os\/as menores de 2 a\u00f1os- y el IFE Laboral, programas del Ministerio del Trabajo y Previsi\u00f3n Social, ejecutados por el Servicio Nacional de Capacitaci\u00f3n y Empleo, Sence. Recordemos que el IFE Laboral es un incentivo a la formalidad, para que los trabajadores\/as, previamente cesantes, se empleen formalmente, otorg\u00e1ndoles un subsidio por la nueva relaci\u00f3n laboral que se crea. Este beneficio se entrega directamente al trabajador\/a, siempre que su remuneraci\u00f3n bruta mensual no exceda de 3 Ingresos M\u00ednimos Mensuales (actualmente $1.050.000).<\/span><\/p>\n<p class=\"v1MsoNormal\" style=\"text-align: justify;\"><span lang=\"ES\">Ponce se refiri\u00f3 a este Subsidio al Empleo que, a cifras del 7 de marzo 2022, ya tiene m\u00e1s de 4.000 trabajadores\/as beneficiarios\/as, \u00abEl IFE Laboral result\u00f3 ser una exitosa pol\u00edtica p\u00fablica, porque los resultados los tenemos a la vista. En la Regi\u00f3n de Ays\u00e9n 4.019 personas tienen el beneficio del IFE Laboral, de ellos, 1.972 son mujeres y 2.047 son hombres. Todav\u00eda se puede postular, \u00bfd\u00f3nde? En <\/span><span lang=\"ES\"><a href=\"http:\/\/www.subsidioalempleo.cl\/\" target=\"_blank\" rel=\"noopener noreferrer\">www.subsidioalempleo.cl<\/a><\/span><span lang=\"ES\"> o en <\/span><span lang=\"ES\"><a href=\"http:\/\/www.sence.cl\/\" target=\"_blank\" rel=\"noopener noreferrer\">www.sence.cl<\/a><\/span><span lang=\"ES\">\u00ab. En el caso del Subsidio Protege, a igual fecha, ya son 360 las trabajadoras beneficiarias. <\/span><\/p>\n<p class=\"v1MsoNormal\" style=\"text-align: justify;\"><span lang=\"ES\">\u00a0<\/span><\/p>\n<p class=\"v1MsoNormal\" style=\"text-align: justify;\"><b><u><span lang=\"ES\">Avances: Nuevas leyes laborales y Pensi\u00f3n Garantizada Universal <\/span><\/u><\/b><\/p>\n<p class=\"v1MsoNormal\" style=\"text-align: justify;\"><span lang=\"ES\">\u00abHemos avanzado en diversos \u00e1mbitos en leyes que durante la pandemia fueron muy importantes para los trabajadores\/as y que se quedar\u00e1n en el tiempo, como por ejemplo, el Teletrabajo y trabajo a distancia, permiso para vacunaci\u00f3n, permiso ex\u00e1menes preventivos sin rango de edad, regulaci\u00f3n del trabajo adolescente protegido, especificando cu\u00e1les eran los trabajos peligrosos que ellos no pueden realizar y as\u00ed, varias otras leyes m\u00e1s que vienen a proteger la salud y seguridad de los y las trabajadores\u00bb mencion\u00f3 la saliente autoridad laboral, Andrea Ponce. <\/span><\/p>\n<p class=\"v1MsoNormal\" style=\"text-align: justify;\"><span lang=\"ES\">Con respecto a uno de los grandes hitos en material previsional de los \u00faltimos a\u00f1os, la nueva ley de Pensi\u00f3n Garantizada Universal, la Seremi Andrea Ponce coment\u00f3, \u00abCuando recibimos el Gobierno, la pensi\u00f3n B\u00e1sica Solidaria estaba en $104.000 y hoy, gracias a la Pensi\u00f3n Garantizada Universal, el monto subi\u00f3 a $185.000. \u00c9ste es un piso m\u00ednimo, donde se establecieron las bases para un sistema mixto, con un aporte estatal y donde tambi\u00e9n se premie a quienes pudieron ahorrar en sus a\u00f1os de trabajo y que ya sean mayores a 65 a\u00f1os. Esto se logr\u00f3 gracias al acuerdo y al di\u00e1logo de los sectores que ten\u00edan que aprobar esta importante ley\u00bb.<\/span><\/p>\n<p class=\"v1MsoNormal\" style=\"text-align: justify;\"><span lang=\"ES\">\u00a0<\/span><\/p>\n<p class=\"v1MsoNormal\" style=\"text-align: justify;\"><b><u><span lang=\"ES\">La importancia del di\u00e1logo sindical y de la labor del funcionario p\u00fablico<\/span><\/u><\/b><\/p>\n<p class=\"v1MsoNormal\" style=\"text-align: justify;\"><span lang=\"ES\">Otro de los temas que destac\u00f3 la Seremi Andrea Ponce fueron las instancias de di\u00e1logo con los dirigentes sindicales, en el intento por buscar soluciones a las problem\u00e1ticas de los trabajadores\/as. <\/span><\/p>\n<p class=\"v1MsoNormal\" style=\"text-align: justify;\"><span lang=\"ES\">Uno de los dirigentes con el cual abordaron diversos temas durante estos a\u00f1os fue con Jos\u00e9 Cay\u00fan, presidente del Sindicato de la Construcci\u00f3n y ex presidente de la CUT. \u00abSiempre que tuvimos que conversar o dialogar en pos de los trabajadores y trabajadoras, para buscar soluci\u00f3n a los problemas, la seremi siempre estuvo con altura de miras, llegando a acuerdos y buscando soluci\u00f3n para los problemas que ten\u00edamos en esos momentos. Debo decirlo porque llevo muchos a\u00f1os como dirigente de la construcci\u00f3n y tambi\u00e9n como dirigente de la CUT, y siempre nos hab\u00eda tocado dialogar con distintas autoridades, de los distintos gobiernos, de gobierno de derecha y de este lado, y la verdad es que encuentro que en esta oportunidad, de todas las autoridades que me toc\u00f3 conocer, discutir y dialogar, cuando hab\u00edan problemas que nos aquejaban a nosotros, creo que la Seremi del Trabajo Andrea Ponce, fue una de las autoridades que conocimos que m\u00e1s cerca estuvo de los trabajadores y que supo tambi\u00e9n hacer su pega, supo hacer su trabajo, supo dialogar con los trabajadores y con los dirigentes. Nos toc\u00f3 muchas veces trabajar en conjunto, buscarle soluci\u00f3n a los problemas en los momentos precisos\u00bb, dijo el dirigente, recordando dos situaciones puntuales con respecto a los trabajadores\/as de los planes de empleo y los trabajadores de una constructora que quebr\u00f3, antes de la pandemia\u00bb.\u00a0 \u00a0<\/span><\/p>\n<p class=\"v1MsoNormal\" style=\"text-align: justify;\"><span lang=\"ES\">La Seremi Andrea Ponce, se despidi\u00f3 de los trabajadores\/as con las siguientes palabras, \u00abQuisiera aprovechar la oportunidad de despedirme de todos los trabajadores y trabajadoras de la Regi\u00f3n de Ays\u00e9n. En estos cuatro a\u00f1os como Seremi del Trabajo y Previsi\u00f3n Social, me toc\u00f3 conocer a muchos dirigentes sindicales, a muchas personas que necesitaban el apoyo de la Direcci\u00f3n del Trabajo; del Servicio Nacional de Capacitaci\u00f3n y Empleo, Sence; del IPS ChileAtiende, Instituto de Previsi\u00f3n Social y del ISL, Instituto de Seguridad Laboral. Esperamos haber podido llegar con todo nuestro apoyo y ayuda, sin duda nos toc\u00f3 momentos muy dif\u00edciles por la pandemia, pero estuvimos con ustedes, muchas gracias y sigan contando con esta seremi\u00bb. <\/span><\/p>\n<p class=\"v1MsoNormal\" style=\"text-align: justify;\"><span lang=\"ES-MX\">Finalmente, Ponce hizo hincapi\u00e9 en la importante labor y compromiso de los funcionarios\/as de los servicios dependientes del ministerio durante la pandemia, sin cerrar sus puertas y realizando turnos \u00e9ticos en el periodo m\u00e1s crudo, a quienes agradeci\u00f3 personalmente visitando cada una de las dependencias de los servicios de Coyhaique, Puerto Ays\u00e9n y Puerto Cisnes. <\/span><\/p>\n<p class=\"v1MsoNormal\" style=\"text-align: justify;\"><span lang=\"ES-MX\">Valor\u00f3 la respuesta de la Direcci\u00f3n del Trabajo, que enfrent\u00f3 diversos desaf\u00edos, como la implementaci\u00f3n de nuevas leyes, protocolos, fiscalizaciones, <\/span><span lang=\"ES\"><a href=\"https:\/\/www.facebook.com\/hashtag\/pasoapaso?__eep__=6&amp;__cft__%5b0%5d=AZUfQB-ZsNRXj9xgL3jq-4PEsi6xLR6sSrdyA2yT8yt56g2FjUnCEjBxkcwOOCsKT8-Qn1AGsaTk8lIQcSBWoZeDdGk2kEDMA1KdYtkBNbFu9yjBc9U7FPNkFY6YClJxKYgjta0aV7eJG-u9R7b3G7rt&amp;__tn__=*NK-R\" target=\"_blank\" rel=\"noopener noreferrer\"><span lang=\"ES-MX\">implementaci\u00f3n<\/span><\/a><\/span><span lang=\"ES-MX\"> y cambios en el Plan Paso a Paso que origin\u00f3 tambi\u00e9n el\u00a0 Paso a Paso Laboral, digitalizaci\u00f3n de tr\u00e1mites y procedimientos, adem\u00e1s de la nueva ley de Modernizaci\u00f3n de la DT. En Sence, destac\u00f3 su adaptaci\u00f3n, ya que fueron pioneros a nivel nacional en implementar cursos <\/span><span lang=\"ES\"><a href=\"https:\/\/www.facebook.com\/hashtag\/online?__eep__=6&amp;__cft__%5b0%5d=AZVOdlTlE0NOSIHUOrC-As-KKVU2eL8nzWDPAVobFkc2eiLpflaCOfqtOSkhKgjj3yT3LBD3c7zzMC9U6CdCRca2bA5c16M-43ifODrLY6iUFNlhElM4PrOpLc2C2voLGxwGYAZCAoPM_2vnQwW0BhQT&amp;__tn__=*NK-R\" target=\"_blank\" rel=\"noopener noreferrer\"><span lang=\"ES-MX\">online<\/span><\/a><\/span><span lang=\"ES-MX\"> con las capacitaciones con financiamiento del Fondo Nacional de Desarrollo Regional, FNDR, del Gobierno Regional de Ays\u00e9n, para ir en apoyo de sindicatos que no hab\u00edan tenido la necesidad de recibir apoyo anteriormente \u2013como en Sindicato de Profesionales de la Belleza y Sindicato de Trabajadores Gastron\u00f3micos, entre otros-, adem\u00e1s de ejecutar los Subsidios al Empleo y otras capacitaciones dirigidas a los trabajadores\/as en formaci\u00f3n y reconversi\u00f3n. En tanto, en el ISL, los funcionarios\/as estuvieron acompa\u00f1ando a empresas y trabajadores adheridos a implementar protocolos de salud y seguridad relacionados con el Covid, debiendo digitalizar procesos, atenciones y crear un sistema de capacitaciones en l\u00ednea. Por \u00faltimo, en el IPS ChileAtiende, valor\u00f3 y agradeci\u00f3 el gran compromiso al servicio de las personas, apoyando a los adultos mayores, a las familias y a toda la comunidad, orientando sobre los IFE y los diversos beneficios en la \u00e9poca de pandemia.<\/span><\/p>\n<p class=\"v1MsoNormal\" style=\"text-align: justify;\">Cabe mencionar que la autoridad renunci\u00f3 a su cargo a partir del d\u00eda 9 de marzo 2022, quedando como subrogante la Directora regional del Trabajo, Victoria Sierra.<\/p>\n<\/div><\/section><\/div><div  style='height:50px' class='hr hr-invisible   avia-builder-el-6  el_after_av_one_full  el_before_av_social_share '><span class='hr-inner ' ><span class='hr-inner-style'><\/span><\/span><\/div><\/p>\n<div  class='av-social-sharing-box  avia-builder-el-7  el_after_av_hr  el_before_av_hr  '><div class='av-share-box'><h5 class='av-share-link-description av-no-toc '>Compartir esta noticia<\/h5><ul class='av-share-box-list noLightbox'><li class='av-share-link av-social-link-facebook' ><a target=\"_blank\" aria-label=\"Compartir en Facebook\" href='https:\/\/www.facebook.com\/sharer.php?u=https:\/\/radiorevelacionfm.cl\/?p=14454&#038;t=Seremi%20Andrea%20Ponce%3A%20%C2%ABHoy%20la%20regi%C3%B3n%20de%20Ays%C3%A9n%20est%C3%A1%20con%20pleno%20empleo%20y%20avanzamos%20en%20nuevas%20leyes%20laborales%20para%20proteger%20a%20trabajadores%2C%20adem%C3%A1s%20de%20una%20Pensi%C3%B3n%20Garantizada%20Universal%C2%BB' aria-hidden='false' data-av_icon='\ue8f3' data-av_iconfont='entypo-fontello' title='' data-avia-related-tooltip='Compartir en Facebook' rel=\"noopener\"><span class='avia_hidden_link_text'>Compartir en Facebook<\/span><\/a><\/li><li class='av-share-link av-social-link-twitter' ><a target=\"_blank\" aria-label=\"Compartir en Twitter\" href='https:\/\/twitter.com\/share?text=Seremi%20Andrea%20Ponce%3A%20%C2%ABHoy%20la%20regi%C3%B3n%20de%20Ays%C3%A9n%20est%C3%A1%20con%20pleno%20empleo%20y%20avanzamos%20en%20nuevas%20leyes%20laborales%20para%20proteger%20a%20trabajadores%2C%20adem%C3%A1s%20de%20una%20Pensi%C3%B3n%20Garantizada%20Universal%C2%BB&#038;url=https:\/\/radiorevelacionfm.cl\/?p=14454' aria-hidden='false' data-av_icon='\ue8f1' data-av_iconfont='entypo-fontello' title='' data-avia-related-tooltip='Compartir en Twitter' rel=\"noopener\"><span class='avia_hidden_link_text'>Compartir en Twitter<\/span><\/a><\/li><li class='av-share-link av-social-link-whatsapp' ><a target=\"_blank\" aria-label=\"Compartir en Whatsapp\" href='https:\/\/api.whatsapp.com\/send?text=https:\/\/radiorevelacionfm.cl\/?p=14454' aria-hidden='false' data-av_icon='\uf232' data-av_iconfont='entypo-fontello' title='' data-avia-related-tooltip='Compartir en Whatsapp' rel=\"noopener\"><span class='avia_hidden_link_text'>Compartir en Whatsapp<\/span><\/a><\/li><li class='av-share-link av-social-link-linkedin' ><a target=\"_blank\" aria-label=\"Compartir en LinkedIn\" href='https:\/\/linkedin.com\/shareArticle?mini=true&#038;title=Seremi%20Andrea%20Ponce%3A%20%C2%ABHoy%20la%20regi%C3%B3n%20de%20Ays%C3%A9n%20est%C3%A1%20con%20pleno%20empleo%20y%20avanzamos%20en%20nuevas%20leyes%20laborales%20para%20proteger%20a%20trabajadores%2C%20adem%C3%A1s%20de%20una%20Pensi%C3%B3n%20Garantizada%20Universal%C2%BB&#038;url=https:\/\/radiorevelacionfm.cl\/?p=14454' aria-hidden='false' data-av_icon='\ue8fc' data-av_iconfont='entypo-fontello' title='' data-avia-related-tooltip='Compartir en LinkedIn' rel=\"noopener\"><span class='avia_hidden_link_text'>Compartir en LinkedIn<\/span><\/a><\/li><li class='av-share-link av-social-link-mail' ><a  aria-label=\"Compartir por correo\" href='mailto:?subject=Seremi%20Andrea%20Ponce%3A%20%C2%ABHoy%20la%20regi%C3%B3n%20de%20Ays%C3%A9n%20est%C3%A1%20con%20pleno%20empleo%20y%20avanzamos%20en%20nuevas%20leyes%20laborales%20para%20proteger%20a%20trabajadores%2C%20adem%C3%A1s%20de%20una%20Pensi%C3%B3n%20Garantizada%20Universal%C2%BB&#038;body=https:\/\/radiorevelacionfm.cl\/?p=14454' aria-hidden='false' data-av_icon='\ue805' data-av_iconfont='entypo-fontello' title='' data-avia-related-tooltip='Compartir por correo'><span class='avia_hidden_link_text'>Compartir por correo<\/span><\/a><\/li><\/ul><\/div><\/div>\n<div  style='height:50px' class='hr hr-invisible   avia-builder-el-8  el_after_av_social_share  el_before_av_comments_list '><span class='hr-inner ' ><span class='hr-inner-style'><\/span><\/span><\/div>\n<div  class='av-buildercomment  av-blog-meta-html-info-disabled av-blog-meta-tag-disabled  '><\/div>\n","protected":false},"excerpt":{"rendered":"","protected":false},"author":1,"featured_media":14455,"comment_status":"open","ping_status":"open","sticky":false,"template":"","format":"standard","meta":{"footnotes":""},"categories":[56],"tags":[],"class_list":["post-14454","post","type-post","status-publish","format-standard","has-post-thumbnail","hentry","category-trabajo"],"jetpack_featured_media_url":"https:\/\/radiorevelacionfm.cl\/wp-content\/uploads\/2022\/03\/construc_sueldosimpagos-2_optimized.jpg","_links":{"self":[{"href":"https:\/\/radiorevelacionfm.cl\/index.php?rest_route=\/wp\/v2\/posts\/14454","targetHints":{"allow":["GET"]}}],"collection":[{"href":"https:\/\/radiorevelacionfm.cl\/index.php?rest_route=\/wp\/v2\/posts"}],"about":[{"href":"https:\/\/radiorevelacionfm.cl\/index.php?rest_route=\/wp\/v2\/types\/post"}],"author":[{"embeddable":true,"href":"https:\/\/radiorevelacionfm.cl\/index.php?rest_route=\/wp\/v2\/users\/1"}],"replies":[{"embeddable":true,"href":"https:\/\/radiorevelacionfm.cl\/index.php?rest_route=%2Fwp%2Fv2%2Fcomments&post=14454"}],"version-history":[{"count":2,"href":"https:\/\/radiorevelacionfm.cl\/index.php?rest_route=\/wp\/v2\/posts\/14454\/revisions"}],"predecessor-version":[{"id":14457,"href":"https:\/\/radiorevelacionfm.cl\/index.php?rest_route=\/wp\/v2\/posts\/14454\/revisions\/14457"}],"wp:featuredmedia":[{"embeddable":true,"href":"https:\/\/radiorevelacionfm.cl\/index.php?rest_route=\/wp\/v2\/media\/14455"}],"wp:attachment":[{"href":"https:\/\/radiorevelacionfm.cl\/index.php?rest_route=%2Fwp%2Fv2%2Fmedia&parent=14454"}],"wp:term":[{"taxonomy":"category","embeddable":true,"href":"https:\/\/radiorevelacionfm.cl\/index.php?rest_route=%2Fwp%2Fv2%2Fcategories&post=14454"},{"taxonomy":"post_tag","embeddable":true,"href":"https:\/\/radiorevelacionfm.cl\/index.php?rest_route=%2Fwp%2Fv2%2Ftags&post=14454"}],"curies":[{"name":"wp","href":"https:\/\/api.w.org\/{rel}","templated":true}]}}