{"id":14448,"date":"2022-03-10T09:24:43","date_gmt":"2022-03-10T12:24:43","guid":{"rendered":"https:\/\/radiorevelacionfm.cl\/?p=14448"},"modified":"2022-03-10T09:24:43","modified_gmt":"2022-03-10T12:24:43","slug":"mineduc-destaca-que-inicio-de-ano-academico-en-la-educacion-superior-sera-principalmente-presencial","status":"publish","type":"post","link":"https:\/\/radiorevelacionfm.cl\/?p=14448","title":{"rendered":"Mineduc destaca que inicio de a\u00f1o acad\u00e9mico en la educaci\u00f3n superior ser\u00e1 principalmente presencial"},"content":{"rendered":"<div class=\"flex_column av_one_full  flex_column_div av-zero-column-padding first  avia-builder-el-0  el_before_av_one_full  avia-builder-el-first  \" style='border-radius:0px; '><div  class='avia-image-container  av-styling-    avia-builder-el-1  avia-builder-el-no-sibling  avia-align-center '  itemprop=\"image\" itemscope=\"itemscope\" itemtype=\"https:\/\/schema.org\/ImageObject\"  ><div class='avia-image-container-inner'><div class='avia-image-overlay-wrap'><img decoding=\"async\" class='wp-image-0 avia-img-lazy-loading-not-0 avia_image' src=\"https:\/\/radiorevelacionfm.cl\/wp-content\/uploads\/2021\/04\/Estudiantes.jpg\" alt='' title=''   itemprop=\"thumbnailUrl\"  \/><\/div><\/div><\/div><\/div><div class=\"flex_column av_one_full  flex_column_div av-zero-column-padding first  avia-builder-el-2  el_after_av_one_full  el_before_av_one_full  column-top-margin\" style='border-radius:0px; '><section class=\"av_textblock_section \"  itemscope=\"itemscope\" itemtype=\"https:\/\/schema.org\/BlogPosting\" itemprop=\"blogPost\" ><div class='avia_textblock  '   itemprop=\"text\" ><p style=\"text-align: center;\"><span style=\"font-size: 18pt;\"><b>Mineduc destaca que inicio de a\u00f1o acad\u00e9mico en la educaci\u00f3n superior ser\u00e1 principalmente presencial<\/b><\/span><\/p>\n<div id=\"gtx-trans\" style=\"position: absolute; left: -50px; top: 4.31534px;\">\n<div class=\"gtx-trans-icon\"><\/div>\n<\/div>\n<\/div><\/section><\/div><div class=\"flex_column av_one_full  flex_column_div av-zero-column-padding first  avia-builder-el-4  el_after_av_one_full  el_before_av_hr  column-top-margin\" style='border-radius:0px; '><section class=\"av_textblock_section \"  itemscope=\"itemscope\" itemtype=\"https:\/\/schema.org\/BlogPosting\" itemprop=\"blogPost\" ><div class='avia_textblock  '   itemprop=\"text\" ><p class=\"v1MsoNormal\" style=\"text-align: justify;\">Con una visita a la casa central de la Universidad de Chile, el ministro de Educaci\u00f3n Ra\u00fal Figueroa, junto al rector de la Casa de Bello, Ennio Vivaldi y el subsecretario de Educaci\u00f3n Superior, Juan Eduardo Vargas destacaron que durante este a\u00f1o acad\u00e9mico las actividades volver\u00e1n a ser presenciales en las instituciones de educaci\u00f3n superior a lo largo del pa\u00eds.<\/p>\n<p class=\"v1MsoNormal\" style=\"text-align: justify;\">\u201cQuiero agradecer el esfuerzo que la Universidad de Chile y todas las instituciones de\u00a0 educaci\u00f3n superior han llevado adelante durante este tiempo para dar continuidad a un proceso educativo, y darle tambi\u00e9n la tranquilidad al pa\u00eds, de que las instituciones de educaci\u00f3n superior se han preparado para tener un a\u00f1o 2022 en el que la presencialidad sea la regla\u201d, se\u00f1al\u00f3 el Ministro Figueroa, quien adem\u00e1s destac\u00f3 la importancia de recuperar la presencialidad \u201cpara que la experiencia de la educaci\u00f3n superior, sea una experiencia completa, tanto para alumnos como para acad\u00e9micos y funcionarios\u201d.<\/p>\n<p class=\"v1MsoNormal\" style=\"text-align: justify;\">El ministro record\u00f3 que \u201ca la preparaci\u00f3n de las instituciones de educaci\u00f3n superior, se agrega un excelente proceso de vacunaci\u00f3n, que en el caso de los j\u00f3venes alcanza porcentajes superiores al 95% del sistema de educaci\u00f3n superior, lo que incorpora un factor adicional de seguridad, de confianza, que obviamente debe combinarse con el autocuidado al cual cada uno debe adecuarse, como uso de la mascarilla, ventilaci\u00f3n y preparaci\u00f3n de los espacios por parte de las instituciones\u201d.<\/p>\n<p class=\"v1MsoNormal\" style=\"text-align: justify;\">Por su parte, el rector de la Universidad de Chile, Ennio Vivaldi, se\u00f1al\u00f3 que \u201cver los campus nuevamente llenos de estudiantes genera una profunda emoci\u00f3n, porque la Universidad es, por sobre todo, un ambiente en el cual las y los estudiantes se encuentran con profesores y libros, pero por sobre todo donde se encuentran entre s\u00ed. Nos enorgullece, adem\u00e1s, tener la capacidad de proveer las condiciones sociosanitarias necesarias para permitir este retorno, fruto de un trabajo mancomunado y exhaustivo que ha involucrado a todos los estamentos de la comunidad universitaria y que mantendremos con rigurosidad para garantizar que la presencialidad sea segura para todos. Junto con celebrar este regreso, nos alegra haber adquirido competencias tecnol\u00f3gicas para tomar de la virtualidad aquellas herramientas que complementar\u00e1n de mejor forma nuestro quehacer educativo\u201d.<\/p>\n<p class=\"v1MsoNormal\" style=\"text-align: justify;\">Las cifras de vacunaci\u00f3n a diciembre de 2021 indicaban que a nivel de estudiantes de educaci\u00f3n superior hab\u00eda un promedio de 95% de personas vacunadas con dos dosis, liderados por las universidades (97%), institutos profesionales (94%) y centros de formaci\u00f3n t\u00e9cnica (93%), lo que permit\u00eda que pr\u00e1cticamente la totalidad de los estudiantes pudieran volver a la presencialidad a partir del segundo semestre del a\u00f1o pasado.<\/p>\n<p class=\"v1MsoNormal\" style=\"text-align: justify;\"><b>En el retorno presencial la mayor\u00eda de las estudiantes son mujeres<\/b><\/p>\n<p class=\"v1MsoNormal\" style=\"text-align: justify;\">En el marco del D\u00eda Internacional de la Mujer, el ministro Figueroa destac\u00f3 el trabajo realizado por el Ministerio de Educaci\u00f3n para avanzar en la equidad de g\u00e9nero. Record\u00f3 como en 2018 y ante la falta de protocolos contra el abuso y acoso sexual en las instituciones de educaci\u00f3n superior, el Mineduc cre\u00f3 una serie de instancias transversales para permitir que este tipo de iniciativas se incorporaran a la institucionalidad a lo largo del pa\u00eds.<\/p>\n<\/div><\/section><\/div><div  style='height:50px' class='hr hr-invisible   avia-builder-el-6  el_after_av_one_full  el_before_av_social_share '><span class='hr-inner ' ><span class='hr-inner-style'><\/span><\/span><\/div><\/p>\n<div  class='av-social-sharing-box  avia-builder-el-7  el_after_av_hr  el_before_av_hr  '><div class='av-share-box'><h5 class='av-share-link-description av-no-toc '>Compartir esta noticia<\/h5><ul class='av-share-box-list noLightbox'><li class='av-share-link av-social-link-facebook' ><a target=\"_blank\" aria-label=\"Compartir en Facebook\" href='https:\/\/www.facebook.com\/sharer.php?u=https:\/\/radiorevelacionfm.cl\/?p=14448&#038;t=Mineduc%20destaca%20que%20inicio%20de%20a%C3%B1o%20acad%C3%A9mico%20en%20la%20educaci%C3%B3n%20superior%20ser%C3%A1%20principalmente%20presencial' aria-hidden='false' data-av_icon='\ue8f3' data-av_iconfont='entypo-fontello' title='' data-avia-related-tooltip='Compartir en Facebook' rel=\"noopener\"><span class='avia_hidden_link_text'>Compartir en Facebook<\/span><\/a><\/li><li class='av-share-link av-social-link-twitter' ><a target=\"_blank\" aria-label=\"Compartir en Twitter\" href='https:\/\/twitter.com\/share?text=Mineduc%20destaca%20que%20inicio%20de%20a%C3%B1o%20acad%C3%A9mico%20en%20la%20educaci%C3%B3n%20superior%20ser%C3%A1%20principalmente%20presencial&#038;url=https:\/\/radiorevelacionfm.cl\/?p=14448' aria-hidden='false' data-av_icon='\ue8f1' data-av_iconfont='entypo-fontello' title='' data-avia-related-tooltip='Compartir en Twitter' rel=\"noopener\"><span class='avia_hidden_link_text'>Compartir en Twitter<\/span><\/a><\/li><li class='av-share-link av-social-link-whatsapp' ><a target=\"_blank\" aria-label=\"Compartir en Whatsapp\" href='https:\/\/api.whatsapp.com\/send?text=https:\/\/radiorevelacionfm.cl\/?p=14448' aria-hidden='false' data-av_icon='\uf232' data-av_iconfont='entypo-fontello' title='' data-avia-related-tooltip='Compartir en Whatsapp' rel=\"noopener\"><span class='avia_hidden_link_text'>Compartir en Whatsapp<\/span><\/a><\/li><li class='av-share-link av-social-link-linkedin' ><a target=\"_blank\" aria-label=\"Compartir en LinkedIn\" href='https:\/\/linkedin.com\/shareArticle?mini=true&#038;title=Mineduc%20destaca%20que%20inicio%20de%20a%C3%B1o%20acad%C3%A9mico%20en%20la%20educaci%C3%B3n%20superior%20ser%C3%A1%20principalmente%20presencial&#038;url=https:\/\/radiorevelacionfm.cl\/?p=14448' aria-hidden='false' data-av_icon='\ue8fc' data-av_iconfont='entypo-fontello' title='' data-avia-related-tooltip='Compartir en LinkedIn' rel=\"noopener\"><span class='avia_hidden_link_text'>Compartir en LinkedIn<\/span><\/a><\/li><li class='av-share-link av-social-link-mail' ><a  aria-label=\"Compartir por correo\" href='mailto:?subject=Mineduc%20destaca%20que%20inicio%20de%20a%C3%B1o%20acad%C3%A9mico%20en%20la%20educaci%C3%B3n%20superior%20ser%C3%A1%20principalmente%20presencial&#038;body=https:\/\/radiorevelacionfm.cl\/?p=14448' aria-hidden='false' data-av_icon='\ue805' data-av_iconfont='entypo-fontello' title='' data-avia-related-tooltip='Compartir por correo'><span class='avia_hidden_link_text'>Compartir por correo<\/span><\/a><\/li><\/ul><\/div><\/div>\n<div  style='height:50px' class='hr hr-invisible   avia-builder-el-8  el_after_av_social_share  el_before_av_comments_list '><span class='hr-inner ' ><span class='hr-inner-style'><\/span><\/span><\/div>\n<div  class='av-buildercomment  av-blog-meta-html-info-disabled av-blog-meta-tag-disabled  '><\/div>\n","protected":false},"excerpt":{"rendered":"","protected":false},"author":1,"featured_media":0,"comment_status":"open","ping_status":"open","sticky":false,"template":"","format":"standard","meta":{"footnotes":""},"categories":[49],"tags":[],"class_list":["post-14448","post","type-post","status-publish","format-standard","hentry","category-educacion"],"jetpack_featured_media_url":"","_links":{"self":[{"href":"https:\/\/radiorevelacionfm.cl\/index.php?rest_route=\/wp\/v2\/posts\/14448","targetHints":{"allow":["GET"]}}],"collection":[{"href":"https:\/\/radiorevelacionfm.cl\/index.php?rest_route=\/wp\/v2\/posts"}],"about":[{"href":"https:\/\/radiorevelacionfm.cl\/index.php?rest_route=\/wp\/v2\/types\/post"}],"author":[{"embeddable":true,"href":"https:\/\/radiorevelacionfm.cl\/index.php?rest_route=\/wp\/v2\/users\/1"}],"replies":[{"embeddable":true,"href":"https:\/\/radiorevelacionfm.cl\/index.php?rest_route=%2Fwp%2Fv2%2Fcomments&post=14448"}],"version-history":[{"count":2,"href":"https:\/\/radiorevelacionfm.cl\/index.php?rest_route=\/wp\/v2\/posts\/14448\/revisions"}],"predecessor-version":[{"id":14477,"href":"https:\/\/radiorevelacionfm.cl\/index.php?rest_route=\/wp\/v2\/posts\/14448\/revisions\/14477"}],"wp:attachment":[{"href":"https:\/\/radiorevelacionfm.cl\/index.php?rest_route=%2Fwp%2Fv2%2Fmedia&parent=14448"}],"wp:term":[{"taxonomy":"category","embeddable":true,"href":"https:\/\/radiorevelacionfm.cl\/index.php?rest_route=%2Fwp%2Fv2%2Fcategories&post=14448"},{"taxonomy":"post_tag","embeddable":true,"href":"https:\/\/radiorevelacionfm.cl\/index.php?rest_route=%2Fwp%2Fv2%2Ftags&post=14448"}],"curies":[{"name":"wp","href":"https:\/\/api.w.org\/{rel}","templated":true}]}}