{"id":14445,"date":"2022-03-09T17:48:42","date_gmt":"2022-03-09T20:48:42","guid":{"rendered":"https:\/\/radiorevelacionfm.cl\/?p=14445"},"modified":"2022-03-09T17:48:42","modified_gmt":"2022-03-09T20:48:42","slug":"diputado-alinco-por-decreto-de-escasez-hidrica-insto-al-futuro-gobierno-a-promover-soluciones-definitivas-para-los-sectores-campesinos","status":"publish","type":"post","link":"https:\/\/radiorevelacionfm.cl\/?p=14445","title":{"rendered":"Diputado Alinco por decreto de escasez h\u00eddrica: \u201cInsto al futuro gobierno a promover soluciones definitivas para los sectores campesinos\u201d"},"content":{"rendered":"<div class=\"flex_column av_one_full  flex_column_div av-zero-column-padding first  avia-builder-el-0  el_before_av_one_full  avia-builder-el-first  \" style='border-radius:0px; '><div  class='avia-image-container  av-styling-    avia-builder-el-1  avia-builder-el-no-sibling  avia-align-center '  itemprop=\"image\" itemscope=\"itemscope\" itemtype=\"https:\/\/schema.org\/ImageObject\"  ><div class='avia-image-container-inner'><div class='avia-image-overlay-wrap'><img decoding=\"async\" class='wp-image-4790 avia-img-lazy-loading-not-4790 avia_image' src=\"https:\/\/radiorevelacionfm.cl\/wp-content\/uploads\/2021\/06\/Diputado-Alinco2-1-1.jpg\" alt='' title='Diputado Alinco2 (1) (1)' height=\"600\" width=\"994\"  itemprop=\"thumbnailUrl\" srcset=\"https:\/\/radiorevelacionfm.cl\/wp-content\/uploads\/2021\/06\/Diputado-Alinco2-1-1.jpg 994w, https:\/\/radiorevelacionfm.cl\/wp-content\/uploads\/2021\/06\/Diputado-Alinco2-1-1-300x181.jpg 300w, https:\/\/radiorevelacionfm.cl\/wp-content\/uploads\/2021\/06\/Diputado-Alinco2-1-1-768x464.jpg 768w, https:\/\/radiorevelacionfm.cl\/wp-content\/uploads\/2021\/06\/Diputado-Alinco2-1-1-705x426.jpg 705w, https:\/\/radiorevelacionfm.cl\/wp-content\/uploads\/2021\/06\/Diputado-Alinco2-1-1-600x362.jpg 600w\" sizes=\"(max-width: 994px) 100vw, 994px\" \/><\/div><\/div><\/div><\/div><div class=\"flex_column av_one_full  flex_column_div av-zero-column-padding first  avia-builder-el-2  el_after_av_one_full  el_before_av_one_full  column-top-margin\" style='border-radius:0px; '><section class=\"av_textblock_section \"  itemscope=\"itemscope\" itemtype=\"https:\/\/schema.org\/BlogPosting\" itemprop=\"blogPost\" ><div class='avia_textblock  '   itemprop=\"text\" ><p style=\"text-align: center;\"><strong><span style=\"font-size: 18pt;\">Diputado Alinco por decreto de escasez h\u00eddrica: \u201cInsto al futuro gobierno a promover soluciones definitivas para los sectores campesinos\u201d<\/span><\/strong><\/p>\n<div id=\"gtx-trans\" style=\"position: absolute; left: -50px; top: 4.31534px;\">\n<div class=\"gtx-trans-icon\"><\/div>\n<\/div>\n<\/div><\/section><\/div><div class=\"flex_column av_one_full  flex_column_div av-zero-column-padding first  avia-builder-el-4  el_after_av_one_full  el_before_av_hr  column-top-margin\" style='border-radius:0px; '><section class=\"av_textblock_section \"  itemscope=\"itemscope\" itemtype=\"https:\/\/schema.org\/BlogPosting\" itemprop=\"blogPost\" ><div class='avia_textblock  '   itemprop=\"text\" ><p style=\"text-align: justify;\">Tras conocerse el documento emanado desde el Ministerio de Obras P\u00fablicas, mediante el cual se decreta escasez h\u00eddrica para las comunas de Coyhaique y Chile Chico, las que concentran el 61% de la poblaci\u00f3n regional, el parlamentario Ren\u00e9 Alinco Bustos, expres\u00f3 su preocupaci\u00f3n luego de advertir esta situaci\u00f3n hace meses en la comisi\u00f3n de Agricultura de la C\u00e1mara de Diputadas y Diputados, adem\u00e1s de sugerir al Gobierno Regional la compra de camiones aljibes para acudir en ayuda, sobre todo a los sectores rurales de la regi\u00f3n de Ays\u00e9n.<\/p>\n<p style=\"text-align: justify;\">Tal como se\u00f1ala el comunicado de la Direcci\u00f3n General de Aguas, desde el a\u00f1o 2008 que no se decreta escasez h\u00eddrica en Coyhaique y Chile Chico, siendo que las condiciones clim\u00e1ticas se han observado adversas desde hace mucho tiempo. Ante esto el diputado Alinco Bustos coment\u00f3 que \u201cal fin se decidi\u00f3, despu\u00e9s de m\u00faltiples presentaciones, tanto a nivel regional como a nivel nacional y a trav\u00e9s de la C\u00e1mara, decretar escasez h\u00eddrica en la regi\u00f3n, espero que este decreto sea continuado por el nuevo Gobierno. Aqu\u00ed tenemos que buscar soluciones definitivas a esta problem\u00e1tica\u201d.<\/p>\n<p style=\"text-align: justify;\">En ese contexto, el diputado record\u00f3 que en octubre del a\u00f1o pasado sugiri\u00f3 al Gobierno Regional el acentuar sus medidas en cuanto a la escasez h\u00eddrica comprando camiones aljibes debido a todas las sugerencias levantadas desde diferentes sectores rurales de la regi\u00f3n. \u201cA trav\u00e9s del calentamiento global y la mala administraci\u00f3n y privatizaci\u00f3n del agua, hoy d\u00eda hay sectores muy desfavorecidos, el mundo campesino como Galera Chico, San Miguel, Villa Ortega, Mano Negra, Lago Verde, etc. hace mucho tiempo que est\u00e1n sufriendo el d\u00e9ficit h\u00eddrico\u201d, enfatiz\u00f3 el parlamentario, agregando que este decreto deber\u00eda ser el inicio \u201cpara buscar una soluci\u00f3n definitiva a la escasez del agua que sin lugar a dudas tambi\u00e9n se aproximar\u00e1 a la ciudad dentro de los pr\u00f3ximos a\u00f1os\u201d.<\/p>\n<p style=\"text-align: justify;\">En cuanto a c\u00f3mo se ve afectado el sector rural y el c\u00edrculo econ\u00f3mico y social que los rodea, el parlamentario se\u00f1al\u00f3 que solicitar\u00e1 una reuni\u00f3n con el pr\u00f3ximo ministro de Agricultura, \u201cpues ya he planteado esta situaci\u00f3n en la comisi\u00f3n de la C\u00e1mara y lo seguir\u00e9 planteando ya que pertenecer\u00e9 nuevamente a esta instancia, y aqu\u00ed hago un ferviente llamado a los sectores campesinos a organizarse y exigir al futuro gobierno soluciones definitivas porque tenemos que terminar con las soluciones parche\u201d, dijo Alinco.<\/p>\n<p style=\"text-align: justify;\">Finalmente, el congresista record\u00f3 que \u201chace a\u00f1os atr\u00e1s presentamos un proyecto para la nacionalizaci\u00f3n del agua y esperamos que el futuro gobierno pueda nacionalizarla porque Chile es el \u00fanico pa\u00eds donde el agua pertenece a las personas y no al Estado\u201d.<\/p>\n<\/div><\/section><\/div><div  style='height:50px' class='hr hr-invisible   avia-builder-el-6  el_after_av_one_full  el_before_av_social_share '><span class='hr-inner ' ><span class='hr-inner-style'><\/span><\/span><\/div><\/p>\n<div  class='av-social-sharing-box  avia-builder-el-7  el_after_av_hr  el_before_av_hr  '><div class='av-share-box'><h5 class='av-share-link-description av-no-toc '>Compartir esta noticia<\/h5><ul class='av-share-box-list noLightbox'><li class='av-share-link av-social-link-facebook' ><a target=\"_blank\" aria-label=\"Compartir en Facebook\" href='https:\/\/www.facebook.com\/sharer.php?u=https:\/\/radiorevelacionfm.cl\/?p=14445&#038;t=Diputado%20Alinco%20por%20decreto%20de%20escasez%20h%C3%ADdrica%3A%20%E2%80%9CInsto%20al%20futuro%20gobierno%20a%20promover%20soluciones%20definitivas%20para%20los%20sectores%20campesinos%E2%80%9D' aria-hidden='false' data-av_icon='\ue8f3' data-av_iconfont='entypo-fontello' title='' data-avia-related-tooltip='Compartir en Facebook' rel=\"noopener\"><span class='avia_hidden_link_text'>Compartir en Facebook<\/span><\/a><\/li><li class='av-share-link av-social-link-twitter' ><a target=\"_blank\" aria-label=\"Compartir en Twitter\" href='https:\/\/twitter.com\/share?text=Diputado%20Alinco%20por%20decreto%20de%20escasez%20h%C3%ADdrica%3A%20%E2%80%9CInsto%20al%20futuro%20gobierno%20a%20promover%20soluciones%20definitivas%20para%20los%20sectores%20campesinos%E2%80%9D&#038;url=https:\/\/radiorevelacionfm.cl\/?p=14445' aria-hidden='false' data-av_icon='\ue8f1' data-av_iconfont='entypo-fontello' title='' data-avia-related-tooltip='Compartir en Twitter' rel=\"noopener\"><span class='avia_hidden_link_text'>Compartir en Twitter<\/span><\/a><\/li><li class='av-share-link av-social-link-whatsapp' ><a target=\"_blank\" aria-label=\"Compartir en Whatsapp\" href='https:\/\/api.whatsapp.com\/send?text=https:\/\/radiorevelacionfm.cl\/?p=14445' aria-hidden='false' data-av_icon='\uf232' data-av_iconfont='entypo-fontello' title='' data-avia-related-tooltip='Compartir en Whatsapp' rel=\"noopener\"><span class='avia_hidden_link_text'>Compartir en Whatsapp<\/span><\/a><\/li><li class='av-share-link av-social-link-linkedin' ><a target=\"_blank\" aria-label=\"Compartir en LinkedIn\" href='https:\/\/linkedin.com\/shareArticle?mini=true&#038;title=Diputado%20Alinco%20por%20decreto%20de%20escasez%20h%C3%ADdrica%3A%20%E2%80%9CInsto%20al%20futuro%20gobierno%20a%20promover%20soluciones%20definitivas%20para%20los%20sectores%20campesinos%E2%80%9D&#038;url=https:\/\/radiorevelacionfm.cl\/?p=14445' aria-hidden='false' data-av_icon='\ue8fc' data-av_iconfont='entypo-fontello' title='' data-avia-related-tooltip='Compartir en LinkedIn' rel=\"noopener\"><span class='avia_hidden_link_text'>Compartir en LinkedIn<\/span><\/a><\/li><li class='av-share-link av-social-link-mail' ><a  aria-label=\"Compartir por correo\" href='mailto:?subject=Diputado%20Alinco%20por%20decreto%20de%20escasez%20h%C3%ADdrica%3A%20%E2%80%9CInsto%20al%20futuro%20gobierno%20a%20promover%20soluciones%20definitivas%20para%20los%20sectores%20campesinos%E2%80%9D&#038;body=https:\/\/radiorevelacionfm.cl\/?p=14445' aria-hidden='false' data-av_icon='\ue805' data-av_iconfont='entypo-fontello' title='' data-avia-related-tooltip='Compartir por correo'><span class='avia_hidden_link_text'>Compartir por correo<\/span><\/a><\/li><\/ul><\/div><\/div>\n<div  style='height:50px' class='hr hr-invisible   avia-builder-el-8  el_after_av_social_share  el_before_av_comments_list '><span class='hr-inner ' ><span class='hr-inner-style'><\/span><\/span><\/div>\n<div  class='av-buildercomment  av-blog-meta-html-info-disabled av-blog-meta-tag-disabled  '><\/div>\n","protected":false},"excerpt":{"rendered":"","protected":false},"author":1,"featured_media":4790,"comment_status":"open","ping_status":"open","sticky":false,"template":"","format":"standard","meta":{"footnotes":""},"categories":[35],"tags":[],"class_list":["post-14445","post","type-post","status-publish","format-standard","has-post-thumbnail","hentry","category-politica"],"jetpack_featured_media_url":"https:\/\/radiorevelacionfm.cl\/wp-content\/uploads\/2021\/06\/Diputado-Alinco2-1-1.jpg","_links":{"self":[{"href":"https:\/\/radiorevelacionfm.cl\/index.php?rest_route=\/wp\/v2\/posts\/14445","targetHints":{"allow":["GET"]}}],"collection":[{"href":"https:\/\/radiorevelacionfm.cl\/index.php?rest_route=\/wp\/v2\/posts"}],"about":[{"href":"https:\/\/radiorevelacionfm.cl\/index.php?rest_route=\/wp\/v2\/types\/post"}],"author":[{"embeddable":true,"href":"https:\/\/radiorevelacionfm.cl\/index.php?rest_route=\/wp\/v2\/users\/1"}],"replies":[{"embeddable":true,"href":"https:\/\/radiorevelacionfm.cl\/index.php?rest_route=%2Fwp%2Fv2%2Fcomments&post=14445"}],"version-history":[{"count":2,"href":"https:\/\/radiorevelacionfm.cl\/index.php?rest_route=\/wp\/v2\/posts\/14445\/revisions"}],"predecessor-version":[{"id":14450,"href":"https:\/\/radiorevelacionfm.cl\/index.php?rest_route=\/wp\/v2\/posts\/14445\/revisions\/14450"}],"wp:featuredmedia":[{"embeddable":true,"href":"https:\/\/radiorevelacionfm.cl\/index.php?rest_route=\/wp\/v2\/media\/4790"}],"wp:attachment":[{"href":"https:\/\/radiorevelacionfm.cl\/index.php?rest_route=%2Fwp%2Fv2%2Fmedia&parent=14445"}],"wp:term":[{"taxonomy":"category","embeddable":true,"href":"https:\/\/radiorevelacionfm.cl\/index.php?rest_route=%2Fwp%2Fv2%2Fcategories&post=14445"},{"taxonomy":"post_tag","embeddable":true,"href":"https:\/\/radiorevelacionfm.cl\/index.php?rest_route=%2Fwp%2Fv2%2Ftags&post=14445"}],"curies":[{"name":"wp","href":"https:\/\/api.w.org\/{rel}","templated":true}]}}