{"id":14436,"date":"2022-03-10T11:09:01","date_gmt":"2022-03-10T14:09:01","guid":{"rendered":"https:\/\/radiorevelacionfm.cl\/?p=14436"},"modified":"2022-03-10T11:09:01","modified_gmt":"2022-03-10T14:09:01","slug":"exito-total-6-mil-nuevos-pasaportes-se-incorporan-a-la-ruta-de-los-parques-de-la-patagonia","status":"publish","type":"post","link":"https:\/\/radiorevelacionfm.cl\/?p=14436","title":{"rendered":"\u00a1\u00c9xito total! 6 mil nuevos Pasaportes se incorporan a la Ruta de los Parques de la Patagonia"},"content":{"rendered":"<div class=\"flex_column av_one_full  flex_column_div av-zero-column-padding first  avia-builder-el-0  el_before_av_one_full  avia-builder-el-first  \" style='border-radius:0px; '><div  class='avia-image-container  av-styling-    avia-builder-el-1  avia-builder-el-no-sibling  avia-align-center '  itemprop=\"image\" itemscope=\"itemscope\" itemtype=\"https:\/\/schema.org\/ImageObject\"  ><div class='avia-image-container-inner'><div class='avia-image-overlay-wrap'><img decoding=\"async\" class='wp-image-14437 avia-img-lazy-loading-not-14437 avia_image' src=\"https:\/\/radiorevelacionfm.cl\/wp-content\/uploads\/2022\/03\/llegaron-mas-pasaportes_-tw_fb-2_optimized.jpg\" alt='' title='llegaron-m\u00e1s-pasaportes_-tw_fb-2_optimized' height=\"600\" width=\"1145\"  itemprop=\"thumbnailUrl\" srcset=\"https:\/\/radiorevelacionfm.cl\/wp-content\/uploads\/2022\/03\/llegaron-mas-pasaportes_-tw_fb-2_optimized.jpg 1145w, https:\/\/radiorevelacionfm.cl\/wp-content\/uploads\/2022\/03\/llegaron-mas-pasaportes_-tw_fb-2_optimized-300x157.jpg 300w, https:\/\/radiorevelacionfm.cl\/wp-content\/uploads\/2022\/03\/llegaron-mas-pasaportes_-tw_fb-2_optimized-1030x540.jpg 1030w, https:\/\/radiorevelacionfm.cl\/wp-content\/uploads\/2022\/03\/llegaron-mas-pasaportes_-tw_fb-2_optimized-768x402.jpg 768w, https:\/\/radiorevelacionfm.cl\/wp-content\/uploads\/2022\/03\/llegaron-mas-pasaportes_-tw_fb-2_optimized-705x369.jpg 705w, https:\/\/radiorevelacionfm.cl\/wp-content\/uploads\/2022\/03\/llegaron-mas-pasaportes_-tw_fb-2_optimized-600x314.jpg 600w\" sizes=\"(max-width: 1145px) 100vw, 1145px\" \/><\/div><\/div><\/div><\/div>\n<div class=\"flex_column av_one_full  flex_column_div av-zero-column-padding first  avia-builder-el-2  el_after_av_one_full  el_before_av_one_full  column-top-margin\" style='border-radius:0px; '><section class=\"av_textblock_section \"  itemscope=\"itemscope\" itemtype=\"https:\/\/schema.org\/BlogPosting\" itemprop=\"blogPost\" ><div class='avia_textblock  '   itemprop=\"text\" ><p style=\"text-align: center;\"><span style=\"font-size: 18pt;\"><b>\u00a1\u00c9xito total! <\/b><b>6 mil nuevos Pasaportes se incorporan\u00a0<\/b><b>a la Ruta de los Parques de la Patagonia<\/b><\/span><\/p>\n<div id=\"gtx-trans\" style=\"position: absolute; left: -50px; top: 4.31534px;\">\n<div class=\"gtx-trans-icon\"><\/div>\n<\/div>\n<\/div><\/section><\/div><div class=\"flex_column av_one_full  flex_column_div av-zero-column-padding first  avia-builder-el-4  el_after_av_one_full  el_before_av_hr  column-top-margin\" style='border-radius:0px; '><section class=\"av_textblock_section \"  itemscope=\"itemscope\" itemtype=\"https:\/\/schema.org\/BlogPosting\" itemprop=\"blogPost\" ><div class='avia_textblock  '   itemprop=\"text\" ><p style=\"text-align: justify;\"><span style=\"font-weight: 400;\">Seis mil nuevos Pasaportes de la Ruta de los Parques de la Patagonia est\u00e1n disponibles a partir de hoy para los viajeros que visitan las \u00e1reas silvestres protegidas del Estado, y quienes agotaron r\u00e1pidamente los documentos existentes para la primera etapa de lanzamiento de la iniciativa desarrollada en conjunto por CONAF, Sernatur y Fundaci\u00f3n Rewilding Chile, el legado de Tompkins Conservation.<\/span><\/p>\n<p style=\"text-align: justify;\"><span style=\"font-weight: 400;\">Durante el mes de enero fue presentado este pasaporte al p\u00fablico, provocando un enorme entusiasmo por parte de los turistas, dado que el documento -al igual que un pasaporte real- puede ser timbrado<\/span> <span style=\"font-weight: 400;\">en cada Parque Nacional habilitado en las regiones de Los Lagos, Ays\u00e9n y Magallanes. Adem\u00e1s, funciona como una bit\u00e1cora de viajes, en la que las personas pueden escribir sobre su experiencia en la zona y registrar las especies de fauna y flora que observen.<\/span><\/p>\n<p style=\"text-align: justify;\"><span style=\"font-weight: 400;\">La iniciativa piloto, busca incentivar el turismo responsable e invita a recorrer esta parte del territorio nacional que abarca desde Puerto Montt hasta Cabo de Hornos y que comprende 17 Parques Nacionales. El proyecto tambi\u00e9n contempla editar 4.000 pasaportes en ingl\u00e9s.<\/span><\/p>\n<p style=\"text-align: justify;\"><span style=\"font-weight: 400;\">Para el Director Ejecutivo de CONAF, Rodrigo Munita, \u201c\u00e9ste es un muy buen instrumento para promover la educaci\u00f3n ambiental en cuanto a respetar y conservar la biodiversidad reinante en nuestras \u00e1reas silvestres protegidas respecto a la flora y fauna nativa, como tambi\u00e9n los recursos culturales. Los turistas entendieron perfectamente bien el sentido del pasaporte, por lo que se agotaron prontamente una vez que fueron puestos a disposici\u00f3n del p\u00fablico, ya que en ellos pueden encontrar una valiosa informaci\u00f3n de inter\u00e9s tur\u00edstico\u201d.<\/span><\/p>\n<p style=\"text-align: justify;\"><span style=\"font-weight: 400;\">En tanto que Carolina Morgado, Directora Ejecutiva de Fundaci\u00f3n Rewilding Chile, el legado de Tompkins Conservation, explic\u00f3 que \u201cse trata de una gu\u00eda esencial para viajar como turistas responsables cero huella. El principal objetivo es incentivar a los visitantes a transformarse en verdaderos guardianes de la Ruta de los Parques, fomentando una cultura de parques nacionales en Chile a trav\u00e9s de la protecci\u00f3n del patrimonio de la Patagonia\u201d.\u00a0<\/span><\/p>\n<p style=\"text-align: justify;\"><span style=\"font-weight: 400;\">\u201cHemos visto esta temporada de verano una recuperaci\u00f3n muy positiva del turismo interno en nuestro pa\u00eds. Con esto tambi\u00e9n, hemos tenido una recepci\u00f3n muy positiva de los turistas con este pasaporte que ha permitido explorar de una manera distinta los parques de la Patagonia de nuestro pa\u00eds. Los visitantes han disfrutado del privilegio natural de los Parques Nacionales de Chile\u201d, enfatiz\u00f3 Andrea Wolleter, directora nacional de Sernatur, en relaci\u00f3n al nuevo tiraje del documento.<\/span><\/p>\n<p style=\"text-align: justify;\"><b>\u00bfC\u00f3mo obtenerlo?<\/b><\/p>\n<p style=\"text-align: justify;\"><span style=\"font-weight: 400;\">Los interesados deben solicitar e inscribirse en el lugar de retiro, donde encontrar\u00e1n el c\u00f3digo QR para registrarse. A la brevedad, recibir\u00e1n un correo electr\u00f3nico confirmando la solicitud. El siguiente paso es mostr\u00e1rselo al informador tur\u00edstico o guardaparque para que haga entrega del pasaporte.<\/span><\/p>\n<p style=\"text-align: justify;\"><b>\u00bfCu\u00e1les son los puntos de retiro?<\/b><\/p>\n<p style=\"text-align: justify;\"><span style=\"font-weight: 400;\">Est\u00e1n disponibles en las regiones de Los Lagos, Ays\u00e9n y Magallanes que son parte de la Ruta de los Parques de la Patagonia.<\/span><\/p>\n<p style=\"text-align: justify;\"><span style=\"font-weight: 400;\">Regi\u00f3n de Los Lagos:<\/span><\/p>\n<ul style=\"text-align: justify;\">\n<li style=\"font-weight: 400;\" aria-level=\"1\"><span style=\"font-weight: 400;\">Oficina de Informaci\u00f3n Tur\u00edstica de Puerto Montt<\/span><\/li>\n<li style=\"font-weight: 400;\" aria-level=\"1\"><span style=\"font-weight: 400;\">Parque Nacional Alerce Andino<\/span><\/li>\n<li style=\"font-weight: 400;\" aria-level=\"1\"><span style=\"font-weight: 400;\">Parque Nacional Pumal\u00edn Douglas Tompkins<\/span><\/li>\n<\/ul>\n<p style=\"text-align: justify;\"><span style=\"font-weight: 400;\">Regi\u00f3n de Ays\u00e9n:<\/span><\/p>\n<ul style=\"text-align: justify;\">\n<li style=\"font-weight: 400;\" aria-level=\"1\"><span style=\"font-weight: 400;\">Oficina de Informaci\u00f3n Tur\u00edstica de Puyuhuapi<\/span><\/li>\n<li style=\"font-weight: 400;\" aria-level=\"1\"><span style=\"font-weight: 400;\">Oficina Regional de Sernatur de Coyhaique<\/span><\/li>\n<li style=\"font-weight: 400;\" aria-level=\"1\"><span style=\"font-weight: 400;\">Parque Nacional Cerro Castillo<\/span><\/li>\n<li style=\"font-weight: 400;\" aria-level=\"1\"><span style=\"font-weight: 400;\">Oficina de \u00c1rea CONAF de Puerto Tranquilo<\/span><\/li>\n<li style=\"font-weight: 400;\" aria-level=\"1\"><span style=\"font-weight: 400;\">Oficina Provincial CONAF de Capit\u00e1n Prat (Cochrane)<\/span><\/li>\n<\/ul>\n<p style=\"text-align: justify;\"><span style=\"font-weight: 400;\">Regi\u00f3n de Magallanes<\/span><\/p>\n<ul style=\"text-align: justify;\">\n<li style=\"font-weight: 400;\" aria-level=\"1\"><span style=\"font-weight: 400;\">Oficina Informaci\u00f3n Tur\u00edstica de Punta Arenas<\/span><\/li>\n<li style=\"font-weight: 400;\" aria-level=\"1\"><span style=\"font-weight: 400;\">Oficina de Informaci\u00f3n Tur\u00edstica de Puerto Natales<\/span><\/li>\n<li style=\"font-weight: 400;\" aria-level=\"1\"><span style=\"font-weight: 400;\">Parque Nacional Torres del Paine<\/span><\/li>\n<\/ul>\n<p style=\"text-align: justify;\"><span style=\"font-weight: 400;\">La invitaci\u00f3n es a compartir los viajes a lo largo de Ruta de los Parques usando #YoVivoLaRuta y etiquetando a @conaf_minagri, @chile_estuyo y @rutadelosparquesdelapatagonia.<\/span><\/p>\n<p style=\"text-align: justify;\"><span style=\"font-weight: 400;\">M\u00e1s informaci\u00f3n del pasaporte en<\/span> <a href=\"http:\/\/www.pasaporte.rutadelosparques.org\/\"><span style=\"font-weight: 400;\">www.pasaporte.rutadelosparques.org<\/span><\/a><span style=\"font-weight: 400;\"> y de la Ruta de los Parques de la Patagonia en <\/span><a href=\"https:\/\/www.rutadelosparques.org\/\"><span style=\"font-weight: 400;\">https:\/\/www.rutadelosparques.org\/<\/span><\/a><\/p>\n<\/div><\/section><\/div><\/p>\n<div  style='height:50px' class='hr hr-invisible   avia-builder-el-6  el_after_av_one_full  el_before_av_social_share '><span class='hr-inner ' ><span class='hr-inner-style'><\/span><\/span><\/div>\n<div  class='av-social-sharing-box  avia-builder-el-7  el_after_av_hr  el_before_av_hr  '><div class='av-share-box'><h5 class='av-share-link-description av-no-toc '>Compartir esta noticia<\/h5><ul class='av-share-box-list noLightbox'><li class='av-share-link av-social-link-facebook' ><a target=\"_blank\" aria-label=\"Compartir en Facebook\" href='https:\/\/www.facebook.com\/sharer.php?u=https:\/\/radiorevelacionfm.cl\/?p=14436&#038;t=%C2%A1%C3%89xito%20total%21%206%20mil%20nuevos%20Pasaportes%20se%20incorporan%20a%20la%20Ruta%20de%20los%20Parques%20de%20la%20Patagonia' aria-hidden='false' data-av_icon='\ue8f3' data-av_iconfont='entypo-fontello' title='' data-avia-related-tooltip='Compartir en Facebook' rel=\"noopener\"><span class='avia_hidden_link_text'>Compartir en Facebook<\/span><\/a><\/li><li class='av-share-link av-social-link-twitter' ><a target=\"_blank\" aria-label=\"Compartir en Twitter\" href='https:\/\/twitter.com\/share?text=%C2%A1%C3%89xito%20total%21%206%20mil%20nuevos%20Pasaportes%20se%20incorporan%20a%20la%20Ruta%20de%20los%20Parques%20de%20la%20Patagonia&#038;url=https:\/\/radiorevelacionfm.cl\/?p=14436' aria-hidden='false' data-av_icon='\ue8f1' data-av_iconfont='entypo-fontello' title='' data-avia-related-tooltip='Compartir en Twitter' rel=\"noopener\"><span class='avia_hidden_link_text'>Compartir en Twitter<\/span><\/a><\/li><li class='av-share-link av-social-link-whatsapp' ><a target=\"_blank\" aria-label=\"Compartir en Whatsapp\" href='https:\/\/api.whatsapp.com\/send?text=https:\/\/radiorevelacionfm.cl\/?p=14436' aria-hidden='false' data-av_icon='\uf232' data-av_iconfont='entypo-fontello' title='' data-avia-related-tooltip='Compartir en Whatsapp' rel=\"noopener\"><span class='avia_hidden_link_text'>Compartir en Whatsapp<\/span><\/a><\/li><li class='av-share-link av-social-link-linkedin' ><a target=\"_blank\" aria-label=\"Compartir en LinkedIn\" href='https:\/\/linkedin.com\/shareArticle?mini=true&#038;title=%C2%A1%C3%89xito%20total%21%206%20mil%20nuevos%20Pasaportes%20se%20incorporan%20a%20la%20Ruta%20de%20los%20Parques%20de%20la%20Patagonia&#038;url=https:\/\/radiorevelacionfm.cl\/?p=14436' aria-hidden='false' data-av_icon='\ue8fc' data-av_iconfont='entypo-fontello' title='' data-avia-related-tooltip='Compartir en LinkedIn' rel=\"noopener\"><span class='avia_hidden_link_text'>Compartir en LinkedIn<\/span><\/a><\/li><li class='av-share-link av-social-link-mail' ><a  aria-label=\"Compartir por correo\" href='mailto:?subject=%C2%A1%C3%89xito%20total%21%206%20mil%20nuevos%20Pasaportes%20se%20incorporan%20a%20la%20Ruta%20de%20los%20Parques%20de%20la%20Patagonia&#038;body=https:\/\/radiorevelacionfm.cl\/?p=14436' aria-hidden='false' data-av_icon='\ue805' data-av_iconfont='entypo-fontello' title='' data-avia-related-tooltip='Compartir por correo'><span class='avia_hidden_link_text'>Compartir por correo<\/span><\/a><\/li><\/ul><\/div><\/div>\n<div  style='height:50px' class='hr hr-invisible   avia-builder-el-8  el_after_av_social_share  el_before_av_comments_list '><span class='hr-inner ' ><span class='hr-inner-style'><\/span><\/span><\/div>\n<div  class='av-buildercomment  av-blog-meta-html-info-disabled av-blog-meta-tag-disabled  '><\/div>\n","protected":false},"excerpt":{"rendered":"","protected":false},"author":1,"featured_media":14437,"comment_status":"open","ping_status":"open","sticky":false,"template":"","format":"standard","meta":{"footnotes":""},"categories":[54],"tags":[],"class_list":["post-14436","post","type-post","status-publish","format-standard","has-post-thumbnail","hentry","category-turismo"],"jetpack_featured_media_url":"https:\/\/radiorevelacionfm.cl\/wp-content\/uploads\/2022\/03\/llegaron-mas-pasaportes_-tw_fb-2_optimized.jpg","_links":{"self":[{"href":"https:\/\/radiorevelacionfm.cl\/index.php?rest_route=\/wp\/v2\/posts\/14436","targetHints":{"allow":["GET"]}}],"collection":[{"href":"https:\/\/radiorevelacionfm.cl\/index.php?rest_route=\/wp\/v2\/posts"}],"about":[{"href":"https:\/\/radiorevelacionfm.cl\/index.php?rest_route=\/wp\/v2\/types\/post"}],"author":[{"embeddable":true,"href":"https:\/\/radiorevelacionfm.cl\/index.php?rest_route=\/wp\/v2\/users\/1"}],"replies":[{"embeddable":true,"href":"https:\/\/radiorevelacionfm.cl\/index.php?rest_route=%2Fwp%2Fv2%2Fcomments&post=14436"}],"version-history":[{"count":3,"href":"https:\/\/radiorevelacionfm.cl\/index.php?rest_route=\/wp\/v2\/posts\/14436\/revisions"}],"predecessor-version":[{"id":14480,"href":"https:\/\/radiorevelacionfm.cl\/index.php?rest_route=\/wp\/v2\/posts\/14436\/revisions\/14480"}],"wp:featuredmedia":[{"embeddable":true,"href":"https:\/\/radiorevelacionfm.cl\/index.php?rest_route=\/wp\/v2\/media\/14437"}],"wp:attachment":[{"href":"https:\/\/radiorevelacionfm.cl\/index.php?rest_route=%2Fwp%2Fv2%2Fmedia&parent=14436"}],"wp:term":[{"taxonomy":"category","embeddable":true,"href":"https:\/\/radiorevelacionfm.cl\/index.php?rest_route=%2Fwp%2Fv2%2Fcategories&post=14436"},{"taxonomy":"post_tag","embeddable":true,"href":"https:\/\/radiorevelacionfm.cl\/index.php?rest_route=%2Fwp%2Fv2%2Ftags&post=14436"}],"curies":[{"name":"wp","href":"https:\/\/api.w.org\/{rel}","templated":true}]}}