{"id":14431,"date":"2022-03-09T16:38:41","date_gmt":"2022-03-09T19:38:41","guid":{"rendered":"https:\/\/radiorevelacionfm.cl\/?p=14431"},"modified":"2022-03-09T16:38:41","modified_gmt":"2022-03-09T19:38:41","slug":"estudiantes-de-la-comuna-de-lago-verde-recibieron-pack-de-utiles-escolares","status":"publish","type":"post","link":"https:\/\/radiorevelacionfm.cl\/?p=14431","title":{"rendered":"Estudiantes de la comuna de Lago Verde recibieron pack de \u00fatiles escolares"},"content":{"rendered":"<div class=\"flex_column av_one_full  flex_column_div av-zero-column-padding first  avia-builder-el-0  el_before_av_one_full  avia-builder-el-first  \" style='border-radius:0px; '><div  class='avia-image-container  av-styling-    avia-builder-el-1  avia-builder-el-no-sibling  avia-align-center '  itemprop=\"image\" itemscope=\"itemscope\" itemtype=\"https:\/\/schema.org\/ImageObject\"  ><div class='avia-image-container-inner'><div class='avia-image-overlay-wrap'><img decoding=\"async\" class='wp-image-14432 avia-img-lazy-loading-not-14432 avia_image' src=\"https:\/\/radiorevelacionfm.cl\/wp-content\/uploads\/2022\/03\/image-70-2.jpg\" alt='' title='image-70-2' height=\"600\" width=\"934\"  itemprop=\"thumbnailUrl\" srcset=\"https:\/\/radiorevelacionfm.cl\/wp-content\/uploads\/2022\/03\/image-70-2.jpg 934w, https:\/\/radiorevelacionfm.cl\/wp-content\/uploads\/2022\/03\/image-70-2-300x193.jpg 300w, https:\/\/radiorevelacionfm.cl\/wp-content\/uploads\/2022\/03\/image-70-2-768x493.jpg 768w, https:\/\/radiorevelacionfm.cl\/wp-content\/uploads\/2022\/03\/image-70-2-705x453.jpg 705w, https:\/\/radiorevelacionfm.cl\/wp-content\/uploads\/2022\/03\/image-70-2-600x385.jpg 600w\" sizes=\"(max-width: 934px) 100vw, 934px\" \/><\/div><\/div><\/div><\/div><div class=\"flex_column av_one_full  flex_column_div av-zero-column-padding first  avia-builder-el-2  el_after_av_one_full  el_before_av_one_full  column-top-margin\" style='border-radius:0px; '><section class=\"av_textblock_section \"  itemscope=\"itemscope\" itemtype=\"https:\/\/schema.org\/BlogPosting\" itemprop=\"blogPost\" ><div class='avia_textblock  '   itemprop=\"text\" ><p style=\"text-align: center;\"><strong><span style=\"font-size: 18pt;\">Estudiantes de la comuna de Lago Verde recibieron pack de \u00fatiles escolares<\/span> <\/strong><\/p>\n<div id=\"gtx-trans\" style=\"position: absolute; left: -50px; top: 4.31534px;\">\n<div class=\"gtx-trans-icon\"><\/div>\n<\/div>\n<\/div><\/section><\/div><div class=\"flex_column av_one_full  flex_column_div av-zero-column-padding first  avia-builder-el-4  el_after_av_one_full  el_before_av_hr  column-top-margin\" style='border-radius:0px; '><section class=\"av_textblock_section \"  itemscope=\"itemscope\" itemtype=\"https:\/\/schema.org\/BlogPosting\" itemprop=\"blogPost\" ><div class='avia_textblock  '   itemprop=\"text\" ><p style=\"text-align: justify;\">En la escuela Jos\u00e9 Miguel Carrera de la cabecera comunal, fue el propio Alcalde, Nelson Opazo L\u00f3pez, quien hizo entrega de un pack de \u00fatiles, a los padres y apoderados de los estudiantes que aqu\u00ed han retomado sus clases presenciales.<\/p>\n<p style=\"text-align: justify;\">A esto se suma la conformaci\u00f3n de nuevos equipos de trabajo, bien de la educaci\u00f3n de nuestros ni\u00f1os y ni\u00f1as, resalt\u00f3 la m\u00e1xima autoridad de la comuna de Lago Verde, Alcalde Nelson Opazo L\u00f3pez.<\/p>\n<p style=\"text-align: justify;\">\u201cHoy entregamos \u00fatiles escolares en forma directa a todos los alumnos de la comuna, desde Alto Rio Cisnes hasta Lago Verde, participamos de la ceremonia de entrega junto con lo que significa el reinicio del a\u00f1o escolar, despu\u00e9s de bastante tiempo. Tambi\u00e9n con la conformaci\u00f3n de equipo, muy motivados, alguna distribuci\u00f3n distinta de profesionales en la localidad, con la participaci\u00f3n de los padres y apoderados con un compromiso importante, respecto de lo que significa el proceso de formaci\u00f3n y educativo de nuestros ni\u00f1os y ni\u00f1as del territorio\u201d.<\/p>\n<p style=\"text-align: justify;\">El Alcalde Opazo, relev\u00f3 el trabajo del equipo municipal que ven\u00eda hace algunos meses preparando este apoyo que finalmente llega a las familias de la comuna.<\/p>\n<p style=\"text-align: justify;\">\u201cAgradecido de los equipos, son gestiones que se inician muchos meses antes, de hecho, en diciembre ya ten\u00edamos cerrado este proceso, para iniciar de mejor manera el a\u00f1o escolar en toda la comuna y de paso aliviar la carga financiera que las familias, los padres y apoderados tienen en el mes de marzo. As\u00ed es que, son objetivos que se cumplen, si bien es cierto, no involucran una gran cantidad de recursos, pero si son significativos a la hora de disminuir justamente los impactos que genera en lo econ\u00f3mico a cada familia el mes de marzo con tantos compromisos\u201d.<\/p>\n<p style=\"text-align: justify;\">Uno de los mayores compromisos en la administraci\u00f3n del Alcalde Nelson Opazo junto al equipo de trabajo del Departamento de Educaci\u00f3n Municipal sumado al permanente respaldo del Ministerio de Educaci\u00f3n, ha sido ir mejorando la infraestructura, entregar espacios adecuados para los estudiantes y tambi\u00e9n respaldar a las familias al inicio de clases, considerando que marzo es un mes complejo en lo econ\u00f3mico sumado a las consecuencias de la pandemia.<\/p>\n<\/div><\/section><\/div><div  style='height:50px' class='hr hr-invisible   avia-builder-el-6  el_after_av_one_full  el_before_av_social_share '><span class='hr-inner ' ><span class='hr-inner-style'><\/span><\/span><\/div><\/p>\n<div  class='av-social-sharing-box  avia-builder-el-7  el_after_av_hr  el_before_av_hr  '><div class='av-share-box'><h5 class='av-share-link-description av-no-toc '>Compartir esta noticia<\/h5><ul class='av-share-box-list noLightbox'><li class='av-share-link av-social-link-facebook' ><a target=\"_blank\" aria-label=\"Compartir en Facebook\" href='https:\/\/www.facebook.com\/sharer.php?u=https:\/\/radiorevelacionfm.cl\/?p=14431&#038;t=Estudiantes%20de%20la%20comuna%20de%20Lago%20Verde%20recibieron%20pack%20de%20%C3%BAtiles%20escolares' aria-hidden='false' data-av_icon='\ue8f3' data-av_iconfont='entypo-fontello' title='' data-avia-related-tooltip='Compartir en Facebook' rel=\"noopener\"><span class='avia_hidden_link_text'>Compartir en Facebook<\/span><\/a><\/li><li class='av-share-link av-social-link-twitter' ><a target=\"_blank\" aria-label=\"Compartir en Twitter\" href='https:\/\/twitter.com\/share?text=Estudiantes%20de%20la%20comuna%20de%20Lago%20Verde%20recibieron%20pack%20de%20%C3%BAtiles%20escolares&#038;url=https:\/\/radiorevelacionfm.cl\/?p=14431' aria-hidden='false' data-av_icon='\ue8f1' data-av_iconfont='entypo-fontello' title='' data-avia-related-tooltip='Compartir en Twitter' rel=\"noopener\"><span class='avia_hidden_link_text'>Compartir en Twitter<\/span><\/a><\/li><li class='av-share-link av-social-link-whatsapp' ><a target=\"_blank\" aria-label=\"Compartir en Whatsapp\" href='https:\/\/api.whatsapp.com\/send?text=https:\/\/radiorevelacionfm.cl\/?p=14431' aria-hidden='false' data-av_icon='\uf232' data-av_iconfont='entypo-fontello' title='' data-avia-related-tooltip='Compartir en Whatsapp' rel=\"noopener\"><span class='avia_hidden_link_text'>Compartir en Whatsapp<\/span><\/a><\/li><li class='av-share-link av-social-link-linkedin' ><a target=\"_blank\" aria-label=\"Compartir en LinkedIn\" href='https:\/\/linkedin.com\/shareArticle?mini=true&#038;title=Estudiantes%20de%20la%20comuna%20de%20Lago%20Verde%20recibieron%20pack%20de%20%C3%BAtiles%20escolares&#038;url=https:\/\/radiorevelacionfm.cl\/?p=14431' aria-hidden='false' data-av_icon='\ue8fc' data-av_iconfont='entypo-fontello' title='' data-avia-related-tooltip='Compartir en LinkedIn' rel=\"noopener\"><span class='avia_hidden_link_text'>Compartir en LinkedIn<\/span><\/a><\/li><li class='av-share-link av-social-link-mail' ><a  aria-label=\"Compartir por correo\" href='mailto:?subject=Estudiantes%20de%20la%20comuna%20de%20Lago%20Verde%20recibieron%20pack%20de%20%C3%BAtiles%20escolares&#038;body=https:\/\/radiorevelacionfm.cl\/?p=14431' aria-hidden='false' data-av_icon='\ue805' data-av_iconfont='entypo-fontello' title='' data-avia-related-tooltip='Compartir por correo'><span class='avia_hidden_link_text'>Compartir por correo<\/span><\/a><\/li><\/ul><\/div><\/div>\n<div  style='height:50px' class='hr hr-invisible   avia-builder-el-8  el_after_av_social_share  el_before_av_comments_list '><span class='hr-inner ' ><span class='hr-inner-style'><\/span><\/span><\/div>\n<div  class='av-buildercomment  av-blog-meta-html-info-disabled av-blog-meta-tag-disabled  '><\/div>\n","protected":false},"excerpt":{"rendered":"","protected":false},"author":1,"featured_media":14432,"comment_status":"open","ping_status":"open","sticky":false,"template":"","format":"standard","meta":{"footnotes":""},"categories":[38],"tags":[],"class_list":["post-14431","post","type-post","status-publish","format-standard","has-post-thumbnail","hentry","category-regional"],"jetpack_featured_media_url":"https:\/\/radiorevelacionfm.cl\/wp-content\/uploads\/2022\/03\/image-70-2.jpg","_links":{"self":[{"href":"https:\/\/radiorevelacionfm.cl\/index.php?rest_route=\/wp\/v2\/posts\/14431","targetHints":{"allow":["GET"]}}],"collection":[{"href":"https:\/\/radiorevelacionfm.cl\/index.php?rest_route=\/wp\/v2\/posts"}],"about":[{"href":"https:\/\/radiorevelacionfm.cl\/index.php?rest_route=\/wp\/v2\/types\/post"}],"author":[{"embeddable":true,"href":"https:\/\/radiorevelacionfm.cl\/index.php?rest_route=\/wp\/v2\/users\/1"}],"replies":[{"embeddable":true,"href":"https:\/\/radiorevelacionfm.cl\/index.php?rest_route=%2Fwp%2Fv2%2Fcomments&post=14431"}],"version-history":[{"count":2,"href":"https:\/\/radiorevelacionfm.cl\/index.php?rest_route=\/wp\/v2\/posts\/14431\/revisions"}],"predecessor-version":[{"id":14439,"href":"https:\/\/radiorevelacionfm.cl\/index.php?rest_route=\/wp\/v2\/posts\/14431\/revisions\/14439"}],"wp:featuredmedia":[{"embeddable":true,"href":"https:\/\/radiorevelacionfm.cl\/index.php?rest_route=\/wp\/v2\/media\/14432"}],"wp:attachment":[{"href":"https:\/\/radiorevelacionfm.cl\/index.php?rest_route=%2Fwp%2Fv2%2Fmedia&parent=14431"}],"wp:term":[{"taxonomy":"category","embeddable":true,"href":"https:\/\/radiorevelacionfm.cl\/index.php?rest_route=%2Fwp%2Fv2%2Fcategories&post=14431"},{"taxonomy":"post_tag","embeddable":true,"href":"https:\/\/radiorevelacionfm.cl\/index.php?rest_route=%2Fwp%2Fv2%2Ftags&post=14431"}],"curies":[{"name":"wp","href":"https:\/\/api.w.org\/{rel}","templated":true}]}}