{"id":14427,"date":"2022-03-09T16:18:24","date_gmt":"2022-03-09T19:18:24","guid":{"rendered":"https:\/\/radiorevelacionfm.cl\/?p=14427"},"modified":"2022-03-09T16:18:24","modified_gmt":"2022-03-09T19:18:24","slug":"programa-quiero-mi-barrio-en-aysen-culmino-exitosamente-concurso-de-pintura-enfocado-en-tematicas-ambientales","status":"publish","type":"post","link":"https:\/\/radiorevelacionfm.cl\/?p=14427","title":{"rendered":"Programa Quiero Mi Barrio en Ays\u00e9n culmin\u00f3 exitosamente concurso de pintura enfocado en tem\u00e1ticas ambientales"},"content":{"rendered":"<div class=\"flex_column av_one_full  flex_column_div av-zero-column-padding first  avia-builder-el-0  el_before_av_one_full  avia-builder-el-first  \" style='border-radius:0px; '><div  class='avia-image-container  av-styling-    avia-builder-el-1  avia-builder-el-no-sibling  avia-align-center '  itemprop=\"image\" itemscope=\"itemscope\" itemtype=\"https:\/\/schema.org\/ImageObject\"  ><div class='avia-image-container-inner'><div class='avia-image-overlay-wrap'><img decoding=\"async\" class='wp-image-14428 avia-img-lazy-loading-not-14428 avia_image' src=\"https:\/\/radiorevelacionfm.cl\/wp-content\/uploads\/2022\/03\/qmb-cv-labalsa2-2-2.jpeg\" alt='' title='qmb-cv-labalsa2-2-2' height=\"600\" width=\"800\"  itemprop=\"thumbnailUrl\" srcset=\"https:\/\/radiorevelacionfm.cl\/wp-content\/uploads\/2022\/03\/qmb-cv-labalsa2-2-2.jpeg 800w, https:\/\/radiorevelacionfm.cl\/wp-content\/uploads\/2022\/03\/qmb-cv-labalsa2-2-2-300x225.jpeg 300w, https:\/\/radiorevelacionfm.cl\/wp-content\/uploads\/2022\/03\/qmb-cv-labalsa2-2-2-768x576.jpeg 768w, https:\/\/radiorevelacionfm.cl\/wp-content\/uploads\/2022\/03\/qmb-cv-labalsa2-2-2-705x529.jpeg 705w, https:\/\/radiorevelacionfm.cl\/wp-content\/uploads\/2022\/03\/qmb-cv-labalsa2-2-2-600x450.jpeg 600w\" sizes=\"(max-width: 800px) 100vw, 800px\" \/><\/div><\/div><\/div><\/div><div class=\"flex_column av_one_full  flex_column_div av-zero-column-padding first  avia-builder-el-2  el_after_av_one_full  el_before_av_one_full  column-top-margin\" style='border-radius:0px; '><section class=\"av_textblock_section \"  itemscope=\"itemscope\" itemtype=\"https:\/\/schema.org\/BlogPosting\" itemprop=\"blogPost\" ><div class='avia_textblock  '   itemprop=\"text\" ><p style=\"text-align: center;\"><span style=\"font-size: 18pt;\"><strong>Programa Quiero Mi Barrio en Ays\u00e9n culmin\u00f3 exitosamente concurso de pintura enfocado en tem\u00e1ticas ambientales<\/strong><\/span><\/p>\n<div id=\"gtx-trans\" style=\"position: absolute; left: -50px; top: 4.31534px;\">\n<div class=\"gtx-trans-icon\"><\/div>\n<\/div>\n<\/div><\/section><\/div><div class=\"flex_column av_one_full  flex_column_div av-zero-column-padding first  avia-builder-el-4  el_after_av_one_full  el_before_av_hr  column-top-margin\" style='border-radius:0px; '><section class=\"av_textblock_section \"  itemscope=\"itemscope\" itemtype=\"https:\/\/schema.org\/BlogPosting\" itemprop=\"blogPost\" ><div class='avia_textblock  '   itemprop=\"text\" ><p style=\"text-align: justify;\">Como parte del Plan de Gesti\u00f3n Social que realiza el programa de Recuperaci\u00f3n de Espacios P\u00fablicos del Ministerio de Vivienda y Urbanismo, Quiero Mi Barrio, que ejecuta en la comuna porte\u00f1a la Ilustre Municipalidad de Ays\u00e9n. Se procedi\u00f3 a entregar los respectivos premios a los ganadores del concurso \u201cVacaciones en verde\u201d desarrollado en el Barrio Hist\u00f3rico \u201cLa Balsa\u201d, que tuvo por objetivo potenciar la creatividad para los ni\u00f1os, ni\u00f1as y adolescentes entre los 2 a los 16 a\u00f1os a trav\u00e9s del abordaje de problemas ambientales. Cabe destacar que esta iniciativa logr\u00f3 convocar no tan s\u00f3lo participantes del barrio en intervenci\u00f3n, sino que, de toda la comuna obteniendo uno de los premios una habitante de Villa Ma\u00f1ihuales.<\/p>\n<p style=\"text-align: justify;\">Con ayuda de una t\u00f3mbola electr\u00f3nica, la dupla barrial compuesta por la Trabajadora Social, Paola Alvarado y la Arquitecta, Mar\u00eda P\u00e9rez, procedieron a premiar a los participantes de esta iniciativa obteniendo los siguientes resultados: 1er lugar, con una bicicleta de monta\u00f1a para Isidora Vel\u00e1squez; 2do lugar para Crist\u00f3bal Alvarado con una carpa para dos personas; 3er premio para Eisidora Vel\u00e1squez con parlante doble de Karaoke y finalmente, el 4to lugar Maite Biava de Villa Ma\u00f1ihuales, recibi\u00f3 un parlante musical.<\/p>\n<p style=\"text-align: justify;\">Al respecto, Paola Alvarado, encargada del Plan de Gesti\u00f3n Social (PGS) del Barrio La Balsa, detall\u00f3 que \u201cel concurso se plante\u00f3 para que los ni\u00f1os nos puedan entregar mensajes o un llamado de atenci\u00f3n m\u00e1s que nada en el tema de medio ambiente y result\u00f3 un \u00e9xito, ya que participaron muchos ni\u00f1os de la comuna completa, hasta de Ma\u00f1ihuales que existi\u00f3 una ganadora de la localidad. Muy bueno todo, los ni\u00f1os nos aportaron con mensajes potente y nos hicieron visualizar en realidad lo que estamos realizando y c\u00f3mo nos estamos comportando entorno al medio ambiente. Hemos hecho de todo tipo de actividades con lo que nos permite la pandemia, tambi\u00e9n con los aforos y las medidas de seguridad\u201d.<\/p>\n<p style=\"text-align: justify;\">En esta \u00faltima l\u00ednea, la profesional del municipio aysenino explic\u00f3 que recientemente culminaron un Taller de Reciclaje para botellas de vidrio. El cual reuni\u00f3 a vecinos y vecinas de los sectores La Balsa y Hospital. De igual manera puntualiz\u00f3 que se encuentran trabajando de cara al cambio de fase para realizar un campeonato de Baby Futbol en el sector el cual reunir\u00e1 a 8 equipos locales.<\/p>\n<p style=\"text-align: justify;\">Por su parte, una de las madres de las ganadoras, Ana Maripillan, realiz\u00f3 un hincapi\u00e9 en lo positivo de estas iniciativas para los ni\u00f1os, argumentando que estos pueden utilizar su tiempo libre en variadas actividades, \u201cmis hijos est\u00e1n felices de poder participar y haber ganado un premio. Ojal\u00e1 saquen m\u00e1s proyectos para que puedan incentivar a los ni\u00f1os porque hoy en d\u00eda los ni\u00f1os pasan todo el d\u00eda en el tel\u00e9fono, as\u00ed es que, espero y ojal\u00e1 se pueda desarrollar m\u00e1s actividades en Puerto Ays\u00e9n\u201d.<\/p>\n<p style=\"text-align: justify;\">Finalmente, Eisidora Vel\u00e1squez, ganadora del tercer premio, mencion\u00f3 que \u201cdesarroll\u00e9 este dibujo porque como nosotros siempre vamos a visitar a nuestra abuelita, yo quise aprovechar de mostrarla con nosotros nadando en el lago\u201d. Tras ser consultada sobre el mensaje que podr\u00eda entregarle a los ni\u00f1os y ni\u00f1as de Ays\u00e9n acot\u00f3 a indicar que se sumen a estas actividades porque \u201cse pueden ganar premios y porque pueden ser grandes pintores\u201d, sentenci\u00f3.<\/p>\n<\/div><\/section><\/div><div  style='height:50px' class='hr hr-invisible   avia-builder-el-6  el_after_av_one_full  el_before_av_social_share '><span class='hr-inner ' ><span class='hr-inner-style'><\/span><\/span><\/div><\/p>\n<div  class='av-social-sharing-box  avia-builder-el-7  el_after_av_hr  el_before_av_hr  '><div class='av-share-box'><h5 class='av-share-link-description av-no-toc '>Compartir esta noticia<\/h5><ul class='av-share-box-list noLightbox'><li class='av-share-link av-social-link-facebook' ><a target=\"_blank\" aria-label=\"Compartir en Facebook\" href='https:\/\/www.facebook.com\/sharer.php?u=https:\/\/radiorevelacionfm.cl\/?p=14427&#038;t=Programa%20Quiero%20Mi%20Barrio%20en%20Ays%C3%A9n%20culmin%C3%B3%20exitosamente%20concurso%20de%20pintura%20enfocado%20en%20tem%C3%A1ticas%20ambientales' aria-hidden='false' data-av_icon='\ue8f3' data-av_iconfont='entypo-fontello' title='' data-avia-related-tooltip='Compartir en Facebook' rel=\"noopener\"><span class='avia_hidden_link_text'>Compartir en Facebook<\/span><\/a><\/li><li class='av-share-link av-social-link-twitter' ><a target=\"_blank\" aria-label=\"Compartir en Twitter\" href='https:\/\/twitter.com\/share?text=Programa%20Quiero%20Mi%20Barrio%20en%20Ays%C3%A9n%20culmin%C3%B3%20exitosamente%20concurso%20de%20pintura%20enfocado%20en%20tem%C3%A1ticas%20ambientales&#038;url=https:\/\/radiorevelacionfm.cl\/?p=14427' aria-hidden='false' data-av_icon='\ue8f1' data-av_iconfont='entypo-fontello' title='' data-avia-related-tooltip='Compartir en Twitter' rel=\"noopener\"><span class='avia_hidden_link_text'>Compartir en Twitter<\/span><\/a><\/li><li class='av-share-link av-social-link-whatsapp' ><a target=\"_blank\" aria-label=\"Compartir en Whatsapp\" href='https:\/\/api.whatsapp.com\/send?text=https:\/\/radiorevelacionfm.cl\/?p=14427' aria-hidden='false' data-av_icon='\uf232' data-av_iconfont='entypo-fontello' title='' data-avia-related-tooltip='Compartir en Whatsapp' rel=\"noopener\"><span class='avia_hidden_link_text'>Compartir en Whatsapp<\/span><\/a><\/li><li class='av-share-link av-social-link-linkedin' ><a target=\"_blank\" aria-label=\"Compartir en LinkedIn\" href='https:\/\/linkedin.com\/shareArticle?mini=true&#038;title=Programa%20Quiero%20Mi%20Barrio%20en%20Ays%C3%A9n%20culmin%C3%B3%20exitosamente%20concurso%20de%20pintura%20enfocado%20en%20tem%C3%A1ticas%20ambientales&#038;url=https:\/\/radiorevelacionfm.cl\/?p=14427' aria-hidden='false' data-av_icon='\ue8fc' data-av_iconfont='entypo-fontello' title='' data-avia-related-tooltip='Compartir en LinkedIn' rel=\"noopener\"><span class='avia_hidden_link_text'>Compartir en LinkedIn<\/span><\/a><\/li><li class='av-share-link av-social-link-mail' ><a  aria-label=\"Compartir por correo\" href='mailto:?subject=Programa%20Quiero%20Mi%20Barrio%20en%20Ays%C3%A9n%20culmin%C3%B3%20exitosamente%20concurso%20de%20pintura%20enfocado%20en%20tem%C3%A1ticas%20ambientales&#038;body=https:\/\/radiorevelacionfm.cl\/?p=14427' aria-hidden='false' data-av_icon='\ue805' data-av_iconfont='entypo-fontello' title='' data-avia-related-tooltip='Compartir por correo'><span class='avia_hidden_link_text'>Compartir por correo<\/span><\/a><\/li><\/ul><\/div><\/div>\n<div  style='height:50px' class='hr hr-invisible   avia-builder-el-8  el_after_av_social_share  el_before_av_comments_list '><span class='hr-inner ' ><span class='hr-inner-style'><\/span><\/span><\/div>\n<div  class='av-buildercomment  av-blog-meta-html-info-disabled av-blog-meta-tag-disabled  '><\/div>\n","protected":false},"excerpt":{"rendered":"","protected":false},"author":1,"featured_media":14428,"comment_status":"open","ping_status":"open","sticky":false,"template":"","format":"standard","meta":{"footnotes":""},"categories":[38],"tags":[],"class_list":["post-14427","post","type-post","status-publish","format-standard","has-post-thumbnail","hentry","category-regional"],"jetpack_featured_media_url":"https:\/\/radiorevelacionfm.cl\/wp-content\/uploads\/2022\/03\/qmb-cv-labalsa2-2-2.jpeg","_links":{"self":[{"href":"https:\/\/radiorevelacionfm.cl\/index.php?rest_route=\/wp\/v2\/posts\/14427","targetHints":{"allow":["GET"]}}],"collection":[{"href":"https:\/\/radiorevelacionfm.cl\/index.php?rest_route=\/wp\/v2\/posts"}],"about":[{"href":"https:\/\/radiorevelacionfm.cl\/index.php?rest_route=\/wp\/v2\/types\/post"}],"author":[{"embeddable":true,"href":"https:\/\/radiorevelacionfm.cl\/index.php?rest_route=\/wp\/v2\/users\/1"}],"replies":[{"embeddable":true,"href":"https:\/\/radiorevelacionfm.cl\/index.php?rest_route=%2Fwp%2Fv2%2Fcomments&post=14427"}],"version-history":[{"count":2,"href":"https:\/\/radiorevelacionfm.cl\/index.php?rest_route=\/wp\/v2\/posts\/14427\/revisions"}],"predecessor-version":[{"id":14435,"href":"https:\/\/radiorevelacionfm.cl\/index.php?rest_route=\/wp\/v2\/posts\/14427\/revisions\/14435"}],"wp:featuredmedia":[{"embeddable":true,"href":"https:\/\/radiorevelacionfm.cl\/index.php?rest_route=\/wp\/v2\/media\/14428"}],"wp:attachment":[{"href":"https:\/\/radiorevelacionfm.cl\/index.php?rest_route=%2Fwp%2Fv2%2Fmedia&parent=14427"}],"wp:term":[{"taxonomy":"category","embeddable":true,"href":"https:\/\/radiorevelacionfm.cl\/index.php?rest_route=%2Fwp%2Fv2%2Fcategories&post=14427"},{"taxonomy":"post_tag","embeddable":true,"href":"https:\/\/radiorevelacionfm.cl\/index.php?rest_route=%2Fwp%2Fv2%2Ftags&post=14427"}],"curies":[{"name":"wp","href":"https:\/\/api.w.org\/{rel}","templated":true}]}}