{"id":14416,"date":"2022-03-09T08:48:06","date_gmt":"2022-03-09T11:48:06","guid":{"rendered":"https:\/\/radiorevelacionfm.cl\/?p=14416"},"modified":"2022-03-09T08:48:06","modified_gmt":"2022-03-09T11:48:06","slug":"decretan-escasez-hidrica-para-el-60-de-los-habitantes-de-aysen","status":"publish","type":"post","link":"https:\/\/radiorevelacionfm.cl\/?p=14416","title":{"rendered":"Decretan escasez h\u00eddrica para el 60% de los habitantes de Ays\u00e9n"},"content":{"rendered":"<div class=\"flex_column av_one_full  flex_column_div av-zero-column-padding first  avia-builder-el-0  el_before_av_one_full  avia-builder-el-first  \" style='border-radius:0px; '><div  class='avia-image-container  av-styling-    avia-builder-el-1  avia-builder-el-no-sibling  avia-align-center '  itemprop=\"image\" itemscope=\"itemscope\" itemtype=\"https:\/\/schema.org\/ImageObject\"  ><div class='avia-image-container-inner'><div class='avia-image-overlay-wrap'><img decoding=\"async\" class='wp-image-14418 avia-img-lazy-loading-not-14418 avia_image' src=\"https:\/\/radiorevelacionfm.cl\/wp-content\/uploads\/2022\/03\/sequia-rios-2_optimized-2_optimized.jpg\" alt='' title='sequ\u00eda-r\u00edos-2_optimized-2_optimized' height=\"600\" width=\"901\"  itemprop=\"thumbnailUrl\" srcset=\"https:\/\/radiorevelacionfm.cl\/wp-content\/uploads\/2022\/03\/sequia-rios-2_optimized-2_optimized.jpg 901w, https:\/\/radiorevelacionfm.cl\/wp-content\/uploads\/2022\/03\/sequia-rios-2_optimized-2_optimized-300x200.jpg 300w, https:\/\/radiorevelacionfm.cl\/wp-content\/uploads\/2022\/03\/sequia-rios-2_optimized-2_optimized-768x511.jpg 768w, https:\/\/radiorevelacionfm.cl\/wp-content\/uploads\/2022\/03\/sequia-rios-2_optimized-2_optimized-705x469.jpg 705w, https:\/\/radiorevelacionfm.cl\/wp-content\/uploads\/2022\/03\/sequia-rios-2_optimized-2_optimized-600x400.jpg 600w\" sizes=\"(max-width: 901px) 100vw, 901px\" \/><\/div><\/div><\/div><\/div>\n<div class=\"flex_column av_one_full  flex_column_div av-zero-column-padding first  avia-builder-el-2  el_after_av_one_full  el_before_av_one_full  column-top-margin\" style='border-radius:0px; '><section class=\"av_textblock_section \"  itemscope=\"itemscope\" itemtype=\"https:\/\/schema.org\/BlogPosting\" itemprop=\"blogPost\" ><div class='avia_textblock  '   itemprop=\"text\" ><p style=\"text-align: center;\"><strong><span style=\"font-size: 18pt;\">Decretan escasez h\u00eddrica para el 60% de los habitantes de Ays\u00e9n<\/span><\/strong><\/p>\n<div id=\"gtx-trans\" style=\"position: absolute; left: -50px; top: 4.31534px;\">\n<div class=\"gtx-trans-icon\"><\/div>\n<\/div>\n<\/div><\/section><\/div><div class=\"flex_column av_one_full  flex_column_div av-zero-column-padding first  avia-builder-el-4  el_after_av_one_full  el_before_av_hr  column-top-margin\" style='border-radius:0px; '><section class=\"av_textblock_section \"  itemscope=\"itemscope\" itemtype=\"https:\/\/schema.org\/BlogPosting\" itemprop=\"blogPost\" ><div class='avia_textblock  '   itemprop=\"text\" ><p style=\"text-align: justify;\">El 7 de marzo de 2022, el Ministro de Obras P\u00fablicas, Alfredo Moreno, firm\u00f3 el decreto de escasez h\u00eddrica para las comunas de Coyhaique y Chile Chico, que concentran el 61% de la poblaci\u00f3n de la Regi\u00f3n de Ays\u00e9n, y que de acuerdo al Informe de Condiciones Hidrometeorol\u00f3gicas de la Direcci\u00f3n General de Aguas (DGA) del MOP se cumplen las condiciones de sequ\u00eda extraordinaria.<\/p>\n<p style=\"text-align: justify;\">En la Regi\u00f3n de Ays\u00e9n se hab\u00eda decretado escasez h\u00eddrica en marzo del 2008 en las comunas de Coyhaique, Lago Verde, Ays\u00e9n, Cisnes, Cochrane, Chile Chico y R\u00edo Ib\u00e1\u00f1ez, pero pasaron 14 a\u00f1os para que nuevamente se aplicara esta medida en la zona. El pasado 8 de febrero se firm\u00f3 el decreto para la localidad de Islas Las Huichas y un mes despu\u00e9s para Coyhaique y Chile Chico.<\/p>\n<p style=\"text-align: justify;\">Esta medida se comenz\u00f3 a aplicar el a\u00f1o 2008 y a la fecha se han emitido 204 decretos de escasez h\u00eddrica en el pa\u00eds. El 2021 cerr\u00f3 con 38 y en lo que va del 2022 ya se han emitido 13 decretos.<\/p>\n<p style=\"text-align: justify;\">\u201cActualmente m\u00e1s de 8 millones 350 mil personas, el 47,5% de los habitantes de Chile, viven en alguna de las 188 comunas de las regiones de Atacama, Coquimbo, Valpara\u00edso, Metropolitana, O\u00b4Higgins, Maule, Los R\u00edos, Los Lagos y Ays\u00e9n con esta declaraci\u00f3n que busca reducir al m\u00ednimo los perjuicios que ocasiona la sequ\u00eda\u201d, explica Cristian N\u00fa\u00f1ez, Director General de Aguas (s) del MOP.<\/p>\n<p style=\"text-align: justify;\"><strong>FACULTADES DE LA DGA<\/strong><\/p>\n<p style=\"text-align: justify;\">Los decretos de escasez h\u00eddrica permiten la aplicaci\u00f3n de instrumentos que buscan disminuir el impacto de la sequ\u00eda en la vida de las personas. Por ejemplo, da facultades a la DGA-MOP para autorizar extracciones de aguas superficiales o subterr\u00e1neas cuando los titulares no pueden ejercer sus derechos de aprovechamiento de aguas.<\/p>\n<p style=\"text-align: justify;\">Los decretos de escasez h\u00eddrica tienen una duraci\u00f3n de seis meses, porque la condici\u00f3n de sequ\u00eda se consideraba como una situaci\u00f3n excepcional y extraordinaria, pero en el nuevo C\u00f3digo de Aguas, pr\u00f3ximo a ser promulgado, el Art\u00edculo 314 fue modificado por lo cual se puede extenderse por un per\u00edodo m\u00e1ximo de hasta por un a\u00f1o, prorrogable sucesivamente, previo informe de la Direcci\u00f3n General de Aguas.<\/p>\n<\/div><\/section><\/div><\/p>\n<div  style='height:50px' class='hr hr-invisible   avia-builder-el-6  el_after_av_one_full  el_before_av_social_share '><span class='hr-inner ' ><span class='hr-inner-style'><\/span><\/span><\/div>\n<div  class='av-social-sharing-box  avia-builder-el-7  el_after_av_hr  el_before_av_hr  '><div class='av-share-box'><h5 class='av-share-link-description av-no-toc '>Compartir esta noticia<\/h5><ul class='av-share-box-list noLightbox'><li class='av-share-link av-social-link-facebook' ><a target=\"_blank\" aria-label=\"Compartir en Facebook\" href='https:\/\/www.facebook.com\/sharer.php?u=https:\/\/radiorevelacionfm.cl\/?p=14416&#038;t=Decretan%20escasez%20h%C3%ADdrica%20para%20el%2060%25%20de%20los%20habitantes%20de%20Ays%C3%A9n' aria-hidden='false' data-av_icon='\ue8f3' data-av_iconfont='entypo-fontello' title='' data-avia-related-tooltip='Compartir en Facebook' rel=\"noopener\"><span class='avia_hidden_link_text'>Compartir en Facebook<\/span><\/a><\/li><li class='av-share-link av-social-link-twitter' ><a target=\"_blank\" aria-label=\"Compartir en Twitter\" href='https:\/\/twitter.com\/share?text=Decretan%20escasez%20h%C3%ADdrica%20para%20el%2060%25%20de%20los%20habitantes%20de%20Ays%C3%A9n&#038;url=https:\/\/radiorevelacionfm.cl\/?p=14416' aria-hidden='false' data-av_icon='\ue8f1' data-av_iconfont='entypo-fontello' title='' data-avia-related-tooltip='Compartir en Twitter' rel=\"noopener\"><span class='avia_hidden_link_text'>Compartir en Twitter<\/span><\/a><\/li><li class='av-share-link av-social-link-whatsapp' ><a target=\"_blank\" aria-label=\"Compartir en Whatsapp\" href='https:\/\/api.whatsapp.com\/send?text=https:\/\/radiorevelacionfm.cl\/?p=14416' aria-hidden='false' data-av_icon='\uf232' data-av_iconfont='entypo-fontello' title='' data-avia-related-tooltip='Compartir en Whatsapp' rel=\"noopener\"><span class='avia_hidden_link_text'>Compartir en Whatsapp<\/span><\/a><\/li><li class='av-share-link av-social-link-linkedin' ><a target=\"_blank\" aria-label=\"Compartir en LinkedIn\" href='https:\/\/linkedin.com\/shareArticle?mini=true&#038;title=Decretan%20escasez%20h%C3%ADdrica%20para%20el%2060%25%20de%20los%20habitantes%20de%20Ays%C3%A9n&#038;url=https:\/\/radiorevelacionfm.cl\/?p=14416' aria-hidden='false' data-av_icon='\ue8fc' data-av_iconfont='entypo-fontello' title='' data-avia-related-tooltip='Compartir en LinkedIn' rel=\"noopener\"><span class='avia_hidden_link_text'>Compartir en LinkedIn<\/span><\/a><\/li><li class='av-share-link av-social-link-mail' ><a  aria-label=\"Compartir por correo\" href='mailto:?subject=Decretan%20escasez%20h%C3%ADdrica%20para%20el%2060%25%20de%20los%20habitantes%20de%20Ays%C3%A9n&#038;body=https:\/\/radiorevelacionfm.cl\/?p=14416' aria-hidden='false' data-av_icon='\ue805' data-av_iconfont='entypo-fontello' title='' data-avia-related-tooltip='Compartir por correo'><span class='avia_hidden_link_text'>Compartir por correo<\/span><\/a><\/li><\/ul><\/div><\/div>\n<div  style='height:50px' class='hr hr-invisible   avia-builder-el-8  el_after_av_social_share  el_before_av_comments_list '><span class='hr-inner ' ><span class='hr-inner-style'><\/span><\/span><\/div>\n<div  class='av-buildercomment  av-blog-meta-html-info-disabled av-blog-meta-tag-disabled  '><\/div>\n","protected":false},"excerpt":{"rendered":"","protected":false},"author":1,"featured_media":14418,"comment_status":"open","ping_status":"open","sticky":false,"template":"","format":"standard","meta":{"footnotes":""},"categories":[38],"tags":[],"class_list":["post-14416","post","type-post","status-publish","format-standard","has-post-thumbnail","hentry","category-regional"],"jetpack_featured_media_url":"https:\/\/radiorevelacionfm.cl\/wp-content\/uploads\/2022\/03\/sequia-rios-2_optimized-2_optimized.jpg","_links":{"self":[{"href":"https:\/\/radiorevelacionfm.cl\/index.php?rest_route=\/wp\/v2\/posts\/14416","targetHints":{"allow":["GET"]}}],"collection":[{"href":"https:\/\/radiorevelacionfm.cl\/index.php?rest_route=\/wp\/v2\/posts"}],"about":[{"href":"https:\/\/radiorevelacionfm.cl\/index.php?rest_route=\/wp\/v2\/types\/post"}],"author":[{"embeddable":true,"href":"https:\/\/radiorevelacionfm.cl\/index.php?rest_route=\/wp\/v2\/users\/1"}],"replies":[{"embeddable":true,"href":"https:\/\/radiorevelacionfm.cl\/index.php?rest_route=%2Fwp%2Fv2%2Fcomments&post=14416"}],"version-history":[{"count":3,"href":"https:\/\/radiorevelacionfm.cl\/index.php?rest_route=\/wp\/v2\/posts\/14416\/revisions"}],"predecessor-version":[{"id":14421,"href":"https:\/\/radiorevelacionfm.cl\/index.php?rest_route=\/wp\/v2\/posts\/14416\/revisions\/14421"}],"wp:featuredmedia":[{"embeddable":true,"href":"https:\/\/radiorevelacionfm.cl\/index.php?rest_route=\/wp\/v2\/media\/14418"}],"wp:attachment":[{"href":"https:\/\/radiorevelacionfm.cl\/index.php?rest_route=%2Fwp%2Fv2%2Fmedia&parent=14416"}],"wp:term":[{"taxonomy":"category","embeddable":true,"href":"https:\/\/radiorevelacionfm.cl\/index.php?rest_route=%2Fwp%2Fv2%2Fcategories&post=14416"},{"taxonomy":"post_tag","embeddable":true,"href":"https:\/\/radiorevelacionfm.cl\/index.php?rest_route=%2Fwp%2Fv2%2Ftags&post=14416"}],"curies":[{"name":"wp","href":"https:\/\/api.w.org\/{rel}","templated":true}]}}