{"id":14410,"date":"2022-03-08T22:05:54","date_gmt":"2022-03-09T01:05:54","guid":{"rendered":"https:\/\/radiorevelacionfm.cl\/?p=14410"},"modified":"2022-03-08T22:09:09","modified_gmt":"2022-03-09T01:09:09","slug":"injuv-lanza-manual-de-lenguaje-inclusivo-y-no-sexista","status":"publish","type":"post","link":"https:\/\/radiorevelacionfm.cl\/?p=14410","title":{"rendered":"INJUV lanza Manual de Lenguaje Inclusivo y No Sexista"},"content":{"rendered":"<div class=\"flex_column av_one_full  flex_column_div av-zero-column-padding first  avia-builder-el-0  el_before_av_one_full  avia-builder-el-first  \" style='border-radius:0px; '><div  class='avia-image-container  av-styling-    avia-builder-el-1  avia-builder-el-no-sibling  avia-align-center '  itemprop=\"image\" itemscope=\"itemscope\" itemtype=\"https:\/\/schema.org\/ImageObject\"  ><div class='avia-image-container-inner'><div class='avia-image-overlay-wrap'><img decoding=\"async\" class='wp-image-14411 avia-img-lazy-loading-not-14411 avia_image' src=\"https:\/\/radiorevelacionfm.cl\/wp-content\/uploads\/2022\/03\/Manual-de-Lenguaje-inclusivo-2-2.jpg\" alt='' title='Manual de Lenguaje inclusivo-2-2' height=\"600\" width=\"439\"  itemprop=\"thumbnailUrl\" srcset=\"https:\/\/radiorevelacionfm.cl\/wp-content\/uploads\/2022\/03\/Manual-de-Lenguaje-inclusivo-2-2.jpg 439w, https:\/\/radiorevelacionfm.cl\/wp-content\/uploads\/2022\/03\/Manual-de-Lenguaje-inclusivo-2-2-220x300.jpg 220w\" sizes=\"(max-width: 439px) 100vw, 439px\" \/><\/div><\/div><\/div><\/div>\n<div class=\"flex_column av_one_full  flex_column_div av-zero-column-padding first  avia-builder-el-2  el_after_av_one_full  el_before_av_one_full  column-top-margin\" style='border-radius:0px; '><section class=\"av_textblock_section \"  itemscope=\"itemscope\" itemtype=\"https:\/\/schema.org\/BlogPosting\" itemprop=\"blogPost\" ><div class='avia_textblock  '   itemprop=\"text\" ><p style=\"text-align: center;\"><span style=\"font-size: 18pt;\"><strong>INJUV lanza Manual de Lenguaje Inclusivo y No Sexista<\/strong><\/span><\/p>\n<div id=\"gtx-trans\" style=\"position: absolute; left: -50px; top: 4.31534px;\">\n<div class=\"gtx-trans-icon\"><\/div>\n<\/div>\n<\/div><\/section><\/div><div class=\"flex_column av_one_full  flex_column_div av-zero-column-padding first  avia-builder-el-4  el_after_av_one_full  el_before_av_hr  column-top-margin\" style='border-radius:0px; '><section class=\"av_textblock_section \"  itemscope=\"itemscope\" itemtype=\"https:\/\/schema.org\/BlogPosting\" itemprop=\"blogPost\" ><div class='avia_textblock  '   itemprop=\"text\" ><div>\n<p class=\"Predeterminado\" style=\"text-align: justify;\"><span lang=\"ES-TRAD\">Desde el Instituto Nacional de la Juventud (Injuv) se viene trabajando hace a\u00f1os en herramientas que permitan una comunicaci\u00f3n sin sesgos en materia de g\u00e9nero y que permita la inclusi\u00f3n de las juventudes en todas las actividades del servicio.<\/span><\/p>\n<\/div>\n<div style=\"text-align: justify;\">\n<p class=\"Predeterminado\"><span lang=\"ES-TRAD\">Producto de este esfuerzo, durante el 2021 la Mesa de G\u00e9nero de la instituci\u00f3n trabaj\u00f3 en el \u201cManual de Lenguaje Inclusivo y No Sexista\u201d, documento que hoy fue lanzado en el marco de la conmemoraci\u00f3n del D\u00eda Internacional de la Mujer como un aporte para que desde el lenguaje podamos construir una sociedad que valora la diversidad y crece respetando nuestras diferencias.<\/span><\/p>\n<\/div>\n<div style=\"text-align: justify;\">\n<p class=\"Predeterminado\"><span lang=\"ES-TRAD\">Esta gu\u00eda contempla un marco conceptual, el uso del lenguaje como construcci\u00f3n de la realidad social, el uso de pronombres y determinantes sin g\u00e9nero, evitar el uso de adverbios con marca de g\u00e9nero y un llamado a utilizar el lenguaje incluyente no sexista.<\/span><\/p>\n<\/div>\n<div style=\"text-align: justify;\">\n<p class=\"Predeterminado\"><span lang=\"ES-TRAD\">\u201cEl lenguaje construye realidad y es por eso que, desde el Instituto Nacional de la Juventud, sentimos la necesidad de poner a disposici\u00f3n este manual que busca entregar herramientas que nos permitan terminar con los sesgos por g\u00e9nero y que den cuenta de la diversidad de las juventudes de nuestro pa\u00eds\u201d, sostiene la directora regional (s) de INJUV Ays\u00e9n, G\u00e9nesis Arias Fuentes.<\/span><\/p>\n<\/div>\n<div style=\"text-align: justify;\">\n<p class=\"Predeterminado\"><span lang=\"ES-TRAD\">La creaci\u00f3n de este instrumento busca despejar algunos mitos que surgen al respecto, particularmente aquellas que buscan desprestigiar y burlar a quienes lo utilizan, pues, el lenguaje inclusivo es una manera de articular nuestro hablar, para designar a personas y\/o sujetos de manera no binaria.<\/span><\/p>\n<\/div>\n<div style=\"text-align: justify;\">\n<p class=\"Predeterminado\"><span lang=\"ES-TRAD\">El lenguaje no sexista, de g\u00e9nero neutro o lenguaje inclusivo es una forma de comunicaci\u00f3n sin sesgos, prejuicios o tonos estereotipados y discriminatorios, que visibiliza de igual manera a hombres y mujeres.<\/span><\/p>\n<\/div>\n<p style=\"text-align: justify;\">El manual puede ser descargado en<\/p>\n<div style=\"text-align: justify;\"><a href=\"https:\/\/extranet.injuv.gob.cl\/manual_de_lenguaje_inclusivo_y_no_sexista.pdf\">https:\/\/extranet.injuv.gob.cl\/manual_de_lenguaje_inclusivo_y_no_sexista.pdf<\/a><\/div>\n<\/div><\/section><\/div><\/p>\n<div  style='height:50px' class='hr hr-invisible   avia-builder-el-6  el_after_av_one_full  el_before_av_social_share '><span class='hr-inner ' ><span class='hr-inner-style'><\/span><\/span><\/div>\n<div  class='av-social-sharing-box  avia-builder-el-7  el_after_av_hr  el_before_av_hr  '><div class='av-share-box'><h5 class='av-share-link-description av-no-toc '>Compartir esta noticia<\/h5><ul class='av-share-box-list noLightbox'><li class='av-share-link av-social-link-facebook' ><a target=\"_blank\" aria-label=\"Compartir en Facebook\" href='https:\/\/www.facebook.com\/sharer.php?u=https:\/\/radiorevelacionfm.cl\/?p=14410&#038;t=INJUV%20lanza%20Manual%20de%20Lenguaje%20Inclusivo%20y%20No%20Sexista' aria-hidden='false' data-av_icon='\ue8f3' data-av_iconfont='entypo-fontello' title='' data-avia-related-tooltip='Compartir en Facebook' rel=\"noopener\"><span class='avia_hidden_link_text'>Compartir en Facebook<\/span><\/a><\/li><li class='av-share-link av-social-link-twitter' ><a target=\"_blank\" aria-label=\"Compartir en Twitter\" href='https:\/\/twitter.com\/share?text=INJUV%20lanza%20Manual%20de%20Lenguaje%20Inclusivo%20y%20No%20Sexista&#038;url=https:\/\/radiorevelacionfm.cl\/?p=14410' aria-hidden='false' data-av_icon='\ue8f1' data-av_iconfont='entypo-fontello' title='' data-avia-related-tooltip='Compartir en Twitter' rel=\"noopener\"><span class='avia_hidden_link_text'>Compartir en Twitter<\/span><\/a><\/li><li class='av-share-link av-social-link-whatsapp' ><a target=\"_blank\" aria-label=\"Compartir en Whatsapp\" href='https:\/\/api.whatsapp.com\/send?text=https:\/\/radiorevelacionfm.cl\/?p=14410' aria-hidden='false' data-av_icon='\uf232' data-av_iconfont='entypo-fontello' title='' data-avia-related-tooltip='Compartir en Whatsapp' rel=\"noopener\"><span class='avia_hidden_link_text'>Compartir en Whatsapp<\/span><\/a><\/li><li class='av-share-link av-social-link-linkedin' ><a target=\"_blank\" aria-label=\"Compartir en LinkedIn\" href='https:\/\/linkedin.com\/shareArticle?mini=true&#038;title=INJUV%20lanza%20Manual%20de%20Lenguaje%20Inclusivo%20y%20No%20Sexista&#038;url=https:\/\/radiorevelacionfm.cl\/?p=14410' aria-hidden='false' data-av_icon='\ue8fc' data-av_iconfont='entypo-fontello' title='' data-avia-related-tooltip='Compartir en LinkedIn' rel=\"noopener\"><span class='avia_hidden_link_text'>Compartir en LinkedIn<\/span><\/a><\/li><li class='av-share-link av-social-link-mail' ><a  aria-label=\"Compartir por correo\" href='mailto:?subject=INJUV%20lanza%20Manual%20de%20Lenguaje%20Inclusivo%20y%20No%20Sexista&#038;body=https:\/\/radiorevelacionfm.cl\/?p=14410' aria-hidden='false' data-av_icon='\ue805' data-av_iconfont='entypo-fontello' title='' data-avia-related-tooltip='Compartir por correo'><span class='avia_hidden_link_text'>Compartir por correo<\/span><\/a><\/li><\/ul><\/div><\/div>\n<div  style='height:50px' class='hr hr-invisible   avia-builder-el-8  el_after_av_social_share  el_before_av_comments_list '><span class='hr-inner ' ><span class='hr-inner-style'><\/span><\/span><\/div>\n<div  class='av-buildercomment  av-blog-meta-html-info-disabled av-blog-meta-tag-disabled  '><\/div>\n","protected":false},"excerpt":{"rendered":"","protected":false},"author":1,"featured_media":14412,"comment_status":"open","ping_status":"open","sticky":false,"template":"","format":"standard","meta":{"footnotes":""},"categories":[38],"tags":[],"class_list":["post-14410","post","type-post","status-publish","format-standard","has-post-thumbnail","hentry","category-regional"],"jetpack_featured_media_url":"https:\/\/radiorevelacionfm.cl\/wp-content\/uploads\/2022\/03\/image-69-2.jpg","_links":{"self":[{"href":"https:\/\/radiorevelacionfm.cl\/index.php?rest_route=\/wp\/v2\/posts\/14410","targetHints":{"allow":["GET"]}}],"collection":[{"href":"https:\/\/radiorevelacionfm.cl\/index.php?rest_route=\/wp\/v2\/posts"}],"about":[{"href":"https:\/\/radiorevelacionfm.cl\/index.php?rest_route=\/wp\/v2\/types\/post"}],"author":[{"embeddable":true,"href":"https:\/\/radiorevelacionfm.cl\/index.php?rest_route=\/wp\/v2\/users\/1"}],"replies":[{"embeddable":true,"href":"https:\/\/radiorevelacionfm.cl\/index.php?rest_route=%2Fwp%2Fv2%2Fcomments&post=14410"}],"version-history":[{"count":3,"href":"https:\/\/radiorevelacionfm.cl\/index.php?rest_route=\/wp\/v2\/posts\/14410\/revisions"}],"predecessor-version":[{"id":14414,"href":"https:\/\/radiorevelacionfm.cl\/index.php?rest_route=\/wp\/v2\/posts\/14410\/revisions\/14414"}],"wp:featuredmedia":[{"embeddable":true,"href":"https:\/\/radiorevelacionfm.cl\/index.php?rest_route=\/wp\/v2\/media\/14412"}],"wp:attachment":[{"href":"https:\/\/radiorevelacionfm.cl\/index.php?rest_route=%2Fwp%2Fv2%2Fmedia&parent=14410"}],"wp:term":[{"taxonomy":"category","embeddable":true,"href":"https:\/\/radiorevelacionfm.cl\/index.php?rest_route=%2Fwp%2Fv2%2Fcategories&post=14410"},{"taxonomy":"post_tag","embeddable":true,"href":"https:\/\/radiorevelacionfm.cl\/index.php?rest_route=%2Fwp%2Fv2%2Ftags&post=14410"}],"curies":[{"name":"wp","href":"https:\/\/api.w.org\/{rel}","templated":true}]}}