{"id":14399,"date":"2022-03-08T20:12:58","date_gmt":"2022-03-08T23:12:58","guid":{"rendered":"https:\/\/radiorevelacionfm.cl\/?p=14399"},"modified":"2022-03-08T20:16:53","modified_gmt":"2022-03-08T23:16:53","slug":"dia-internacional-de-la-mujer-la-mujer-en-carabineros-y-su-contribucion-al-orden-la-seguridad-y-el-desarrollo-del-pais","status":"publish","type":"post","link":"https:\/\/radiorevelacionfm.cl\/?p=14399","title":{"rendered":"D\u00eda Internacional de la Mujer: La mujer en Carabineros y su contribuci\u00f3n al orden, la seguridad y el desarrollo del pa\u00eds"},"content":{"rendered":"<div class=\"flex_column av_one_full  flex_column_div av-zero-column-padding first  avia-builder-el-0  el_before_av_one_full  avia-builder-el-first  \" style='border-radius:0px; '><div  class='avia-image-container  av-styling-    avia-builder-el-1  avia-builder-el-no-sibling  avia-align-center '  itemprop=\"image\" itemscope=\"itemscope\" itemtype=\"https:\/\/schema.org\/ImageObject\"  ><div class='avia-image-container-inner'><div class='avia-image-overlay-wrap'><img decoding=\"async\" class='wp-image-14403 avia-img-lazy-loading-not-14403 avia_image' src=\"https:\/\/radiorevelacionfm.cl\/wp-content\/uploads\/2022\/03\/image-67-2.jpg\" alt='' title='image-67-2' height=\"600\" width=\"986\"  itemprop=\"thumbnailUrl\" srcset=\"https:\/\/radiorevelacionfm.cl\/wp-content\/uploads\/2022\/03\/image-67-2.jpg 986w, https:\/\/radiorevelacionfm.cl\/wp-content\/uploads\/2022\/03\/image-67-2-300x183.jpg 300w, https:\/\/radiorevelacionfm.cl\/wp-content\/uploads\/2022\/03\/image-67-2-768x467.jpg 768w, https:\/\/radiorevelacionfm.cl\/wp-content\/uploads\/2022\/03\/image-67-2-705x429.jpg 705w, https:\/\/radiorevelacionfm.cl\/wp-content\/uploads\/2022\/03\/image-67-2-600x365.jpg 600w\" sizes=\"(max-width: 986px) 100vw, 986px\" \/><\/div><\/div><\/div><\/div><div class=\"flex_column av_one_full  flex_column_div av-zero-column-padding first  avia-builder-el-2  el_after_av_one_full  el_before_av_one_full  column-top-margin\" style='border-radius:0px; '><section class=\"av_textblock_section \"  itemscope=\"itemscope\" itemtype=\"https:\/\/schema.org\/BlogPosting\" itemprop=\"blogPost\" ><div class='avia_textblock  '   itemprop=\"text\" ><p class=\"v1MsoNormal\" style=\"text-align: center;\"><span style=\"font-size: 18pt;\"><strong>D\u00eda Internacional de la Mujer:\u00a0<\/strong><strong>La mujer en Carabineros y su contribuci\u00f3n al orden, la seguridad y el desarrollo del pa\u00eds<\/strong><\/span><\/p>\n<div id=\"gtx-trans\" style=\"position: absolute; left: -50px; top: 4.31534px;\">\n<div class=\"gtx-trans-icon\"><\/div>\n<\/div>\n<\/div><\/section><\/div><\/p>\n<div class=\"flex_column av_one_full  flex_column_div av-zero-column-padding first  avia-builder-el-4  el_after_av_one_full  el_before_av_hr  column-top-margin\" style='border-radius:0px; '><section class=\"av_textblock_section \"  itemscope=\"itemscope\" itemtype=\"https:\/\/schema.org\/BlogPosting\" itemprop=\"blogPost\" ><div class='avia_textblock  '   itemprop=\"text\" ><p class=\"v1MsoNormal\" style=\"text-align: justify;\">La fuerza, tenacidad, perseverancia y compromiso, son solo algunas de las cualidades que caracterizan a la mujer en su \u00edmpetu por salir adelante en medio de la adversidad. A diario cada una de ellas realiza un aporte sustancial al progreso del pa\u00eds, compatibilizando el rol que les cabe en la vida familiar con un comprometido desempe\u00f1o laboral.<\/p>\n<p class=\"v1MsoNormal\" style=\"text-align: justify;\">Presentes en Carabineros de Chile desde el a\u00f1o 1962, las mujeres hoy est\u00e1n presentes en los m\u00e1s variados \u00e1mbitos del quehacer institucional, cumpliendo funciones en el \u00e1mbito operativo, administrativo, en las diversas especialidades, estando mando de destacamentos, Unidades e integrando el Alto Mando Institucional.<\/p>\n<p class=\"v1MsoNormal\" style=\"text-align: justify;\"><b>Alta formaci\u00f3n<\/b><\/p>\n<p class=\"v1MsoNormal\" style=\"text-align: justify;\">De voz firme, instructora y mag\u00edster en derechos humanos, la Capit\u00e1n Francisca Torres Molina es quien impone orden y respeto en la Subcomisar\u00eda Balmaceda, siendo en la actualidad la \u00fanica mujer que est\u00e1 a cargo de una Unidad fronteriza y que desarrolla funciones en el \u00e1mbito operativo y en la regi\u00f3n de Ays\u00e9n.<\/p>\n<p class=\"v1MsoNormal\" style=\"text-align: justify;\">Oriunda de la ciudad de Coyhaique y con 13 a\u00f1os en las filas de la Instituci\u00f3n, tras egresar de la Escuela de Carabineros de Chile del General Carlos Ib\u00e1\u00f1ez del Campo, la Capit\u00e1n Torres desempe\u00f1\u00f3 funciones en la 2da. Comisar\u00eda Central de Santiago, siendo posteriormente trasladada a Puerto Montt, para m\u00e1s tarde convertirse en la primera mujer en viajar como comisionada de servicios en el buque Escuela Esmeralda de la Armada de Chile. La Oficial realiz\u00f3 la especialidad de instructor en la Escuela de Carabineros, se desempe\u00f1\u00f3 en el Grupo de Formaci\u00f3n de Vi\u00f1a del Mar, asimismo cumpli\u00f3 funciones en la direcci\u00f3n de Derechos Humanos, en tanto que el a\u00f1o 2021 arrib\u00f3 a la regi\u00f3n de Ays\u00e9n, asumiendo como jefa de la Subcomisar\u00eda Balmaceda (F), donde tiene bajo su cargo otros tres destacamentos dependientes de esta Unidad como son el Ret\u00e9n El Blanco, la Tenencia Puerto Ingeniero Ib\u00e1\u00f1ez (F) y el Ret\u00e9n R\u00edo Tranquilo.<\/p>\n<p class=\"v1MsoNormal\" style=\"text-align: justify;\">La Oficial es Mag\u00edster en Derechos Humanos, Diplomado en Violencia de G\u00e9nero de la Universidad de Chile, Diplomado en Cambios y Desarrollo Organizacional de la Universidad Cat\u00f3lica, Diplomado en Seguridad Democr\u00e1tica en la Universidad de Espa\u00f1a y actualmente se encuentra finalizando la carrera de Administraci\u00f3n P\u00fablica y pr\u00f3xima a titularse.<\/p>\n<p class=\"v1MsoNormal\" style=\"text-align: justify;\"><b>Liderazgo m\u00e1s cercano<\/b><\/p>\n<p class=\"v1MsoNormal\" style=\"text-align: justify;\">En el D\u00eda Internacional de la Mujer y en cerca de 60 a\u00f1os desde su incorporaci\u00f3n a las filas de la Instituci\u00f3n, las mujeres han conquistado espacios y con m\u00faltiples desaf\u00edos en los cuales continuar avanzando.<\/p>\n<p class=\"v1MsoNormal\" style=\"text-align: justify;\">\u00abHay un cambio (&#8230;), dentro de los desaf\u00edos destacan el avanzar hacia un cambio cultural y organizacional respecto a qu\u00e9 significa ser mujer u hombre y lo que conlleva el ser funcionario y las responsabilidades de \u00edndole familiar\u00bb, expres\u00f3.<\/p>\n<p class=\"v1MsoNormal\" style=\"text-align: justify;\">\u00abEsa vivencia personal y profesional me ha permitido tener otra visi\u00f3n de c\u00f3mo ejercer un liderazgo quiz\u00e1s m\u00e1s cercano o m\u00e1s emp\u00e1tico, con la finalidad de que los carabineros puedan ejercer bien su trabajo y para ello deben estar primero bien en la parte emocional y afectiva\u00bb, complement\u00f3.<\/p>\n<p class=\"v1MsoNormal\" style=\"text-align: justify;\">Hoy la mujer se encuentra presente en los m\u00e1s diversos \u00e1mbitos del quehacer interno, no obstante, entre los desaf\u00edos se encuentra el mecanismo para satisfacer y garantizar la igualdad y equidad de derechos entre hombres y mujeres en el desarrollo de las funciones, aspecto que est\u00e1 contemplado en el plan estrat\u00e9gico y de modernizaci\u00f3n institucional.<\/p>\n<p class=\"v1MsoNormal\" style=\"text-align: justify;\">\u00abUno en la vida tiene que aprender a diferenciar lo urgente de lo importante. Cuando uno coloca en la balanza que lo urgente es el ser, es la persona, el conversar, donde muchas veces un saludo, una pregunta cordial o un buen gesto le cambia el d\u00eda a una persona. Somos personas que formamos parte de la sociedad, que tenemos vivencias, que tenemos momentos felices, momentos tristes, pero en momentos complejos no necesariamente el m\u00e1s antiguo es el l\u00edder, en situaciones dif\u00edciles el menos antiguo puede levantar la moral de la gente porque est\u00e1 mejor emocionalmente\u00bb, reflexion\u00f3.<\/p>\n<p class=\"v1MsoNormal\" style=\"text-align: justify;\">\u00abTengo el privilegio de liderar gente responsable, comprometida y que d\u00eda a d\u00eda visualizan y externalizan los valores que la Instituci\u00f3n espera de ellos. Con mis subalternos puedo vivir y apreciar el real esp\u00edritu de cuerpo, el compa\u00f1erismo, la lealtad, valores que muchas veces se van transmitiendo en la doctrina institucional\u00bb, a\u00f1adi\u00f3.<\/p>\n<p class=\"v1MsoNormal\" style=\"text-align: justify;\"><b>Cumplimos las mismas funciones<\/b><\/p>\n<p class=\"v1MsoNormal\" style=\"text-align: justify;\">Oriunda de la ciudad de Santiago y con 31 a\u00f1os de servicio en Carabineros, la Suboficial Mayor Fabiola Pino Pav\u00e9s cumple en la actualidad funciones en la Oficina de \u00d3rdenes de la 1ra. Comisar\u00eda Coyhaique.<\/p>\n<p class=\"v1MsoNormal\" style=\"text-align: justify;\">Tras su paso por la SIAT, el SERBV, se desempe\u00f1\u00f3 en la Fiscal\u00eda Administrativa en Valdivia, siendo igualmente jefe de la Tenencia Los Jazmines dependiente de la 1ra. Comisar\u00eda de Valdivia, siendo luego trasladada junto a su esposo a la 1ra. Comisar\u00eda de Coyhaique realizando servicios operativos y hoy en el \u00e1mbito administrativo.<\/p>\n<p class=\"v1MsoNormal\" style=\"text-align: justify;\">\u00abLas mujeres hemos sido integradas a un recurso humano donde la mayor\u00eda son hombres, son pocas la mujeres pero se nota la equidad de g\u00e9nero y la igualdad entre el hombre y la mujer. Hoy ambos cumplimos las mismas funciones, somos una gran familia y nos apoyamos entre todos\u00bb, expres\u00f3 la Suboficial Mayor, quien espera proyectar su carrera hasta los 35 a\u00f1os de servicio.<\/p>\n<p class=\"v1MsoNormal\" style=\"text-align: justify;\"><b>Incluidas en toma de decisiones<\/b><\/p>\n<p class=\"v1MsoNormal\" style=\"text-align: justify;\">Dado el proceso modernizador de Carabineros y el desarrollo de m\u00faltiples tareas en el \u00e1rea administrativa, la Instituci\u00f3n incorpor\u00f3 a personal civil en diversas \u00e1reas, tal es el caso de la CPR administrativo Karla Mart\u00ednez P\u00e9rez, quien cumple funciones en la Oficina de Partes de la Prefectura Ays\u00e9n.<\/p>\n<p class=\"v1MsoNormal\" style=\"text-align: justify;\">Nacida en la ciudad de Coyhaique y con diez a\u00f1os de trayectoria institucional ingres\u00f3 el a\u00f1o 2012 a la 1ra. Comisar\u00eda de Puerto Varas dependiente de la Prefectura Llanquihue, desde donde se traslad\u00f3 m\u00e1s tarde a la Prefectura Ays\u00e9n.<\/p>\n<p class=\"v1MsoNormal\" style=\"text-align: justify;\">\u00abHombres y mujeres somos todos iguales, podemos hacer de todo. La mujer hoy est\u00e1 incluida y eso es muy bueno, ya sea para tomar decisiones y eso le da un realce a una instituci\u00f3n mayoritariamente masculina (&#8230;). Uno aprende a querer a\u00fan m\u00e1s la instituci\u00f3n y a adaptarse a sus directrices (&#8230;). Me gusta lo que hago, colaborar, aprender mucho y estar siempre presente\u00bb, indic\u00f3.<\/p>\n<p class=\"v1MsoNormal\" style=\"text-align: justify;\"><b>Fundamentales<\/b><\/p>\n<p class=\"v1MsoNormal\" style=\"text-align: justify;\">Por su parte la Cabo 2do. Paula Toloza Guzm\u00e1n, de dotaci\u00f3n de la 1ra. Comisar\u00eda de Coyhaique y cargo del servicio en bicicleta, indic\u00f3 que desde peque\u00f1a se sent\u00eda atra\u00edda por la Instituci\u00f3n, por la labor y cercan\u00eda con la comunidad.<\/p>\n<p class=\"v1MsoNormal\" style=\"text-align: justify;\">Oriunda de la ciudad de Los \u00c1ngeles, tras aprobar el curso en la Escuela de Formaci\u00f3n de Carabineros ubicada en la comuna de Cerrillos, obtuvo el grado de brigadier dadas sus altas calificaciones, lo cual le permiti\u00f3 escoger como destino la ciudad de Coyhaique donde arrib\u00f3 el a\u00f1o 2018.<\/p>\n<p class=\"v1MsoNormal\" style=\"text-align: justify;\">Tras su paso por la Oficina de Postulaciones, VIF y \u00d3rdenes Judiciales, estuvo agregada el a\u00f1o 2021 a la Subcomisar\u00eda Balmaceda (F), quien actualmente forma parte del servicio en bicicleta de la 1ra. Comisar\u00eda de Coyhaique.<\/p>\n<p class=\"v1MsoNormal\" style=\"text-align: justify;\">\u00abEl rol de la mujer en Carabineros es fundamental, somos detallistas, minuciosas especialmente en procedimientos con menores o VIF donde la presencia de la mujer cumple una gran funci\u00f3n (&#8230;). Hoy mujeres y hombres estamos en una misma posici\u00f3n\u00bb.<\/p>\n<p class=\"v1MsoNormal\" style=\"text-align: justify;\">La Cabo 2do. Toloza proyecta su carrera en la especialidad de adiestramiento canino o en el \u00e1rea de drogas.<\/p>\n<p class=\"v1MsoNormal\" style=\"text-align: justify;\">Hoy son m\u00e1s de 13 mil las mujeres que integran las filas de Carabineros de Chile a nivel nacional, quienes son fundamentales y contribuyen a diario al desarrollo de una Instituci\u00f3n moderna y diversa al servicio del pa\u00eds.<\/p>\n<\/div><\/section><\/div>\n<div  style='height:50px' class='hr hr-invisible   avia-builder-el-6  el_after_av_one_full  el_before_av_social_share '><span class='hr-inner ' ><span class='hr-inner-style'><\/span><\/span><\/div>\n<div  class='av-social-sharing-box  avia-builder-el-7  el_after_av_hr  el_before_av_hr  '><div class='av-share-box'><h5 class='av-share-link-description av-no-toc '>Compartir esta noticia<\/h5><ul class='av-share-box-list noLightbox'><li class='av-share-link av-social-link-facebook' ><a target=\"_blank\" aria-label=\"Compartir en Facebook\" href='https:\/\/www.facebook.com\/sharer.php?u=https:\/\/radiorevelacionfm.cl\/?p=14399&#038;t=D%C3%ADa%20Internacional%20de%20la%20Mujer%3A%20La%20mujer%20en%20Carabineros%20y%20su%20contribuci%C3%B3n%20al%20orden%2C%20la%20seguridad%20y%20el%20desarrollo%20del%20pa%C3%ADs' aria-hidden='false' data-av_icon='\ue8f3' data-av_iconfont='entypo-fontello' title='' data-avia-related-tooltip='Compartir en Facebook' rel=\"noopener\"><span class='avia_hidden_link_text'>Compartir en Facebook<\/span><\/a><\/li><li class='av-share-link av-social-link-twitter' ><a target=\"_blank\" aria-label=\"Compartir en Twitter\" href='https:\/\/twitter.com\/share?text=D%C3%ADa%20Internacional%20de%20la%20Mujer%3A%20La%20mujer%20en%20Carabineros%20y%20su%20contribuci%C3%B3n%20al%20orden%2C%20la%20seguridad%20y%20el%20desarrollo%20del%20pa%C3%ADs&#038;url=https:\/\/radiorevelacionfm.cl\/?p=14399' aria-hidden='false' data-av_icon='\ue8f1' data-av_iconfont='entypo-fontello' title='' data-avia-related-tooltip='Compartir en Twitter' rel=\"noopener\"><span class='avia_hidden_link_text'>Compartir en Twitter<\/span><\/a><\/li><li class='av-share-link av-social-link-whatsapp' ><a target=\"_blank\" aria-label=\"Compartir en Whatsapp\" href='https:\/\/api.whatsapp.com\/send?text=https:\/\/radiorevelacionfm.cl\/?p=14399' aria-hidden='false' data-av_icon='\uf232' data-av_iconfont='entypo-fontello' title='' data-avia-related-tooltip='Compartir en Whatsapp' rel=\"noopener\"><span class='avia_hidden_link_text'>Compartir en Whatsapp<\/span><\/a><\/li><li class='av-share-link av-social-link-linkedin' ><a target=\"_blank\" aria-label=\"Compartir en LinkedIn\" href='https:\/\/linkedin.com\/shareArticle?mini=true&#038;title=D%C3%ADa%20Internacional%20de%20la%20Mujer%3A%20La%20mujer%20en%20Carabineros%20y%20su%20contribuci%C3%B3n%20al%20orden%2C%20la%20seguridad%20y%20el%20desarrollo%20del%20pa%C3%ADs&#038;url=https:\/\/radiorevelacionfm.cl\/?p=14399' aria-hidden='false' data-av_icon='\ue8fc' data-av_iconfont='entypo-fontello' title='' data-avia-related-tooltip='Compartir en LinkedIn' rel=\"noopener\"><span class='avia_hidden_link_text'>Compartir en LinkedIn<\/span><\/a><\/li><li class='av-share-link av-social-link-mail' ><a  aria-label=\"Compartir por correo\" href='mailto:?subject=D%C3%ADa%20Internacional%20de%20la%20Mujer%3A%20La%20mujer%20en%20Carabineros%20y%20su%20contribuci%C3%B3n%20al%20orden%2C%20la%20seguridad%20y%20el%20desarrollo%20del%20pa%C3%ADs&#038;body=https:\/\/radiorevelacionfm.cl\/?p=14399' aria-hidden='false' data-av_icon='\ue805' data-av_iconfont='entypo-fontello' title='' data-avia-related-tooltip='Compartir por correo'><span class='avia_hidden_link_text'>Compartir por correo<\/span><\/a><\/li><\/ul><\/div><\/div>\n<div  style='height:50px' class='hr hr-invisible   avia-builder-el-8  el_after_av_social_share  el_before_av_comments_list '><span class='hr-inner ' ><span class='hr-inner-style'><\/span><\/span><\/div>\n<div  class='av-buildercomment  av-blog-meta-html-info-disabled av-blog-meta-tag-disabled  '><\/div>\n","protected":false},"excerpt":{"rendered":"","protected":false},"author":1,"featured_media":14403,"comment_status":"open","ping_status":"open","sticky":false,"template":"","format":"standard","meta":{"footnotes":""},"categories":[36],"tags":[],"class_list":["post-14399","post","type-post","status-publish","format-standard","has-post-thumbnail","hentry","category-policial"],"jetpack_featured_media_url":"https:\/\/radiorevelacionfm.cl\/wp-content\/uploads\/2022\/03\/image-67-2.jpg","_links":{"self":[{"href":"https:\/\/radiorevelacionfm.cl\/index.php?rest_route=\/wp\/v2\/posts\/14399","targetHints":{"allow":["GET"]}}],"collection":[{"href":"https:\/\/radiorevelacionfm.cl\/index.php?rest_route=\/wp\/v2\/posts"}],"about":[{"href":"https:\/\/radiorevelacionfm.cl\/index.php?rest_route=\/wp\/v2\/types\/post"}],"author":[{"embeddable":true,"href":"https:\/\/radiorevelacionfm.cl\/index.php?rest_route=\/wp\/v2\/users\/1"}],"replies":[{"embeddable":true,"href":"https:\/\/radiorevelacionfm.cl\/index.php?rest_route=%2Fwp%2Fv2%2Fcomments&post=14399"}],"version-history":[{"count":3,"href":"https:\/\/radiorevelacionfm.cl\/index.php?rest_route=\/wp\/v2\/posts\/14399\/revisions"}],"predecessor-version":[{"id":14406,"href":"https:\/\/radiorevelacionfm.cl\/index.php?rest_route=\/wp\/v2\/posts\/14399\/revisions\/14406"}],"wp:featuredmedia":[{"embeddable":true,"href":"https:\/\/radiorevelacionfm.cl\/index.php?rest_route=\/wp\/v2\/media\/14403"}],"wp:attachment":[{"href":"https:\/\/radiorevelacionfm.cl\/index.php?rest_route=%2Fwp%2Fv2%2Fmedia&parent=14399"}],"wp:term":[{"taxonomy":"category","embeddable":true,"href":"https:\/\/radiorevelacionfm.cl\/index.php?rest_route=%2Fwp%2Fv2%2Fcategories&post=14399"},{"taxonomy":"post_tag","embeddable":true,"href":"https:\/\/radiorevelacionfm.cl\/index.php?rest_route=%2Fwp%2Fv2%2Ftags&post=14399"}],"curies":[{"name":"wp","href":"https:\/\/api.w.org\/{rel}","templated":true}]}}