{"id":14395,"date":"2022-03-08T19:53:56","date_gmt":"2022-03-08T22:53:56","guid":{"rendered":"https:\/\/radiorevelacionfm.cl\/?p=14395"},"modified":"2022-03-08T20:34:46","modified_gmt":"2022-03-08T23:34:46","slug":"pdi-y-fiscalia-investigan-abuso-sexual-y-violacion-de-morada-ocurrido-en-puerto-aysen","status":"publish","type":"post","link":"https:\/\/radiorevelacionfm.cl\/?p=14395","title":{"rendered":"PDI y Fiscal\u00eda investigan abuso sexual y violaci\u00f3n de morada ocurrido en Puerto Ays\u00e9n"},"content":{"rendered":"<div class=\"flex_column av_one_full  flex_column_div av-zero-column-padding first  avia-builder-el-0  el_before_av_one_full  avia-builder-el-first  \" style='border-radius:0px; '><div  class='avia-image-container  av-styling-    avia-builder-el-1  avia-builder-el-no-sibling  avia-align-center '  itemprop=\"image\" itemscope=\"itemscope\" itemtype=\"https:\/\/schema.org\/ImageObject\"  ><div class='avia-image-container-inner'><div class='avia-image-overlay-wrap'><img decoding=\"async\" class='wp-image-14408 avia-img-lazy-loading-not-14408 avia_image' src=\"https:\/\/radiorevelacionfm.cl\/wp-content\/uploads\/2022\/03\/image-68-2.jpg\" alt='' title='image-68-2' height=\"600\" width=\"879\"  itemprop=\"thumbnailUrl\" srcset=\"https:\/\/radiorevelacionfm.cl\/wp-content\/uploads\/2022\/03\/image-68-2.jpg 879w, https:\/\/radiorevelacionfm.cl\/wp-content\/uploads\/2022\/03\/image-68-2-300x205.jpg 300w, https:\/\/radiorevelacionfm.cl\/wp-content\/uploads\/2022\/03\/image-68-2-768x524.jpg 768w, https:\/\/radiorevelacionfm.cl\/wp-content\/uploads\/2022\/03\/image-68-2-705x481.jpg 705w, https:\/\/radiorevelacionfm.cl\/wp-content\/uploads\/2022\/03\/image-68-2-600x410.jpg 600w\" sizes=\"(max-width: 879px) 100vw, 879px\" \/><\/div><\/div><\/div><\/div><div class=\"flex_column av_one_full  flex_column_div av-zero-column-padding first  avia-builder-el-2  el_after_av_one_full  el_before_av_one_full  column-top-margin\" style='border-radius:0px; '><section class=\"av_textblock_section \"  itemscope=\"itemscope\" itemtype=\"https:\/\/schema.org\/BlogPosting\" itemprop=\"blogPost\" ><div class='avia_textblock  '   itemprop=\"text\" ><p style=\"text-align: center;\"><span style=\"font-size: 18pt;\"><strong>PDI y Fiscal\u00eda investigan abuso sexual y violaci\u00f3n de morada ocurrido en Puerto Ays\u00e9n<\/strong><\/span><\/p>\n<div id=\"gtx-trans\" style=\"position: absolute; left: -50px; top: 4.31534px;\">\n<div class=\"gtx-trans-icon\"><\/div>\n<\/div>\n<\/div><\/section><\/div><\/p>\n<div class=\"flex_column av_one_full  flex_column_div av-zero-column-padding first  avia-builder-el-4  el_after_av_one_full  el_before_av_hr  column-top-margin\" style='border-radius:0px; '><section class=\"av_textblock_section \"  itemscope=\"itemscope\" itemtype=\"https:\/\/schema.org\/BlogPosting\" itemprop=\"blogPost\" ><div class='avia_textblock  '   itemprop=\"text\" ><p style=\"text-align: justify;\">Tras una denuncia realizada en Puerto Ays\u00e9n, el Ministerio P\u00fablico junto a la Polic\u00eda de Investigaciones de Chile se encuentran investigando el delito de abuso sexual y violaci\u00f3n de morada, hechos ocurridos durante el d\u00eda lunes en la ciudad de Puerto Ays\u00e9n y que afectaron a una mujer de 56 a\u00f1os. Un imputado de 70 a\u00f1os fue detenido por este hecho.<\/p>\n<p style=\"text-align: justify;\">La fiscal Marcela Vald\u00e9s indic\u00f3 que a ra\u00edz de \u201cuna denuncia efectuada por la v\u00edctima, una mujer de 56 a\u00f1os de edad, que refiri\u00f3 que mientras se encontraba en su domicilio en horas de la ma\u00f1ana del d\u00eda de ayer, habr\u00eda llegado hasta el lugar el imputado, una persona de sexo masculino de 70 a\u00f1os de edad, quien sin su voluntad habr\u00eda ingresado al domicilio, espec\u00edficamente al dormitorio donde ella se encontraba, y en dicho lugar la habr\u00eda forzado y realizado distintas acciones de relevancia y significaci\u00f3n sexual\u201d.<\/p>\n<p style=\"text-align: justify;\">La fiscal Vald\u00e9s se\u00f1al\u00f3 que \u201ctras la denuncia (\u2026) se logr\u00f3 la detenci\u00f3n del mismo\u201d, agregando que \u201cse le solicit\u00f3 las primeras diligencias y la concurrencia a la Brigada Investigadora de Delitos Sexuales de la PDI, quienes realizaron las diligencias tendientes a la acreditaci\u00f3n del hecho punible y la participaci\u00f3n del imputado\u201d.<\/p>\n<p style=\"text-align: justify;\">Sobre el trabajo de an\u00e1lisis criminal durante las primeras diligencias investigativas, el subprefecto Alejandro Mu\u00f1oz indic\u00f3 que \u201coficiales de esta brigada especializada, en compa\u00f1\u00eda de peritos del Laboratorio de Criminal\u00edstica Regional Coyhaique, acudieron hasta la ciudad de Puerto Ays\u00e9n para desarrollar diversas diligencias investigativas, entre ellas, la fijaci\u00f3n del sitio del suceso, empadronamiento de testigos, toma de declaraciones, entre otros\u201d, procediendo adem\u00e1s a \u201crealizar las coordinaciones para el respectivo examen sexol\u00f3gico de la v\u00edctima y diversos ex\u00e1menes biol\u00f3gicos al imputado con el objeto de poder establecer fehacientemente su responsabilidad en los hechos denunciados\u201d.<\/p>\n<p style=\"text-align: justify;\">El imputado fue trasladado desde Puerto Ays\u00e9n a Coyhaique para su control de detenci\u00f3n y formalizaci\u00f3n, siendo puesto a disposici\u00f3n del Juzgado de Garant\u00eda de Puerto Ays\u00e9n durante la jornada de la ma\u00f1ana de este martes.<\/p>\n<p style=\"text-align: justify;\">Sobre la audiencia, la fiscal Marcela Vald\u00e9s detall\u00f3 que \u201csolicitamos la medida cautelar de mayor intensidad que establece el ordenamiento jur\u00eddico, la prisi\u00f3n preventiva, exponiendo todos los antecedentes reunidos gracias a la investigaci\u00f3n en conjunto con la PDI. El Tribunal acogi\u00f3 la solicitud de la Fiscal\u00eda y decret\u00f3 la prisi\u00f3n preventiva, y un plazo de investigar de 90 d\u00edas\u201d.<\/p>\n<p style=\"text-align: justify;\">En estos 90 d\u00edas la Fiscal\u00eda junto a la PDI van a realizar todas las diligencias tendientes a la acreditaci\u00f3n del delito y la participaci\u00f3n del imputado en ellos.<\/p>\n<\/div><\/section><\/div>\n<div  style='height:50px' class='hr hr-invisible   avia-builder-el-6  el_after_av_one_full  el_before_av_social_share '><span class='hr-inner ' ><span class='hr-inner-style'><\/span><\/span><\/div>\n<div  class='av-social-sharing-box  avia-builder-el-7  el_after_av_hr  el_before_av_hr  '><div class='av-share-box'><h5 class='av-share-link-description av-no-toc '>Compartir esta noticia<\/h5><ul class='av-share-box-list noLightbox'><li class='av-share-link av-social-link-facebook' ><a target=\"_blank\" aria-label=\"Compartir en Facebook\" href='https:\/\/www.facebook.com\/sharer.php?u=https:\/\/radiorevelacionfm.cl\/?p=14395&#038;t=PDI%20y%20Fiscal%C3%ADa%20investigan%20abuso%20sexual%20y%20violaci%C3%B3n%20de%20morada%20ocurrido%20en%20Puerto%20Ays%C3%A9n' aria-hidden='false' data-av_icon='\ue8f3' data-av_iconfont='entypo-fontello' title='' data-avia-related-tooltip='Compartir en Facebook' rel=\"noopener\"><span class='avia_hidden_link_text'>Compartir en Facebook<\/span><\/a><\/li><li class='av-share-link av-social-link-twitter' ><a target=\"_blank\" aria-label=\"Compartir en Twitter\" href='https:\/\/twitter.com\/share?text=PDI%20y%20Fiscal%C3%ADa%20investigan%20abuso%20sexual%20y%20violaci%C3%B3n%20de%20morada%20ocurrido%20en%20Puerto%20Ays%C3%A9n&#038;url=https:\/\/radiorevelacionfm.cl\/?p=14395' aria-hidden='false' data-av_icon='\ue8f1' data-av_iconfont='entypo-fontello' title='' data-avia-related-tooltip='Compartir en Twitter' rel=\"noopener\"><span class='avia_hidden_link_text'>Compartir en Twitter<\/span><\/a><\/li><li class='av-share-link av-social-link-whatsapp' ><a target=\"_blank\" aria-label=\"Compartir en Whatsapp\" href='https:\/\/api.whatsapp.com\/send?text=https:\/\/radiorevelacionfm.cl\/?p=14395' aria-hidden='false' data-av_icon='\uf232' data-av_iconfont='entypo-fontello' title='' data-avia-related-tooltip='Compartir en Whatsapp' rel=\"noopener\"><span class='avia_hidden_link_text'>Compartir en Whatsapp<\/span><\/a><\/li><li class='av-share-link av-social-link-linkedin' ><a target=\"_blank\" aria-label=\"Compartir en LinkedIn\" href='https:\/\/linkedin.com\/shareArticle?mini=true&#038;title=PDI%20y%20Fiscal%C3%ADa%20investigan%20abuso%20sexual%20y%20violaci%C3%B3n%20de%20morada%20ocurrido%20en%20Puerto%20Ays%C3%A9n&#038;url=https:\/\/radiorevelacionfm.cl\/?p=14395' aria-hidden='false' data-av_icon='\ue8fc' data-av_iconfont='entypo-fontello' title='' data-avia-related-tooltip='Compartir en LinkedIn' rel=\"noopener\"><span class='avia_hidden_link_text'>Compartir en LinkedIn<\/span><\/a><\/li><li class='av-share-link av-social-link-mail' ><a  aria-label=\"Compartir por correo\" href='mailto:?subject=PDI%20y%20Fiscal%C3%ADa%20investigan%20abuso%20sexual%20y%20violaci%C3%B3n%20de%20morada%20ocurrido%20en%20Puerto%20Ays%C3%A9n&#038;body=https:\/\/radiorevelacionfm.cl\/?p=14395' aria-hidden='false' data-av_icon='\ue805' data-av_iconfont='entypo-fontello' title='' data-avia-related-tooltip='Compartir por correo'><span class='avia_hidden_link_text'>Compartir por correo<\/span><\/a><\/li><\/ul><\/div><\/div>\n<div  style='height:50px' class='hr hr-invisible   avia-builder-el-8  el_after_av_social_share  el_before_av_comments_list '><span class='hr-inner ' ><span class='hr-inner-style'><\/span><\/span><\/div>\n<div  class='av-buildercomment  av-blog-meta-html-info-disabled av-blog-meta-tag-disabled  '><\/div>\n","protected":false},"excerpt":{"rendered":"","protected":false},"author":1,"featured_media":14408,"comment_status":"open","ping_status":"open","sticky":false,"template":"","format":"standard","meta":{"footnotes":""},"categories":[36],"tags":[],"class_list":["post-14395","post","type-post","status-publish","format-standard","has-post-thumbnail","hentry","category-policial"],"jetpack_featured_media_url":"https:\/\/radiorevelacionfm.cl\/wp-content\/uploads\/2022\/03\/image-68-2.jpg","_links":{"self":[{"href":"https:\/\/radiorevelacionfm.cl\/index.php?rest_route=\/wp\/v2\/posts\/14395","targetHints":{"allow":["GET"]}}],"collection":[{"href":"https:\/\/radiorevelacionfm.cl\/index.php?rest_route=\/wp\/v2\/posts"}],"about":[{"href":"https:\/\/radiorevelacionfm.cl\/index.php?rest_route=\/wp\/v2\/types\/post"}],"author":[{"embeddable":true,"href":"https:\/\/radiorevelacionfm.cl\/index.php?rest_route=\/wp\/v2\/users\/1"}],"replies":[{"embeddable":true,"href":"https:\/\/radiorevelacionfm.cl\/index.php?rest_route=%2Fwp%2Fv2%2Fcomments&post=14395"}],"version-history":[{"count":3,"href":"https:\/\/radiorevelacionfm.cl\/index.php?rest_route=\/wp\/v2\/posts\/14395\/revisions"}],"predecessor-version":[{"id":14407,"href":"https:\/\/radiorevelacionfm.cl\/index.php?rest_route=\/wp\/v2\/posts\/14395\/revisions\/14407"}],"wp:featuredmedia":[{"embeddable":true,"href":"https:\/\/radiorevelacionfm.cl\/index.php?rest_route=\/wp\/v2\/media\/14408"}],"wp:attachment":[{"href":"https:\/\/radiorevelacionfm.cl\/index.php?rest_route=%2Fwp%2Fv2%2Fmedia&parent=14395"}],"wp:term":[{"taxonomy":"category","embeddable":true,"href":"https:\/\/radiorevelacionfm.cl\/index.php?rest_route=%2Fwp%2Fv2%2Fcategories&post=14395"},{"taxonomy":"post_tag","embeddable":true,"href":"https:\/\/radiorevelacionfm.cl\/index.php?rest_route=%2Fwp%2Fv2%2Ftags&post=14395"}],"curies":[{"name":"wp","href":"https:\/\/api.w.org\/{rel}","templated":true}]}}