{"id":14388,"date":"2022-03-08T18:07:35","date_gmt":"2022-03-08T21:07:35","guid":{"rendered":"https:\/\/radiorevelacionfm.cl\/?p=14388"},"modified":"2022-03-08T18:07:35","modified_gmt":"2022-03-08T21:07:35","slug":"confirman-fallecimiento-de-tripulante-por-consumo-de-mariscos-con-marea-roja","status":"publish","type":"post","link":"https:\/\/radiorevelacionfm.cl\/?p=14388","title":{"rendered":"Confirman fallecimiento de tripulante por consumo de mariscos con Marea Roja"},"content":{"rendered":"<div class=\"flex_column av_one_full  flex_column_div av-zero-column-padding first  avia-builder-el-0  el_before_av_one_full  avia-builder-el-first  \" style='border-radius:0px; '><div  class='avia-image-container  av-styling-    avia-builder-el-1  avia-builder-el-no-sibling  avia-align-center '  itemprop=\"image\" itemscope=\"itemscope\" itemtype=\"https:\/\/schema.org\/ImageObject\"  ><div class='avia-image-container-inner'><div class='avia-image-overlay-wrap'><img decoding=\"async\" class='wp-image-14389 avia-img-lazy-loading-not-14389 avia_image' src=\"https:\/\/radiorevelacionfm.cl\/wp-content\/uploads\/2022\/03\/laboratorio-salud-publica-2-2.jpg\" alt='' title='laboratorio salud p\u00fablica-2-2' height=\"600\" width=\"900\"  itemprop=\"thumbnailUrl\" srcset=\"https:\/\/radiorevelacionfm.cl\/wp-content\/uploads\/2022\/03\/laboratorio-salud-publica-2-2.jpg 900w, https:\/\/radiorevelacionfm.cl\/wp-content\/uploads\/2022\/03\/laboratorio-salud-publica-2-2-300x200.jpg 300w, https:\/\/radiorevelacionfm.cl\/wp-content\/uploads\/2022\/03\/laboratorio-salud-publica-2-2-768x512.jpg 768w, https:\/\/radiorevelacionfm.cl\/wp-content\/uploads\/2022\/03\/laboratorio-salud-publica-2-2-705x470.jpg 705w, https:\/\/radiorevelacionfm.cl\/wp-content\/uploads\/2022\/03\/laboratorio-salud-publica-2-2-600x400.jpg 600w\" sizes=\"(max-width: 900px) 100vw, 900px\" \/><\/div><\/div><\/div><\/div><div class=\"flex_column av_one_full  flex_column_div av-zero-column-padding first  avia-builder-el-2  el_after_av_one_full  el_before_av_one_full  column-top-margin\" style='border-radius:0px; '><section class=\"av_textblock_section \"  itemscope=\"itemscope\" itemtype=\"https:\/\/schema.org\/BlogPosting\" itemprop=\"blogPost\" ><div class='avia_textblock  '   itemprop=\"text\" ><p style=\"text-align: center;\"><span style=\"font-size: 18pt;\"><strong>Confirman fallecimiento de tripulante por consumo de mariscos con Marea Roja<\/strong><\/span><\/p>\n<div id=\"gtx-trans\" style=\"position: absolute; left: -50px; top: 4.31534px;\">\n<div class=\"gtx-trans-icon\"><\/div>\n<\/div>\n<\/div><\/section><\/div><div class=\"flex_column av_one_full  flex_column_div av-zero-column-padding first  avia-builder-el-4  el_after_av_one_full  el_before_av_hr  column-top-margin\" style='border-radius:0px; '><section class=\"av_textblock_section \"  itemscope=\"itemscope\" itemtype=\"https:\/\/schema.org\/BlogPosting\" itemprop=\"blogPost\" ><div class='avia_textblock  '   itemprop=\"text\" ><p style=\"text-align: justify;\">Durante la tarde de este domingo, el tripulante de una embarcaci\u00f3n proveniente de Calbuco, de 48 a\u00f1os de edad, present\u00f3 sintomatolog\u00eda af\u00edn a una intoxicaci\u00f3n por Veneno Paralizante de los Mariscos, luego de consumir almejas, en el sector de Estero Quitralco en el litoral sur de la regi\u00f3n de Ays\u00e9n, descompens\u00e1ndose r\u00e1pidamente y falleciendo horas m\u00e1s tarde. Frente a esta situaci\u00f3n, el Instituto M\u00e9dico Legal envi\u00f3 muestras al Laboratorio de Salud P\u00fablica Ambiental y Laboral de La SEREMI de Salud Ays\u00e9n, las cuales arrojaron la presencia de toxina paralizante de los mariscos, confirm\u00e1ndose la intoxicaci\u00f3n.<\/p>\n<p style=\"text-align: justify;\">La informaci\u00f3n la dio a conocer la Jefe del Laboratorio de Salud P\u00fablica Ambiental y Laboral de la Seremi de Salud, Dra. Mar\u00eda Ang\u00e9lica\u00a0 Tocornal:\u00a0 \u201cTuvimos que lamentar el fallecimiento de una persona por consumo de mariscos con toxina paralizante, esta persona andaba en una embarcaci\u00f3n de Calbuco, y consumi\u00f3 mariscos directamente extra\u00eddos desde el sector Estero Quitralco, habr\u00eda consumido cuatro almejas, las cuales le produjeron la intoxicaci\u00f3n y posteriormente la muerte por toxina paralizante\u201d. Dicho sector, se encuentra con prohibici\u00f3n de extracci\u00f3n para ese recurso.<\/p>\n<p style=\"text-align: justify;\">En este contexto, Mar\u00eda Ang\u00e9lica Tocornal, reiter\u00f3 la importancia de no consumir mariscos de lugares que no se encuentren autorizados, privilegiando el comercio establecido.\u00a0 \u201cLa recomendaci\u00f3n a la poblaci\u00f3n es solamente consumir mariscos de sectores autorizados, y que estos hayan sido previamente analizados para la detecci\u00f3n de toxinas, los cuales se expenden en el comercio formal donde tienen a la vista del p\u00fablico los documentos que acreditan que los productos ya fueron analizados\u201d. Por lo anterior, debemos reiterar el llamado a la poblaci\u00f3n y trabajadores del litoral a extraer mariscos s\u00f3lo en sectores autorizados por la Autoridad Sanitaria y con an\u00e1lisis de toxinas marinas previo al consumo.<\/p>\n<p style=\"text-align: justify;\">Finalmente, cabe se\u00f1alar que la \u201cMarea Roja\u201d es el t\u00e9rmino com\u00fanmente utilizado para referirse a los Fen\u00f3menos Algales Nocivos (FAN), caracterizados por un aumento excesivo en el n\u00famero de algas microsc\u00f3picas que producen toxinas que afectan al ser humano y a los animales. Estos compuestos son acumulados en los mariscos los cuales pueden generar toxinas de Veneno Diarreico de los Mariscos (VDM), Veneno Amn\u00e9sico de los Mariscos (VAM) y Veneno Paralizante de los Mariscos (VPM); presentes en las regiones de Los Lagos, Ays\u00e9n y Magallanes.<\/p>\n<p style=\"text-align: justify;\">En el a\u00f1o 2018, la regi\u00f3n de Ays\u00e9n present\u00f3 un complejo escenario con 14 casos intoxicados por consumo de mariscos; sin embargo, el \u00faltimo fallecido por caso de Marea Roja, data desde el a\u00f1o 2015.<\/p>\n<\/div><\/section><\/div><div  style='height:50px' class='hr hr-invisible   avia-builder-el-6  el_after_av_one_full  el_before_av_social_share '><span class='hr-inner ' ><span class='hr-inner-style'><\/span><\/span><\/div><\/p>\n<div  class='av-social-sharing-box  avia-builder-el-7  el_after_av_hr  el_before_av_hr  '><div class='av-share-box'><h5 class='av-share-link-description av-no-toc '>Compartir esta noticia<\/h5><ul class='av-share-box-list noLightbox'><li class='av-share-link av-social-link-facebook' ><a target=\"_blank\" aria-label=\"Compartir en Facebook\" href='https:\/\/www.facebook.com\/sharer.php?u=https:\/\/radiorevelacionfm.cl\/?p=14388&#038;t=Confirman%20fallecimiento%20de%20tripulante%20por%20consumo%20de%20mariscos%20con%20Marea%20Roja' aria-hidden='false' data-av_icon='\ue8f3' data-av_iconfont='entypo-fontello' title='' data-avia-related-tooltip='Compartir en Facebook' rel=\"noopener\"><span class='avia_hidden_link_text'>Compartir en Facebook<\/span><\/a><\/li><li class='av-share-link av-social-link-twitter' ><a target=\"_blank\" aria-label=\"Compartir en Twitter\" href='https:\/\/twitter.com\/share?text=Confirman%20fallecimiento%20de%20tripulante%20por%20consumo%20de%20mariscos%20con%20Marea%20Roja&#038;url=https:\/\/radiorevelacionfm.cl\/?p=14388' aria-hidden='false' data-av_icon='\ue8f1' data-av_iconfont='entypo-fontello' title='' data-avia-related-tooltip='Compartir en Twitter' rel=\"noopener\"><span class='avia_hidden_link_text'>Compartir en Twitter<\/span><\/a><\/li><li class='av-share-link av-social-link-whatsapp' ><a target=\"_blank\" aria-label=\"Compartir en Whatsapp\" href='https:\/\/api.whatsapp.com\/send?text=https:\/\/radiorevelacionfm.cl\/?p=14388' aria-hidden='false' data-av_icon='\uf232' data-av_iconfont='entypo-fontello' title='' data-avia-related-tooltip='Compartir en Whatsapp' rel=\"noopener\"><span class='avia_hidden_link_text'>Compartir en Whatsapp<\/span><\/a><\/li><li class='av-share-link av-social-link-linkedin' ><a target=\"_blank\" aria-label=\"Compartir en LinkedIn\" href='https:\/\/linkedin.com\/shareArticle?mini=true&#038;title=Confirman%20fallecimiento%20de%20tripulante%20por%20consumo%20de%20mariscos%20con%20Marea%20Roja&#038;url=https:\/\/radiorevelacionfm.cl\/?p=14388' aria-hidden='false' data-av_icon='\ue8fc' data-av_iconfont='entypo-fontello' title='' data-avia-related-tooltip='Compartir en LinkedIn' rel=\"noopener\"><span class='avia_hidden_link_text'>Compartir en LinkedIn<\/span><\/a><\/li><li class='av-share-link av-social-link-mail' ><a  aria-label=\"Compartir por correo\" href='mailto:?subject=Confirman%20fallecimiento%20de%20tripulante%20por%20consumo%20de%20mariscos%20con%20Marea%20Roja&#038;body=https:\/\/radiorevelacionfm.cl\/?p=14388' aria-hidden='false' data-av_icon='\ue805' data-av_iconfont='entypo-fontello' title='' data-avia-related-tooltip='Compartir por correo'><span class='avia_hidden_link_text'>Compartir por correo<\/span><\/a><\/li><\/ul><\/div><\/div>\n<div  style='height:50px' class='hr hr-invisible   avia-builder-el-8  el_after_av_social_share  el_before_av_comments_list '><span class='hr-inner ' ><span class='hr-inner-style'><\/span><\/span><\/div>\n<div  class='av-buildercomment  av-blog-meta-html-info-disabled av-blog-meta-tag-disabled  '><\/div>\n","protected":false},"excerpt":{"rendered":"","protected":false},"author":1,"featured_media":14389,"comment_status":"open","ping_status":"open","sticky":false,"template":"","format":"standard","meta":{"footnotes":""},"categories":[46],"tags":[],"class_list":["post-14388","post","type-post","status-publish","format-standard","has-post-thumbnail","hentry","category-salud"],"jetpack_featured_media_url":"https:\/\/radiorevelacionfm.cl\/wp-content\/uploads\/2022\/03\/laboratorio-salud-publica-2-2.jpg","_links":{"self":[{"href":"https:\/\/radiorevelacionfm.cl\/index.php?rest_route=\/wp\/v2\/posts\/14388","targetHints":{"allow":["GET"]}}],"collection":[{"href":"https:\/\/radiorevelacionfm.cl\/index.php?rest_route=\/wp\/v2\/posts"}],"about":[{"href":"https:\/\/radiorevelacionfm.cl\/index.php?rest_route=\/wp\/v2\/types\/post"}],"author":[{"embeddable":true,"href":"https:\/\/radiorevelacionfm.cl\/index.php?rest_route=\/wp\/v2\/users\/1"}],"replies":[{"embeddable":true,"href":"https:\/\/radiorevelacionfm.cl\/index.php?rest_route=%2Fwp%2Fv2%2Fcomments&post=14388"}],"version-history":[{"count":2,"href":"https:\/\/radiorevelacionfm.cl\/index.php?rest_route=\/wp\/v2\/posts\/14388\/revisions"}],"predecessor-version":[{"id":14393,"href":"https:\/\/radiorevelacionfm.cl\/index.php?rest_route=\/wp\/v2\/posts\/14388\/revisions\/14393"}],"wp:featuredmedia":[{"embeddable":true,"href":"https:\/\/radiorevelacionfm.cl\/index.php?rest_route=\/wp\/v2\/media\/14389"}],"wp:attachment":[{"href":"https:\/\/radiorevelacionfm.cl\/index.php?rest_route=%2Fwp%2Fv2%2Fmedia&parent=14388"}],"wp:term":[{"taxonomy":"category","embeddable":true,"href":"https:\/\/radiorevelacionfm.cl\/index.php?rest_route=%2Fwp%2Fv2%2Fcategories&post=14388"},{"taxonomy":"post_tag","embeddable":true,"href":"https:\/\/radiorevelacionfm.cl\/index.php?rest_route=%2Fwp%2Fv2%2Ftags&post=14388"}],"curies":[{"name":"wp","href":"https:\/\/api.w.org\/{rel}","templated":true}]}}