{"id":14373,"date":"2022-03-08T17:34:46","date_gmt":"2022-03-08T20:34:46","guid":{"rendered":"https:\/\/radiorevelacionfm.cl\/?p=14373"},"modified":"2022-03-08T17:34:46","modified_gmt":"2022-03-08T20:34:46","slug":"autoridades-destacan-instalacion-de-03-nuevos-totems-de-autoatencion-en-la-region-de-aysen","status":"publish","type":"post","link":"https:\/\/radiorevelacionfm.cl\/?p=14373","title":{"rendered":"Autoridades destacan instalaci\u00f3n de 03 nuevos t\u00f3tems de autoatenci\u00f3n en la regi\u00f3n de Ays\u00e9n"},"content":{"rendered":"<div class=\"flex_column av_one_full  flex_column_div av-zero-column-padding first  avia-builder-el-0  el_before_av_one_full  avia-builder-el-first  \" style='border-radius:0px; '><div  class='avia-image-container  av-styling-    avia-builder-el-1  avia-builder-el-no-sibling  avia-align-center '  itemprop=\"image\" itemscope=\"itemscope\" itemtype=\"https:\/\/schema.org\/ImageObject\"  ><div class='avia-image-container-inner'><div class='avia-image-overlay-wrap'><img decoding=\"async\" class='wp-image-14374 avia-img-lazy-loading-not-14374 avia_image' src=\"https:\/\/radiorevelacionfm.cl\/wp-content\/uploads\/2022\/03\/totem-2-2.jpg\" alt='' title='totem-2-2' height=\"599\" width=\"359\"  itemprop=\"thumbnailUrl\" srcset=\"https:\/\/radiorevelacionfm.cl\/wp-content\/uploads\/2022\/03\/totem-2-2.jpg 359w, https:\/\/radiorevelacionfm.cl\/wp-content\/uploads\/2022\/03\/totem-2-2-180x300.jpg 180w\" sizes=\"(max-width: 359px) 100vw, 359px\" \/><\/div><\/div><\/div><\/div><div class=\"flex_column av_one_full  flex_column_div av-zero-column-padding first  avia-builder-el-2  el_after_av_one_full  el_before_av_one_full  column-top-margin\" style='border-radius:0px; '><section class=\"av_textblock_section \"  itemscope=\"itemscope\" itemtype=\"https:\/\/schema.org\/BlogPosting\" itemprop=\"blogPost\" ><div class='avia_textblock  '   itemprop=\"text\" ><p style=\"text-align: center;\"><span style=\"font-size: 18pt;\"><strong>Autoridades destacan instalaci\u00f3n de 03 nuevos t\u00f3tems de autoatenci\u00f3n en la regi\u00f3n de Ays\u00e9n<\/strong><\/span><\/p>\n<div id=\"gtx-trans\" style=\"position: absolute; left: -50px; top: 4.31534px;\">\n<div class=\"gtx-trans-icon\"><\/div>\n<\/div>\n<\/div><\/section><\/div><div class=\"flex_column av_one_full  flex_column_div av-zero-column-padding first  avia-builder-el-4  el_after_av_one_full  el_before_av_hr  column-top-margin\" style='border-radius:0px; '><section class=\"av_textblock_section \"  itemscope=\"itemscope\" itemtype=\"https:\/\/schema.org\/BlogPosting\" itemprop=\"blogPost\" ><div class='avia_textblock  '   itemprop=\"text\" ><p style=\"text-align: justify;\">Con el objetivo de facilitar la vida de las personas a trav\u00e9s de nuevos y m\u00e1s servicios digitalizados, este martes, el ministro de Justicia y Derechos Humanos Hern\u00e1n Larra\u00edn junto al director nacional del Registro Civil, Sergio Mierzejewski, anunciaron la instalaci\u00f3n de 300 nuevos m\u00f3dulos de autoatenci\u00f3n a nivel nacional, de los cuales 03 se sumar\u00e1n a las 05 ya existentes en la regi\u00f3n.<\/p>\n<p style=\"text-align: justify;\">Estos nuevos dispositivos tienen un dise\u00f1o ergon\u00f3mico, menor tama\u00f1o, cuentan con espacio para sillas de ruedas y poseen una pantalla t\u00e1ctil. En ellos es posible operar con todos los medios de pago (chip, banda magn\u00e9tica y\/o contacto), y est\u00e1n ubicados en lugares con gran afluencia de p\u00fablico, como centros comerciales, hospitalarios y municipios. Adem\u00e1s, en estos m\u00f3dulos es posible solicitar 20 tipos de certificados (gratuitos y pagados) y c\u00f3digos de activaci\u00f3n de Clave \u00danica.<\/p>\n<p style=\"text-align: justify;\">A nivel regional, el Seremi de Justicia y DD.HH Luis Prieto indic\u00f3 que estos nuevos equipos ser\u00e1n distribuidos en las comunas de Ays\u00e9n y Coyhaique \u201cacercar los servicios a las personas ha sido un sello de nuestra gesti\u00f3n, por lo que estos nuevos equipos vienen en reforzar las comunas con mayor flujo de atenciones, ya que se emplazar\u00e1n en lugares estrat\u00e9gicos, contribuyendo a la descongesti\u00f3n de las principales oficinas del Registro Civil en nuestra regi\u00f3n\u201d.<\/p>\n<p style=\"text-align: justify;\">Mientras que el Director Regional del Servicio de Registro Civil, Rodrigo Aguilera explic\u00f3 que \u201cefectivamente en la regi\u00f3n se va a realizar un recambio de los t\u00f3tem de autoatenci\u00f3n, estos equipos poseen una tecnolog\u00eda mucho m\u00e1s moderna y m\u00e1s amigable en t\u00e9rminos de operaci\u00f3n, son un poco m\u00e1s bajos y tienen una inclinaci\u00f3n que facilita su uso, cuentan adem\u00e1s con un monitoreo remoto que va a permitir una respuesta mucho m\u00e1s r\u00e1pida ante cualquier tipo de falla que se pueda producir\u201d.<\/p>\n<p style=\"text-align: justify;\">Finalmente, cabe mencionar que esta medida forma parte del Plan de Modernizaci\u00f3n del Servicio de Registro Civil e Identificaci\u00f3n, y tiene como objetivo entregar una mejor experiencia de atenci\u00f3n a la ciudadan\u00eda a trav\u00e9s de nuevos y mejores canales de atenci\u00f3n, con mayor rapidez, inmediatez, ahorro en traslados y en tiempos de espera.<\/p>\n<\/div><\/section><\/div><div  style='height:50px' class='hr hr-invisible   avia-builder-el-6  el_after_av_one_full  el_before_av_social_share '><span class='hr-inner ' ><span class='hr-inner-style'><\/span><\/span><\/div><\/p>\n<div  class='av-social-sharing-box  avia-builder-el-7  el_after_av_hr  el_before_av_hr  '><div class='av-share-box'><h5 class='av-share-link-description av-no-toc '>Compartir esta noticia<\/h5><ul class='av-share-box-list noLightbox'><li class='av-share-link av-social-link-facebook' ><a target=\"_blank\" aria-label=\"Compartir en Facebook\" href='https:\/\/www.facebook.com\/sharer.php?u=https:\/\/radiorevelacionfm.cl\/?p=14373&#038;t=Autoridades%20destacan%20instalaci%C3%B3n%20de%2003%20nuevos%20t%C3%B3tems%20de%20autoatenci%C3%B3n%20en%20la%20regi%C3%B3n%20de%20Ays%C3%A9n' aria-hidden='false' data-av_icon='\ue8f3' data-av_iconfont='entypo-fontello' title='' data-avia-related-tooltip='Compartir en Facebook' rel=\"noopener\"><span class='avia_hidden_link_text'>Compartir en Facebook<\/span><\/a><\/li><li class='av-share-link av-social-link-twitter' ><a target=\"_blank\" aria-label=\"Compartir en Twitter\" href='https:\/\/twitter.com\/share?text=Autoridades%20destacan%20instalaci%C3%B3n%20de%2003%20nuevos%20t%C3%B3tems%20de%20autoatenci%C3%B3n%20en%20la%20regi%C3%B3n%20de%20Ays%C3%A9n&#038;url=https:\/\/radiorevelacionfm.cl\/?p=14373' aria-hidden='false' data-av_icon='\ue8f1' data-av_iconfont='entypo-fontello' title='' data-avia-related-tooltip='Compartir en Twitter' rel=\"noopener\"><span class='avia_hidden_link_text'>Compartir en Twitter<\/span><\/a><\/li><li class='av-share-link av-social-link-whatsapp' ><a target=\"_blank\" aria-label=\"Compartir en Whatsapp\" href='https:\/\/api.whatsapp.com\/send?text=https:\/\/radiorevelacionfm.cl\/?p=14373' aria-hidden='false' data-av_icon='\uf232' data-av_iconfont='entypo-fontello' title='' data-avia-related-tooltip='Compartir en Whatsapp' rel=\"noopener\"><span class='avia_hidden_link_text'>Compartir en Whatsapp<\/span><\/a><\/li><li class='av-share-link av-social-link-linkedin' ><a target=\"_blank\" aria-label=\"Compartir en LinkedIn\" href='https:\/\/linkedin.com\/shareArticle?mini=true&#038;title=Autoridades%20destacan%20instalaci%C3%B3n%20de%2003%20nuevos%20t%C3%B3tems%20de%20autoatenci%C3%B3n%20en%20la%20regi%C3%B3n%20de%20Ays%C3%A9n&#038;url=https:\/\/radiorevelacionfm.cl\/?p=14373' aria-hidden='false' data-av_icon='\ue8fc' data-av_iconfont='entypo-fontello' title='' data-avia-related-tooltip='Compartir en LinkedIn' rel=\"noopener\"><span class='avia_hidden_link_text'>Compartir en LinkedIn<\/span><\/a><\/li><li class='av-share-link av-social-link-mail' ><a  aria-label=\"Compartir por correo\" href='mailto:?subject=Autoridades%20destacan%20instalaci%C3%B3n%20de%2003%20nuevos%20t%C3%B3tems%20de%20autoatenci%C3%B3n%20en%20la%20regi%C3%B3n%20de%20Ays%C3%A9n&#038;body=https:\/\/radiorevelacionfm.cl\/?p=14373' aria-hidden='false' data-av_icon='\ue805' data-av_iconfont='entypo-fontello' title='' data-avia-related-tooltip='Compartir por correo'><span class='avia_hidden_link_text'>Compartir por correo<\/span><\/a><\/li><\/ul><\/div><\/div>\n<div  style='height:50px' class='hr hr-invisible   avia-builder-el-8  el_after_av_social_share  el_before_av_comments_list '><span class='hr-inner ' ><span class='hr-inner-style'><\/span><\/span><\/div>\n<div  class='av-buildercomment  av-blog-meta-html-info-disabled av-blog-meta-tag-disabled  '><\/div>\n","protected":false},"excerpt":{"rendered":"","protected":false},"author":1,"featured_media":14375,"comment_status":"open","ping_status":"open","sticky":false,"template":"","format":"standard","meta":{"footnotes":""},"categories":[38],"tags":[],"class_list":["post-14373","post","type-post","status-publish","format-standard","has-post-thumbnail","hentry","category-regional"],"jetpack_featured_media_url":"https:\/\/radiorevelacionfm.cl\/wp-content\/uploads\/2022\/03\/image-65-2.jpg","_links":{"self":[{"href":"https:\/\/radiorevelacionfm.cl\/index.php?rest_route=\/wp\/v2\/posts\/14373","targetHints":{"allow":["GET"]}}],"collection":[{"href":"https:\/\/radiorevelacionfm.cl\/index.php?rest_route=\/wp\/v2\/posts"}],"about":[{"href":"https:\/\/radiorevelacionfm.cl\/index.php?rest_route=\/wp\/v2\/types\/post"}],"author":[{"embeddable":true,"href":"https:\/\/radiorevelacionfm.cl\/index.php?rest_route=\/wp\/v2\/users\/1"}],"replies":[{"embeddable":true,"href":"https:\/\/radiorevelacionfm.cl\/index.php?rest_route=%2Fwp%2Fv2%2Fcomments&post=14373"}],"version-history":[{"count":2,"href":"https:\/\/radiorevelacionfm.cl\/index.php?rest_route=\/wp\/v2\/posts\/14373\/revisions"}],"predecessor-version":[{"id":14382,"href":"https:\/\/radiorevelacionfm.cl\/index.php?rest_route=\/wp\/v2\/posts\/14373\/revisions\/14382"}],"wp:featuredmedia":[{"embeddable":true,"href":"https:\/\/radiorevelacionfm.cl\/index.php?rest_route=\/wp\/v2\/media\/14375"}],"wp:attachment":[{"href":"https:\/\/radiorevelacionfm.cl\/index.php?rest_route=%2Fwp%2Fv2%2Fmedia&parent=14373"}],"wp:term":[{"taxonomy":"category","embeddable":true,"href":"https:\/\/radiorevelacionfm.cl\/index.php?rest_route=%2Fwp%2Fv2%2Fcategories&post=14373"},{"taxonomy":"post_tag","embeddable":true,"href":"https:\/\/radiorevelacionfm.cl\/index.php?rest_route=%2Fwp%2Fv2%2Ftags&post=14373"}],"curies":[{"name":"wp","href":"https:\/\/api.w.org\/{rel}","templated":true}]}}