{"id":14369,"date":"2022-03-08T17:12:03","date_gmt":"2022-03-08T20:12:03","guid":{"rendered":"https:\/\/radiorevelacionfm.cl\/?p=14369"},"modified":"2022-03-08T17:12:03","modified_gmt":"2022-03-08T20:12:03","slug":"seremi-de-la-mujer-y-eg-hoy-queremos-reconocer-lo-avanzado-especialmente-los-cuerpos-legales-claves-que-fueron-promovidos-en-estos-4-anos","status":"publish","type":"post","link":"https:\/\/radiorevelacionfm.cl\/?p=14369","title":{"rendered":"Seremi de la Mujer y EG \u201cHoy queremos reconocer lo avanzado, especialmente los cuerpos legales claves que fueron promovidos en estos 4 a\u00f1os\u201d"},"content":{"rendered":"<div class=\"flex_column av_one_full  flex_column_div av-zero-column-padding first  avia-builder-el-0  el_before_av_one_full  avia-builder-el-first  \" style='border-radius:0px; '><div  class='avia-image-container  av-styling-    avia-builder-el-1  avia-builder-el-no-sibling  avia-align-center '  itemprop=\"image\" itemscope=\"itemscope\" itemtype=\"https:\/\/schema.org\/ImageObject\"  ><div class='avia-image-container-inner'><div class='avia-image-overlay-wrap'><img decoding=\"async\" class='wp-image-14370 avia-img-lazy-loading-not-14370 avia_image' src=\"https:\/\/radiorevelacionfm.cl\/wp-content\/uploads\/2022\/03\/IMG-20220308-WA0091-2.jpg\" alt='' title='IMG-20220308-WA0091-2' height=\"600\" width=\"800\"  itemprop=\"thumbnailUrl\" srcset=\"https:\/\/radiorevelacionfm.cl\/wp-content\/uploads\/2022\/03\/IMG-20220308-WA0091-2.jpg 800w, https:\/\/radiorevelacionfm.cl\/wp-content\/uploads\/2022\/03\/IMG-20220308-WA0091-2-300x225.jpg 300w, https:\/\/radiorevelacionfm.cl\/wp-content\/uploads\/2022\/03\/IMG-20220308-WA0091-2-768x576.jpg 768w, https:\/\/radiorevelacionfm.cl\/wp-content\/uploads\/2022\/03\/IMG-20220308-WA0091-2-705x529.jpg 705w, https:\/\/radiorevelacionfm.cl\/wp-content\/uploads\/2022\/03\/IMG-20220308-WA0091-2-600x450.jpg 600w\" sizes=\"(max-width: 800px) 100vw, 800px\" \/><\/div><\/div><\/div><\/div><div class=\"flex_column av_one_full  flex_column_div av-zero-column-padding first  avia-builder-el-2  el_after_av_one_full  el_before_av_one_full  column-top-margin\" style='border-radius:0px; '><section class=\"av_textblock_section \"  itemscope=\"itemscope\" itemtype=\"https:\/\/schema.org\/BlogPosting\" itemprop=\"blogPost\" ><div class='avia_textblock  '   itemprop=\"text\" ><div style=\"text-align: center;\"><span style=\"font-size: 18pt;\"><b>Seremi de la Mujer y EG \u201cHoy queremos reconocer lo avanzado, especialmente los cuerpos legales claves que fueron promovidos en estos 4 a\u00f1os\u201d<\/b><\/span><\/div>\n<div id=\"gtx-trans\" style=\"position: absolute; left: -50px; top: 4.31534px;\">\n<div class=\"gtx-trans-icon\"><\/div>\n<\/div>\n<\/div><\/section><\/div><div class=\"flex_column av_one_full  flex_column_div av-zero-column-padding first  avia-builder-el-4  el_after_av_one_full  el_before_av_hr  column-top-margin\" style='border-radius:0px; '><section class=\"av_textblock_section \"  itemscope=\"itemscope\" itemtype=\"https:\/\/schema.org\/BlogPosting\" itemprop=\"blogPost\" ><div class='avia_textblock  '   itemprop=\"text\" ><p style=\"text-align: justify;\">En el auditorio de la PDI Regional y acompa\u00f1ada de m\u00faltiples autoridades regionales y mujeres representantes de organizaciones sociales y civiles. La Seremi de la Mujer y la Equidad de G\u00e9nero B\u00e1rbara Ort\u00fazar lider\u00f3 la conmemoraci\u00f3n del D\u00eda Internacional de la Mujer, acto que se vincula con el realizado durante la ma\u00f1ana del 8 de marzo en La Moneda por el Presidente de la Rep\u00fablica Sebasti\u00e1n Pi\u00f1era.<\/p>\n<p style=\"text-align: justify;\">\u201cQuiero destacar especialmente el 83% de avance en los compromisos asumidos en el marco de la Agenda Mujer por esta administraci\u00f3n. Porque esto es un indicador claro de c\u00f3mo el arduo trabajo que ha desarrollado nuestro Ministerio se visibiliza en iniciativas que hoy nos sit\u00faan en un espacio determinante. Nuevas leyes, reformas y otras iniciativas legales que terminaron con inequidades de g\u00e9nero hist\u00f3ricas como el precio en los planes de las Isapres o aquella que vino a terminar con una de las inequidades legales m\u00e1s anticuadas que exist\u00edan en nuestro pa\u00eds, eliminando la imposibilidad de que mujeres pudiesen contraer segunda nupcias antes de 270 d\u00edas de terminado el matrimonio. Esta y las otras iniciativas que destacamos hoy nos alientan a seguir trabajando, porque juntas y juntos lo hicimos\u201d Se\u00f1al\u00f3 la Seremi B\u00e1rbara Ortuzar<\/p>\n<p style=\"text-align: justify;\">La conmemoraci\u00f3n que centr\u00f3 su desarrollo en la realizaci\u00f3n de un balance acerca de la gesti\u00f3n del Ministerio de la Mujer y la Equidad de G\u00e9nero durante la administraci\u00f3n que termina este 11 de marzo, destacando principalmente los 11 cuerpos legales promovidos durante el periodo.<\/p>\n<p style=\"text-align: justify;\"><strong>Avances en materias legislativas<\/strong><\/p>\n<p style=\"text-align: justify;\">En t\u00e9rminos de Igualdad de derechos, deberes y oportunidades para mujeres y hombres. Se promulg\u00f3 la Ley que garantiza el fuero maternal para las mujeres integrantes de fuerzas armadas y de orden, as\u00ed como la posibilidad de Segundas Nupcias sin discriminaci\u00f3n. Adem\u00e1s, desde 2019, se asegur\u00f3 el derecho a la lactancia libre de las mujeres y de protecci\u00f3n a la maternidad, y a trav\u00e9s de la Ley N\u00b021.094 se extendi\u00f3 la prevenci\u00f3n y prohibici\u00f3n de actos atentatorios contra la dignidad en Universidades del Estado.<\/p>\n<p style=\"text-align: justify;\">Otro pilar fundamental en avances legislativos se situ\u00f3 en la l\u00ednea de violencia contra la mujer y en este \u00e1mbito la Ley que incorpora el monitoreo telem\u00e1tico es clave, ya que fortalece la prohibici\u00f3n de acercamiento a la v\u00edctima. Junto a esto se modific\u00f3 el C\u00f3digo Procesal Penal y actualmente se cuenta con una nueva tipificaci\u00f3n del femicidio (ley Gabriela), sumando la incorporaci\u00f3n del delito de acoso sexual en espacios p\u00fablicos desde el 2019.<\/p>\n<p style=\"text-align: justify;\">Complementariamente, se fortaleci\u00f3 la autonom\u00eda econ\u00f3mica y Liderazgo a trav\u00e9s de la promulgaci\u00f3n de la Ley de Teletrabajo y la Ley que establece la representaci\u00f3n de g\u00e9nero en los directorios de las empresas p\u00fablicasy sociedades del estado. Apoyando esto la ley N\u00b021.389 que instala el registro nacional de deudores de pensiones de alimentos, es un avance relevante en materias de corresponsabilidad.<\/p>\n<p style=\"text-align: justify;\">Otros avances en dignidad son la denominada \u201cLey Dominga\u201d la cual permite dar apoyo y acompa\u00f1amiento a las familias que pierden un hijo\/a durante el embarazo, al nacer o en los primeros d\u00edas de vida y, finalmente la de cambio de apellido, hoy no impone el paterno, sino que entrega la libertad de elegir cual usar en primer lugar.<\/p>\n<p style=\"text-align: justify;\">El broche final y, parte central de la conmemoraci\u00f3n, fue el reconocimiento a diversas mujeres, todas representantes de \u00e1mbitos distintos los cuales permitieron visibilizar la multiplicidad de roles que las mujeres despliegan y los innumerables \u00e1mbitos en los cuales colaboran. As\u00ed la Sra. Frida Miranda pescadora artesanal, Aurora Parra funcionaria de Salud Rural, Bernardita Lagos dirigenta de una asociaci\u00f3n campesina, Patricia Montecinos trabajadora de Hiperpatag\u00f3nico, Camila Espinoza Emprendedora, Yarda Gomez funcionaria de la PDI y Nadia Ruiz colaboradora de Aguas Patagonia fueron reconocidas y galardonadas en el d\u00eda de la mujer, dado su aporte en el mundo del trabajo remunerado, pero tambi\u00e9n por las grandes personas que son. Para la Sra. Bernardita Lagos quien viaj\u00f3 de Villa Ma\u00f1ihuales a recibir su reconocimiento este d\u00eda nos permite observar como con a trav\u00e9s del paso de las d\u00e9cadas las mujeres han cambiado y el mundo consecuentemente, debido adaptarse \u201cya no nos tenemos que quedar calladitas\u201dcoment\u00f3 y desde su posici\u00f3n como presidenta de la agrupaci\u00f3n \u201cra\u00edces de Ma\u00f1ihuales\u201d dio a conocer un sentido relato de como a muchas mujeres campesinas les cambi\u00f3 la vida desde que tuvieron la oportunidad de participar en talleres de empoderamiento y desde ah\u00ed crecer juntas, un ejemplo de compromiso y sororidad en este nuevo 08 de marzo.<\/p>\n<\/div><\/section><\/div><div  style='height:50px' class='hr hr-invisible   avia-builder-el-6  el_after_av_one_full  el_before_av_social_share '><span class='hr-inner ' ><span class='hr-inner-style'><\/span><\/span><\/div><\/p>\n<div  class='av-social-sharing-box  avia-builder-el-7  el_after_av_hr  el_before_av_hr  '><div class='av-share-box'><h5 class='av-share-link-description av-no-toc '>Compartir esta noticia<\/h5><ul class='av-share-box-list noLightbox'><li class='av-share-link av-social-link-facebook' ><a target=\"_blank\" aria-label=\"Compartir en Facebook\" href='https:\/\/www.facebook.com\/sharer.php?u=https:\/\/radiorevelacionfm.cl\/?p=14369&#038;t=Seremi%20de%20la%20Mujer%20y%20EG%20%E2%80%9CHoy%20queremos%20reconocer%20lo%20avanzado%2C%20especialmente%20los%20cuerpos%20legales%20claves%20que%20fueron%20promovidos%20en%20estos%204%20a%C3%B1os%E2%80%9D' aria-hidden='false' data-av_icon='\ue8f3' data-av_iconfont='entypo-fontello' title='' data-avia-related-tooltip='Compartir en Facebook' rel=\"noopener\"><span class='avia_hidden_link_text'>Compartir en Facebook<\/span><\/a><\/li><li class='av-share-link av-social-link-twitter' ><a target=\"_blank\" aria-label=\"Compartir en Twitter\" href='https:\/\/twitter.com\/share?text=Seremi%20de%20la%20Mujer%20y%20EG%20%E2%80%9CHoy%20queremos%20reconocer%20lo%20avanzado%2C%20especialmente%20los%20cuerpos%20legales%20claves%20que%20fueron%20promovidos%20en%20estos%204%20a%C3%B1os%E2%80%9D&#038;url=https:\/\/radiorevelacionfm.cl\/?p=14369' aria-hidden='false' data-av_icon='\ue8f1' data-av_iconfont='entypo-fontello' title='' data-avia-related-tooltip='Compartir en Twitter' rel=\"noopener\"><span class='avia_hidden_link_text'>Compartir en Twitter<\/span><\/a><\/li><li class='av-share-link av-social-link-whatsapp' ><a target=\"_blank\" aria-label=\"Compartir en Whatsapp\" href='https:\/\/api.whatsapp.com\/send?text=https:\/\/radiorevelacionfm.cl\/?p=14369' aria-hidden='false' data-av_icon='\uf232' data-av_iconfont='entypo-fontello' title='' data-avia-related-tooltip='Compartir en Whatsapp' rel=\"noopener\"><span class='avia_hidden_link_text'>Compartir en Whatsapp<\/span><\/a><\/li><li class='av-share-link av-social-link-linkedin' ><a target=\"_blank\" aria-label=\"Compartir en LinkedIn\" href='https:\/\/linkedin.com\/shareArticle?mini=true&#038;title=Seremi%20de%20la%20Mujer%20y%20EG%20%E2%80%9CHoy%20queremos%20reconocer%20lo%20avanzado%2C%20especialmente%20los%20cuerpos%20legales%20claves%20que%20fueron%20promovidos%20en%20estos%204%20a%C3%B1os%E2%80%9D&#038;url=https:\/\/radiorevelacionfm.cl\/?p=14369' aria-hidden='false' data-av_icon='\ue8fc' data-av_iconfont='entypo-fontello' title='' data-avia-related-tooltip='Compartir en LinkedIn' rel=\"noopener\"><span class='avia_hidden_link_text'>Compartir en LinkedIn<\/span><\/a><\/li><li class='av-share-link av-social-link-mail' ><a  aria-label=\"Compartir por correo\" href='mailto:?subject=Seremi%20de%20la%20Mujer%20y%20EG%20%E2%80%9CHoy%20queremos%20reconocer%20lo%20avanzado%2C%20especialmente%20los%20cuerpos%20legales%20claves%20que%20fueron%20promovidos%20en%20estos%204%20a%C3%B1os%E2%80%9D&#038;body=https:\/\/radiorevelacionfm.cl\/?p=14369' aria-hidden='false' data-av_icon='\ue805' data-av_iconfont='entypo-fontello' title='' data-avia-related-tooltip='Compartir por correo'><span class='avia_hidden_link_text'>Compartir por correo<\/span><\/a><\/li><\/ul><\/div><\/div>\n<div  style='height:50px' class='hr hr-invisible   avia-builder-el-8  el_after_av_social_share  el_before_av_comments_list '><span class='hr-inner ' ><span class='hr-inner-style'><\/span><\/span><\/div>\n<div  class='av-buildercomment  av-blog-meta-html-info-disabled av-blog-meta-tag-disabled  '><\/div>\n","protected":false},"excerpt":{"rendered":"","protected":false},"author":1,"featured_media":14370,"comment_status":"open","ping_status":"open","sticky":false,"template":"","format":"standard","meta":{"footnotes":""},"categories":[38],"tags":[],"class_list":["post-14369","post","type-post","status-publish","format-standard","has-post-thumbnail","hentry","category-regional"],"jetpack_featured_media_url":"https:\/\/radiorevelacionfm.cl\/wp-content\/uploads\/2022\/03\/IMG-20220308-WA0091-2.jpg","_links":{"self":[{"href":"https:\/\/radiorevelacionfm.cl\/index.php?rest_route=\/wp\/v2\/posts\/14369","targetHints":{"allow":["GET"]}}],"collection":[{"href":"https:\/\/radiorevelacionfm.cl\/index.php?rest_route=\/wp\/v2\/posts"}],"about":[{"href":"https:\/\/radiorevelacionfm.cl\/index.php?rest_route=\/wp\/v2\/types\/post"}],"author":[{"embeddable":true,"href":"https:\/\/radiorevelacionfm.cl\/index.php?rest_route=\/wp\/v2\/users\/1"}],"replies":[{"embeddable":true,"href":"https:\/\/radiorevelacionfm.cl\/index.php?rest_route=%2Fwp%2Fv2%2Fcomments&post=14369"}],"version-history":[{"count":2,"href":"https:\/\/radiorevelacionfm.cl\/index.php?rest_route=\/wp\/v2\/posts\/14369\/revisions"}],"predecessor-version":[{"id":14372,"href":"https:\/\/radiorevelacionfm.cl\/index.php?rest_route=\/wp\/v2\/posts\/14369\/revisions\/14372"}],"wp:featuredmedia":[{"embeddable":true,"href":"https:\/\/radiorevelacionfm.cl\/index.php?rest_route=\/wp\/v2\/media\/14370"}],"wp:attachment":[{"href":"https:\/\/radiorevelacionfm.cl\/index.php?rest_route=%2Fwp%2Fv2%2Fmedia&parent=14369"}],"wp:term":[{"taxonomy":"category","embeddable":true,"href":"https:\/\/radiorevelacionfm.cl\/index.php?rest_route=%2Fwp%2Fv2%2Fcategories&post=14369"},{"taxonomy":"post_tag","embeddable":true,"href":"https:\/\/radiorevelacionfm.cl\/index.php?rest_route=%2Fwp%2Fv2%2Ftags&post=14369"}],"curies":[{"name":"wp","href":"https:\/\/api.w.org\/{rel}","templated":true}]}}