{"id":14365,"date":"2022-03-08T16:57:02","date_gmt":"2022-03-08T19:57:02","guid":{"rendered":"https:\/\/radiorevelacionfm.cl\/?p=14365"},"modified":"2022-03-08T16:57:02","modified_gmt":"2022-03-08T19:57:02","slug":"sag-realizo-preseleccion-del-concurso-n1-operacion-temprana","status":"publish","type":"post","link":"https:\/\/radiorevelacionfm.cl\/?p=14365","title":{"rendered":"SAG realiz\u00f3 preselecci\u00f3n del Concurso N\u00b01 Operaci\u00f3n\u00a0Temprana"},"content":{"rendered":"<div class=\"flex_column av_one_full  flex_column_div av-zero-column-padding first  avia-builder-el-0  el_before_av_one_full  avia-builder-el-first  \" style='border-radius:0px; '><div  class='avia-image-container  av-styling-    avia-builder-el-1  avia-builder-el-no-sibling  avia-align-center '  itemprop=\"image\" itemscope=\"itemscope\" itemtype=\"https:\/\/schema.org\/ImageObject\"  ><div class='avia-image-container-inner'><div class='avia-image-overlay-wrap'><img decoding=\"async\" class='wp-image-14366 avia-img-lazy-loading-not-14366 avia_image' src=\"https:\/\/radiorevelacionfm.cl\/wp-content\/uploads\/2022\/03\/sag2-2_optimized.jpg\" alt='' title='sag2-2_optimized' height=\"600\" width=\"800\"  itemprop=\"thumbnailUrl\" srcset=\"https:\/\/radiorevelacionfm.cl\/wp-content\/uploads\/2022\/03\/sag2-2_optimized.jpg 800w, https:\/\/radiorevelacionfm.cl\/wp-content\/uploads\/2022\/03\/sag2-2_optimized-300x225.jpg 300w, https:\/\/radiorevelacionfm.cl\/wp-content\/uploads\/2022\/03\/sag2-2_optimized-768x576.jpg 768w, https:\/\/radiorevelacionfm.cl\/wp-content\/uploads\/2022\/03\/sag2-2_optimized-705x529.jpg 705w, https:\/\/radiorevelacionfm.cl\/wp-content\/uploads\/2022\/03\/sag2-2_optimized-600x450.jpg 600w\" sizes=\"(max-width: 800px) 100vw, 800px\" \/><\/div><\/div><\/div><\/div><div class=\"flex_column av_one_full  flex_column_div av-zero-column-padding first  avia-builder-el-2  el_after_av_one_full  el_before_av_one_full  column-top-margin\" style='border-radius:0px; '><section class=\"av_textblock_section \"  itemscope=\"itemscope\" itemtype=\"https:\/\/schema.org\/BlogPosting\" itemprop=\"blogPost\" ><div class='avia_textblock  '   itemprop=\"text\" ><h2 class=\"title\" style=\"text-align: center;\"><span style=\"font-size: 18pt;\"><b>SAG realiz\u00f3 preselecci\u00f3n del Concurso N\u00b01 Operaci\u00f3n\u00a0<\/b><b>Temprana<\/b><\/span><\/h2>\n<div>\n<p align=\"center\">\n<\/div>\n<div id=\"gtx-trans\" style=\"position: absolute; left: -50px; top: 4.31534px;\">\n<div class=\"gtx-trans-icon\"><\/div>\n<\/div>\n<\/div><\/section><\/div><div class=\"flex_column av_one_full  flex_column_div av-zero-column-padding first  avia-builder-el-4  el_after_av_one_full  el_before_av_hr  column-top-margin\" style='border-radius:0px; '><section class=\"av_textblock_section \"  itemscope=\"itemscope\" itemtype=\"https:\/\/schema.org\/BlogPosting\" itemprop=\"blogPost\" ><div class='avia_textblock  '   itemprop=\"text\" ><div>\n<p style=\"text-align: justify;\">El Servicio Agr\u00edcola y Ganadero, regi\u00f3n de Ays\u00e9n informa a los productores y productoras, que postularon al concurso N\u00b0 1 de Operaci\u00f3n Temprana correspondiente a la temporada 2022, del Sistema de Incentivos para la Sustentabilidad Agroambiental de los Suelos Agropecuarios que, la lista de preseleccionados se encuentra disponible en la Direcci\u00f3n Regional del Servicio y en las Oficinas Provinciales de La Junta, Chile Chico y Cochrane y a trav\u00e9s de los respectivos Operadores.<\/p>\n<\/div>\n<div style=\"text-align: justify;\">\n<p>Claudia Pe\u00f1a, coordinadora regional SIRDS, indic\u00f3 \u201cquienes no hayan sido preseleccionados, tendr\u00e1n un plazo de 10 d\u00edas corridos contados desde el d\u00eda siguiente a la fecha de esta publicaci\u00f3n, para solicitar por escrito, v\u00eda correo electr\u00f3nico a la direcci\u00f3n: contacto.aysen@sag.gob.cl, la reconsideraci\u00f3n de su situaci\u00f3n al Director Regional del SAG.<\/p>\n<\/div>\n<div style=\"text-align: justify;\">\n<p>Una vez resueltas las apelaciones que hubiere lugar, ser\u00e1 dada a conocer la lista definitiva el pr\u00f3ximo viernes 25 marzo del presente a\u00f1o.<\/p>\n<\/div>\n<div>\n<p style=\"text-align: justify;\">Recordar que este llamado de Operaci\u00f3n Temprana, busca adelantar el aviso de selecci\u00f3n de planes de manejo, para que nuestros usuarios pueden planificar y ejecutar algunas de las actividades propuestas durante los meses de verano y oto\u00f1o del a\u00f1o 2022, rompiendo de esta manera la temporalidad hist\u00f3rica de concentrar labores los \u00faltimos tres meses del a\u00f1o calendario.<\/p>\n<\/div>\n<\/div><\/section><\/div><div  style='height:50px' class='hr hr-invisible   avia-builder-el-6  el_after_av_one_full  el_before_av_social_share '><span class='hr-inner ' ><span class='hr-inner-style'><\/span><\/span><\/div><\/p>\n<div  class='av-social-sharing-box  avia-builder-el-7  el_after_av_hr  el_before_av_hr  '><div class='av-share-box'><h5 class='av-share-link-description av-no-toc '>Compartir esta noticia<\/h5><ul class='av-share-box-list noLightbox'><li class='av-share-link av-social-link-facebook' ><a target=\"_blank\" aria-label=\"Compartir en Facebook\" href='https:\/\/www.facebook.com\/sharer.php?u=https:\/\/radiorevelacionfm.cl\/?p=14365&#038;t=SAG%20realiz%C3%B3%20preselecci%C3%B3n%20del%20Concurso%20N%C2%B01%20Operaci%C3%B3n%C2%A0Temprana' aria-hidden='false' data-av_icon='\ue8f3' data-av_iconfont='entypo-fontello' title='' data-avia-related-tooltip='Compartir en Facebook' rel=\"noopener\"><span class='avia_hidden_link_text'>Compartir en Facebook<\/span><\/a><\/li><li class='av-share-link av-social-link-twitter' ><a target=\"_blank\" aria-label=\"Compartir en Twitter\" href='https:\/\/twitter.com\/share?text=SAG%20realiz%C3%B3%20preselecci%C3%B3n%20del%20Concurso%20N%C2%B01%20Operaci%C3%B3n%C2%A0Temprana&#038;url=https:\/\/radiorevelacionfm.cl\/?p=14365' aria-hidden='false' data-av_icon='\ue8f1' data-av_iconfont='entypo-fontello' title='' data-avia-related-tooltip='Compartir en Twitter' rel=\"noopener\"><span class='avia_hidden_link_text'>Compartir en Twitter<\/span><\/a><\/li><li class='av-share-link av-social-link-whatsapp' ><a target=\"_blank\" aria-label=\"Compartir en Whatsapp\" href='https:\/\/api.whatsapp.com\/send?text=https:\/\/radiorevelacionfm.cl\/?p=14365' aria-hidden='false' data-av_icon='\uf232' data-av_iconfont='entypo-fontello' title='' data-avia-related-tooltip='Compartir en Whatsapp' rel=\"noopener\"><span class='avia_hidden_link_text'>Compartir en Whatsapp<\/span><\/a><\/li><li class='av-share-link av-social-link-linkedin' ><a target=\"_blank\" aria-label=\"Compartir en LinkedIn\" href='https:\/\/linkedin.com\/shareArticle?mini=true&#038;title=SAG%20realiz%C3%B3%20preselecci%C3%B3n%20del%20Concurso%20N%C2%B01%20Operaci%C3%B3n%C2%A0Temprana&#038;url=https:\/\/radiorevelacionfm.cl\/?p=14365' aria-hidden='false' data-av_icon='\ue8fc' data-av_iconfont='entypo-fontello' title='' data-avia-related-tooltip='Compartir en LinkedIn' rel=\"noopener\"><span class='avia_hidden_link_text'>Compartir en LinkedIn<\/span><\/a><\/li><li class='av-share-link av-social-link-mail' ><a  aria-label=\"Compartir por correo\" href='mailto:?subject=SAG%20realiz%C3%B3%20preselecci%C3%B3n%20del%20Concurso%20N%C2%B01%20Operaci%C3%B3n%C2%A0Temprana&#038;body=https:\/\/radiorevelacionfm.cl\/?p=14365' aria-hidden='false' data-av_icon='\ue805' data-av_iconfont='entypo-fontello' title='' data-avia-related-tooltip='Compartir por correo'><span class='avia_hidden_link_text'>Compartir por correo<\/span><\/a><\/li><\/ul><\/div><\/div>\n<div  style='height:50px' class='hr hr-invisible   avia-builder-el-8  el_after_av_social_share  el_before_av_comments_list '><span class='hr-inner ' ><span class='hr-inner-style'><\/span><\/span><\/div>\n<div  class='av-buildercomment  av-blog-meta-html-info-disabled av-blog-meta-tag-disabled  '><\/div>\n","protected":false},"excerpt":{"rendered":"","protected":false},"author":1,"featured_media":14366,"comment_status":"open","ping_status":"open","sticky":false,"template":"","format":"standard","meta":{"footnotes":""},"categories":[58],"tags":[],"class_list":["post-14365","post","type-post","status-publish","format-standard","has-post-thumbnail","hentry","category-agricultura"],"jetpack_featured_media_url":"https:\/\/radiorevelacionfm.cl\/wp-content\/uploads\/2022\/03\/sag2-2_optimized.jpg","_links":{"self":[{"href":"https:\/\/radiorevelacionfm.cl\/index.php?rest_route=\/wp\/v2\/posts\/14365","targetHints":{"allow":["GET"]}}],"collection":[{"href":"https:\/\/radiorevelacionfm.cl\/index.php?rest_route=\/wp\/v2\/posts"}],"about":[{"href":"https:\/\/radiorevelacionfm.cl\/index.php?rest_route=\/wp\/v2\/types\/post"}],"author":[{"embeddable":true,"href":"https:\/\/radiorevelacionfm.cl\/index.php?rest_route=\/wp\/v2\/users\/1"}],"replies":[{"embeddable":true,"href":"https:\/\/radiorevelacionfm.cl\/index.php?rest_route=%2Fwp%2Fv2%2Fcomments&post=14365"}],"version-history":[{"count":2,"href":"https:\/\/radiorevelacionfm.cl\/index.php?rest_route=\/wp\/v2\/posts\/14365\/revisions"}],"predecessor-version":[{"id":14368,"href":"https:\/\/radiorevelacionfm.cl\/index.php?rest_route=\/wp\/v2\/posts\/14365\/revisions\/14368"}],"wp:featuredmedia":[{"embeddable":true,"href":"https:\/\/radiorevelacionfm.cl\/index.php?rest_route=\/wp\/v2\/media\/14366"}],"wp:attachment":[{"href":"https:\/\/radiorevelacionfm.cl\/index.php?rest_route=%2Fwp%2Fv2%2Fmedia&parent=14365"}],"wp:term":[{"taxonomy":"category","embeddable":true,"href":"https:\/\/radiorevelacionfm.cl\/index.php?rest_route=%2Fwp%2Fv2%2Fcategories&post=14365"},{"taxonomy":"post_tag","embeddable":true,"href":"https:\/\/radiorevelacionfm.cl\/index.php?rest_route=%2Fwp%2Fv2%2Ftags&post=14365"}],"curies":[{"name":"wp","href":"https:\/\/api.w.org\/{rel}","templated":true}]}}