{"id":14358,"date":"2022-03-08T00:07:18","date_gmt":"2022-03-08T03:07:18","guid":{"rendered":"https:\/\/radiorevelacionfm.cl\/?p=14358"},"modified":"2022-03-08T00:07:18","modified_gmt":"2022-03-08T03:07:18","slug":"buzo-mariscador-fallece-en-aysen-por-intoxicacion-tras-consumir-mariscos","status":"publish","type":"post","link":"https:\/\/radiorevelacionfm.cl\/?p=14358","title":{"rendered":"Buzo mariscador fallece en Ays\u00e9n por intoxicaci\u00f3n tras consumir mariscos"},"content":{"rendered":"<div class=\"flex_column av_one_full  flex_column_div av-zero-column-padding first  avia-builder-el-0  el_before_av_one_full  avia-builder-el-first  \" style='border-radius:0px; '><div  class='avia-image-container  av-styling-    avia-builder-el-1  avia-builder-el-no-sibling  avia-align-center '  itemprop=\"image\" itemscope=\"itemscope\" itemtype=\"https:\/\/schema.org\/ImageObject\"  ><div class='avia-image-container-inner'><div class='avia-image-overlay-wrap'><img decoding=\"async\" class='wp-image-14360 avia-img-lazy-loading-not-14360 avia_image' src=\"https:\/\/radiorevelacionfm.cl\/wp-content\/uploads\/2022\/03\/Nave-07.03-1.jpg\" alt='' title='Nave 07.03 (1)' height=\"600\" width=\"954\"  itemprop=\"thumbnailUrl\" srcset=\"https:\/\/radiorevelacionfm.cl\/wp-content\/uploads\/2022\/03\/Nave-07.03-1.jpg 954w, https:\/\/radiorevelacionfm.cl\/wp-content\/uploads\/2022\/03\/Nave-07.03-1-300x189.jpg 300w, https:\/\/radiorevelacionfm.cl\/wp-content\/uploads\/2022\/03\/Nave-07.03-1-768x483.jpg 768w, https:\/\/radiorevelacionfm.cl\/wp-content\/uploads\/2022\/03\/Nave-07.03-1-705x443.jpg 705w, https:\/\/radiorevelacionfm.cl\/wp-content\/uploads\/2022\/03\/Nave-07.03-1-600x377.jpg 600w\" sizes=\"(max-width: 954px) 100vw, 954px\" \/><\/div><\/div><\/div><\/div><div class=\"flex_column av_one_full  flex_column_div av-zero-column-padding first  avia-builder-el-2  el_after_av_one_full  el_before_av_one_full  column-top-margin\" style='border-radius:0px; '><section class=\"av_textblock_section \"  itemscope=\"itemscope\" itemtype=\"https:\/\/schema.org\/BlogPosting\" itemprop=\"blogPost\" ><div class='avia_textblock  '   itemprop=\"text\" ><p style=\"text-align: center;\"><strong><span style=\"font-size: 18pt;\">Buzo mariscador fallece en Ays\u00e9n por intoxicaci\u00f3n tras consumir mariscos<\/span><\/strong><\/p>\n<div id=\"gtx-trans\" style=\"position: absolute; left: -50px; top: 4.31534px;\">\n<div class=\"gtx-trans-icon\"><\/div>\n<\/div>\n<\/div><\/section><\/div><div class=\"flex_column av_one_full  flex_column_div av-zero-column-padding first  avia-builder-el-4  el_after_av_one_full  el_before_av_hr  column-top-margin\" style='border-radius:0px; '><section class=\"av_textblock_section \"  itemscope=\"itemscope\" itemtype=\"https:\/\/schema.org\/BlogPosting\" itemprop=\"blogPost\" ><div class='avia_textblock  '   itemprop=\"text\" ><p style=\"text-align: justify;\">Un buzo mariscador de 48 a\u00f1os, de Calbuco, habr\u00eda perdido la vida producto de una intoxicaci\u00f3n al consumir almejas en mal estado, esto mientras se encontraba realizando faenas en el litoral de Ays\u00e9n.<\/p>\n<p style=\"text-align: justify;\">Personal uniformado se encuentra realizando los peritajes iniciales en un centro de cultivo en el Canal Quitralco, ubicado a dos horas desde Puerto Chacabuco. Preliminarmente, descartaron la participaci\u00f3n de terceros en el deceso.<\/p>\n<p style=\"text-align: justify;\">La tripulaci\u00f3n de la nave de Calbuco, se trasladaron por sus propios medios hasta un centro de cultivo en la zona solicitando ayuda, pero lamentablemente la persona lleg\u00f3 fallecida al pont\u00f3n\u201d, coment\u00f3 el subcomisario Cristian Castro, de la Brigada de Homicidios.<\/p>\n<p style=\"text-align: justify;\">De acuerdo al testimonio de sus colegas, el fallecido habr\u00eda sido el \u00fanico integrante de la tripulaci\u00f3n que consumi\u00f3 los productos marinos.<\/p>\n<p style=\"text-align: justify;\">Cabe consignar que la extracci\u00f3n de mariscos es una pr\u00e1ctica prohibida en ciertos sectores de Ays\u00e9n, pues se ha detectado, en ciertas zonas, un aumento de biotoxinas diarreica y paralizante.<\/p>\n<p style=\"text-align: justify;\">\u201cNo sabemos si es por marea roja directamente, lo que si descartamos es la participaci\u00f3n de terceros en su deceso. Seg\u00fan el relato de sus compa\u00f1eros, la v\u00edctima fue la \u00fanica que consumi\u00f3 mariscos que extrajeron los buzos en el sector\u201d, cont\u00f3 el uniformado Castro.<\/p>\n<p style=\"text-align: justify;\">El Servicio M\u00e9dico Legal trabaja en examinar el cuerpo del pescador fallecido, paa as\u00ed determinar con mayor claridad las causas de su muerte.<\/p>\n<p style=\"text-align: justify;\">Fuente: Noticias Calbuco.cl<\/p>\n<\/div><\/section><\/div><div  style='height:50px' class='hr hr-invisible   avia-builder-el-6  el_after_av_one_full  el_before_av_social_share '><span class='hr-inner ' ><span class='hr-inner-style'><\/span><\/span><\/div><\/p>\n<div  class='av-social-sharing-box  avia-builder-el-7  el_after_av_hr  el_before_av_hr  '><div class='av-share-box'><h5 class='av-share-link-description av-no-toc '>Compartir esta noticia<\/h5><ul class='av-share-box-list noLightbox'><li class='av-share-link av-social-link-facebook' ><a target=\"_blank\" aria-label=\"Compartir en Facebook\" href='https:\/\/www.facebook.com\/sharer.php?u=https:\/\/radiorevelacionfm.cl\/?p=14358&#038;t=Buzo%20mariscador%20fallece%20en%20Ays%C3%A9n%20por%20intoxicaci%C3%B3n%20tras%20consumir%20mariscos' aria-hidden='false' data-av_icon='\ue8f3' data-av_iconfont='entypo-fontello' title='' data-avia-related-tooltip='Compartir en Facebook' rel=\"noopener\"><span class='avia_hidden_link_text'>Compartir en Facebook<\/span><\/a><\/li><li class='av-share-link av-social-link-twitter' ><a target=\"_blank\" aria-label=\"Compartir en Twitter\" href='https:\/\/twitter.com\/share?text=Buzo%20mariscador%20fallece%20en%20Ays%C3%A9n%20por%20intoxicaci%C3%B3n%20tras%20consumir%20mariscos&#038;url=https:\/\/radiorevelacionfm.cl\/?p=14358' aria-hidden='false' data-av_icon='\ue8f1' data-av_iconfont='entypo-fontello' title='' data-avia-related-tooltip='Compartir en Twitter' rel=\"noopener\"><span class='avia_hidden_link_text'>Compartir en Twitter<\/span><\/a><\/li><li class='av-share-link av-social-link-whatsapp' ><a target=\"_blank\" aria-label=\"Compartir en Whatsapp\" href='https:\/\/api.whatsapp.com\/send?text=https:\/\/radiorevelacionfm.cl\/?p=14358' aria-hidden='false' data-av_icon='\uf232' data-av_iconfont='entypo-fontello' title='' data-avia-related-tooltip='Compartir en Whatsapp' rel=\"noopener\"><span class='avia_hidden_link_text'>Compartir en Whatsapp<\/span><\/a><\/li><li class='av-share-link av-social-link-linkedin' ><a target=\"_blank\" aria-label=\"Compartir en LinkedIn\" href='https:\/\/linkedin.com\/shareArticle?mini=true&#038;title=Buzo%20mariscador%20fallece%20en%20Ays%C3%A9n%20por%20intoxicaci%C3%B3n%20tras%20consumir%20mariscos&#038;url=https:\/\/radiorevelacionfm.cl\/?p=14358' aria-hidden='false' data-av_icon='\ue8fc' data-av_iconfont='entypo-fontello' title='' data-avia-related-tooltip='Compartir en LinkedIn' rel=\"noopener\"><span class='avia_hidden_link_text'>Compartir en LinkedIn<\/span><\/a><\/li><li class='av-share-link av-social-link-mail' ><a  aria-label=\"Compartir por correo\" href='mailto:?subject=Buzo%20mariscador%20fallece%20en%20Ays%C3%A9n%20por%20intoxicaci%C3%B3n%20tras%20consumir%20mariscos&#038;body=https:\/\/radiorevelacionfm.cl\/?p=14358' aria-hidden='false' data-av_icon='\ue805' data-av_iconfont='entypo-fontello' title='' data-avia-related-tooltip='Compartir por correo'><span class='avia_hidden_link_text'>Compartir por correo<\/span><\/a><\/li><\/ul><\/div><\/div>\n<div  style='height:50px' class='hr hr-invisible   avia-builder-el-8  el_after_av_social_share  el_before_av_comments_list '><span class='hr-inner ' ><span class='hr-inner-style'><\/span><\/span><\/div>\n<div  class='av-buildercomment  av-blog-meta-html-info-disabled av-blog-meta-tag-disabled  '><\/div>\n","protected":false},"excerpt":{"rendered":"","protected":false},"author":1,"featured_media":14360,"comment_status":"open","ping_status":"open","sticky":false,"template":"","format":"standard","meta":{"footnotes":""},"categories":[38],"tags":[],"class_list":["post-14358","post","type-post","status-publish","format-standard","has-post-thumbnail","hentry","category-regional"],"jetpack_featured_media_url":"https:\/\/radiorevelacionfm.cl\/wp-content\/uploads\/2022\/03\/Nave-07.03-1.jpg","_links":{"self":[{"href":"https:\/\/radiorevelacionfm.cl\/index.php?rest_route=\/wp\/v2\/posts\/14358","targetHints":{"allow":["GET"]}}],"collection":[{"href":"https:\/\/radiorevelacionfm.cl\/index.php?rest_route=\/wp\/v2\/posts"}],"about":[{"href":"https:\/\/radiorevelacionfm.cl\/index.php?rest_route=\/wp\/v2\/types\/post"}],"author":[{"embeddable":true,"href":"https:\/\/radiorevelacionfm.cl\/index.php?rest_route=\/wp\/v2\/users\/1"}],"replies":[{"embeddable":true,"href":"https:\/\/radiorevelacionfm.cl\/index.php?rest_route=%2Fwp%2Fv2%2Fcomments&post=14358"}],"version-history":[{"count":2,"href":"https:\/\/radiorevelacionfm.cl\/index.php?rest_route=\/wp\/v2\/posts\/14358\/revisions"}],"predecessor-version":[{"id":14362,"href":"https:\/\/radiorevelacionfm.cl\/index.php?rest_route=\/wp\/v2\/posts\/14358\/revisions\/14362"}],"wp:featuredmedia":[{"embeddable":true,"href":"https:\/\/radiorevelacionfm.cl\/index.php?rest_route=\/wp\/v2\/media\/14360"}],"wp:attachment":[{"href":"https:\/\/radiorevelacionfm.cl\/index.php?rest_route=%2Fwp%2Fv2%2Fmedia&parent=14358"}],"wp:term":[{"taxonomy":"category","embeddable":true,"href":"https:\/\/radiorevelacionfm.cl\/index.php?rest_route=%2Fwp%2Fv2%2Fcategories&post=14358"},{"taxonomy":"post_tag","embeddable":true,"href":"https:\/\/radiorevelacionfm.cl\/index.php?rest_route=%2Fwp%2Fv2%2Ftags&post=14358"}],"curies":[{"name":"wp","href":"https:\/\/api.w.org\/{rel}","templated":true}]}}