{"id":14346,"date":"2022-03-07T18:00:34","date_gmt":"2022-03-07T21:00:34","guid":{"rendered":"https:\/\/radiorevelacionfm.cl\/?p=14346"},"modified":"2022-03-07T18:00:34","modified_gmt":"2022-03-07T21:00:34","slug":"calisto-y-falta-de-cupos-en-programa-de-residencias-familiares-el-estado-debe-garantizar-el-acceso-de-todos-los-ninos-y-ninas-a-la-educacion","status":"publish","type":"post","link":"https:\/\/radiorevelacionfm.cl\/?p=14346","title":{"rendered":"Calisto y falta de cupos en programa de Residencias Familiares \u201cEl Estado debe garantizar el acceso de todos los ni\u00f1os y ni\u00f1as a la educaci\u00f3n\u201d"},"content":{"rendered":"<div class=\"flex_column av_one_full  flex_column_div av-zero-column-padding first  avia-builder-el-0  el_before_av_one_full  avia-builder-el-first  \" style='border-radius:0px; '><div  class='avia-image-container  av-styling-    avia-builder-el-1  avia-builder-el-no-sibling  avia-align-center '  itemprop=\"image\" itemscope=\"itemscope\" itemtype=\"https:\/\/schema.org\/ImageObject\"  ><div class='avia-image-container-inner'><div class='avia-image-overlay-wrap'><img decoding=\"async\" class='wp-image-5665 avia-img-lazy-loading-not-5665 avia_image' src=\"https:\/\/radiorevelacionfm.cl\/wp-content\/uploads\/2021\/06\/CALISTO-FOTO-ARCHIVO-2-1.jpg\" alt='' title='CALISTO FOTO ARCHIVO (2) (1)' height=\"487\" width=\"1052\"  itemprop=\"thumbnailUrl\" srcset=\"https:\/\/radiorevelacionfm.cl\/wp-content\/uploads\/2021\/06\/CALISTO-FOTO-ARCHIVO-2-1.jpg 1052w, https:\/\/radiorevelacionfm.cl\/wp-content\/uploads\/2021\/06\/CALISTO-FOTO-ARCHIVO-2-1-300x139.jpg 300w, https:\/\/radiorevelacionfm.cl\/wp-content\/uploads\/2021\/06\/CALISTO-FOTO-ARCHIVO-2-1-1030x477.jpg 1030w, https:\/\/radiorevelacionfm.cl\/wp-content\/uploads\/2021\/06\/CALISTO-FOTO-ARCHIVO-2-1-768x356.jpg 768w, https:\/\/radiorevelacionfm.cl\/wp-content\/uploads\/2021\/06\/CALISTO-FOTO-ARCHIVO-2-1-705x326.jpg 705w, https:\/\/radiorevelacionfm.cl\/wp-content\/uploads\/2021\/06\/CALISTO-FOTO-ARCHIVO-2-1-600x278.jpg 600w\" sizes=\"(max-width: 1052px) 100vw, 1052px\" \/><\/div><\/div><\/div><\/div><div class=\"flex_column av_one_full  flex_column_div av-zero-column-padding first  avia-builder-el-2  el_after_av_one_full  el_before_av_one_full  column-top-margin\" style='border-radius:0px; '><section class=\"av_textblock_section \"  itemscope=\"itemscope\" itemtype=\"https:\/\/schema.org\/BlogPosting\" itemprop=\"blogPost\" ><div class='avia_textblock  '   itemprop=\"text\" ><p style=\"text-align: center;\"><strong><span style=\"font-size: 18pt;\">Calisto y falta de cupos en programa de Residencias Familiares \u201cEl Estado debe garantizar el acceso de todos los ni\u00f1os y ni\u00f1as a la educaci\u00f3n\u201d<\/span><\/strong><\/p>\n<div id=\"gtx-trans\" style=\"position: absolute; left: -50px; top: 4.31534px;\">\n<div class=\"gtx-trans-icon\"><\/div>\n<\/div>\n<\/div><\/section><\/div><div class=\"flex_column av_one_full  flex_column_div av-zero-column-padding first  avia-builder-el-4  el_after_av_one_full  el_before_av_hr  column-top-margin\" style='border-radius:0px; '><section class=\"av_textblock_section \"  itemscope=\"itemscope\" itemtype=\"https:\/\/schema.org\/BlogPosting\" itemprop=\"blogPost\" ><div class='avia_textblock  '   itemprop=\"text\" ><p style=\"font-weight: 400; text-align: justify;\">Ante la gran cantidad de casos de ni\u00f1os que a\u00fan no tienen claridad si podr\u00e1n optar a un cupo en el programa de Residencias Familiares Estudiantiles, lo que ha generado mucha incertidumbre en sus familias, el diputado Miguel \u00c1ngel Calisto hizo un llamado al Gobierno a garantizar el acceso a la educaci\u00f3n y aumentar el cupo para acceder a este beneficio.<\/p>\n<p style=\"font-weight: 400; text-align: justify;\">Seg\u00fan el legislador, \u201chemos hecho diversas gestiones con el Director de Junaeb, respecto a la necesidad de ampliar los cupos para el programa de Residencias Familiares Estudiantiles. Este programa es fundamental, porque permite que los ni\u00f1os que viven en zonas alejadas y rurales, puedan continuar sus estudios en las ciudades m\u00e1s grandes de la regi\u00f3n donde existan liceos\u201d.<\/p>\n<p style=\"font-weight: 400; text-align: justify;\">\u201cLamentablemente hemos visto que j\u00f3venes de Ma\u00f1ihuales, Islas Huichas y de Puyuhuapi, entre otras localidades, no tienen la seguridad de poder optar a uno de los cupos para este programa.\u00a0 Nosotros creemos que Junaeb debe cumplir con la ley, y la ley establece que el Estado debe garantizar el acceso a la educaci\u00f3n de todas las ni\u00f1as y ni\u00f1os de nuestro pa\u00eds\u201d, indic\u00f3.<\/p>\n<p style=\"font-weight: 400; text-align: justify;\">El legislador asegur\u00f3 que \u201cpor estos motivos, el Estado debe garantizar los cupos para todos los que requieran Residencias Familiares. Estoy optimista, porque el Director Nacional de Junaeb me inform\u00f3 que est\u00e1n haciendo el esfuerzo para cumplir con la totalidad de las demandas, por lo que espero que as\u00ed sea\u201d.<\/p>\n<p style=\"font-weight: 400; text-align: justify;\">\u201cVamos a estar muy atentos a este tema, porque estamos pr\u00f3ximos a un cambio de Gobierno y es fundamental que las autoridades que est\u00e1n dejando sus cargos sean competentes en dejar garantizados estos cupos de residencias\u201d.<\/p>\n<p style=\"font-weight: 400; text-align: justify;\">Finalmente, el diputado Miguel \u00c1ngel Calisto se\u00f1al\u00f3 que \u201cotro elemento que nos preocupa tambi\u00e9n es que hay una gran cantidad de alumnos que no pudieron postular a sus becas. No basta que la Junaeb los inscriba esperando que llegue en alg\u00fan minuto una respuesta. Lo que estamos pidiendo es que se haga un proceso excepcional de postulaci\u00f3n y renovaci\u00f3n de becas, tomando en cuenta que el proceso que pas\u00f3 fue engorroso y no todos pudieron postular. Las becas son fundamentales en nuestra regi\u00f3n, por lo que se requiere una soluci\u00f3n a este problema\u201d.<\/p>\n<\/div><\/section><\/div><div  style='height:50px' class='hr hr-invisible   avia-builder-el-6  el_after_av_one_full  el_before_av_social_share '><span class='hr-inner ' ><span class='hr-inner-style'><\/span><\/span><\/div><\/p>\n<div  class='av-social-sharing-box  avia-builder-el-7  el_after_av_hr  el_before_av_hr  '><div class='av-share-box'><h5 class='av-share-link-description av-no-toc '>Compartir esta noticia<\/h5><ul class='av-share-box-list noLightbox'><li class='av-share-link av-social-link-facebook' ><a target=\"_blank\" aria-label=\"Compartir en Facebook\" href='https:\/\/www.facebook.com\/sharer.php?u=https:\/\/radiorevelacionfm.cl\/?p=14346&#038;t=Calisto%20y%20falta%20de%20cupos%20en%20programa%20de%20Residencias%20Familiares%20%E2%80%9CEl%20Estado%20debe%20garantizar%20el%20acceso%20de%20todos%20los%20ni%C3%B1os%20y%20ni%C3%B1as%20a%20la%20educaci%C3%B3n%E2%80%9D' aria-hidden='false' data-av_icon='\ue8f3' data-av_iconfont='entypo-fontello' title='' data-avia-related-tooltip='Compartir en Facebook' rel=\"noopener\"><span class='avia_hidden_link_text'>Compartir en Facebook<\/span><\/a><\/li><li class='av-share-link av-social-link-twitter' ><a target=\"_blank\" aria-label=\"Compartir en Twitter\" href='https:\/\/twitter.com\/share?text=Calisto%20y%20falta%20de%20cupos%20en%20programa%20de%20Residencias%20Familiares%20%E2%80%9CEl%20Estado%20debe%20garantizar%20el%20acceso%20de%20todos%20los%20ni%C3%B1os%20y%20ni%C3%B1as%20a%20la%20educaci%C3%B3n%E2%80%9D&#038;url=https:\/\/radiorevelacionfm.cl\/?p=14346' aria-hidden='false' data-av_icon='\ue8f1' data-av_iconfont='entypo-fontello' title='' data-avia-related-tooltip='Compartir en Twitter' rel=\"noopener\"><span class='avia_hidden_link_text'>Compartir en Twitter<\/span><\/a><\/li><li class='av-share-link av-social-link-whatsapp' ><a target=\"_blank\" aria-label=\"Compartir en Whatsapp\" href='https:\/\/api.whatsapp.com\/send?text=https:\/\/radiorevelacionfm.cl\/?p=14346' aria-hidden='false' data-av_icon='\uf232' data-av_iconfont='entypo-fontello' title='' data-avia-related-tooltip='Compartir en Whatsapp' rel=\"noopener\"><span class='avia_hidden_link_text'>Compartir en Whatsapp<\/span><\/a><\/li><li class='av-share-link av-social-link-linkedin' ><a target=\"_blank\" aria-label=\"Compartir en LinkedIn\" href='https:\/\/linkedin.com\/shareArticle?mini=true&#038;title=Calisto%20y%20falta%20de%20cupos%20en%20programa%20de%20Residencias%20Familiares%20%E2%80%9CEl%20Estado%20debe%20garantizar%20el%20acceso%20de%20todos%20los%20ni%C3%B1os%20y%20ni%C3%B1as%20a%20la%20educaci%C3%B3n%E2%80%9D&#038;url=https:\/\/radiorevelacionfm.cl\/?p=14346' aria-hidden='false' data-av_icon='\ue8fc' data-av_iconfont='entypo-fontello' title='' data-avia-related-tooltip='Compartir en LinkedIn' rel=\"noopener\"><span class='avia_hidden_link_text'>Compartir en LinkedIn<\/span><\/a><\/li><li class='av-share-link av-social-link-mail' ><a  aria-label=\"Compartir por correo\" href='mailto:?subject=Calisto%20y%20falta%20de%20cupos%20en%20programa%20de%20Residencias%20Familiares%20%E2%80%9CEl%20Estado%20debe%20garantizar%20el%20acceso%20de%20todos%20los%20ni%C3%B1os%20y%20ni%C3%B1as%20a%20la%20educaci%C3%B3n%E2%80%9D&#038;body=https:\/\/radiorevelacionfm.cl\/?p=14346' aria-hidden='false' data-av_icon='\ue805' data-av_iconfont='entypo-fontello' title='' data-avia-related-tooltip='Compartir por correo'><span class='avia_hidden_link_text'>Compartir por correo<\/span><\/a><\/li><\/ul><\/div><\/div>\n<div  style='height:50px' class='hr hr-invisible   avia-builder-el-8  el_after_av_social_share  el_before_av_comments_list '><span class='hr-inner ' ><span class='hr-inner-style'><\/span><\/span><\/div>\n<div  class='av-buildercomment  av-blog-meta-html-info-disabled av-blog-meta-tag-disabled  '><\/div>\n","protected":false},"excerpt":{"rendered":"","protected":false},"author":1,"featured_media":5665,"comment_status":"open","ping_status":"open","sticky":false,"template":"","format":"standard","meta":{"footnotes":""},"categories":[35],"tags":[],"class_list":["post-14346","post","type-post","status-publish","format-standard","has-post-thumbnail","hentry","category-politica"],"jetpack_featured_media_url":"https:\/\/radiorevelacionfm.cl\/wp-content\/uploads\/2021\/06\/CALISTO-FOTO-ARCHIVO-2-1.jpg","_links":{"self":[{"href":"https:\/\/radiorevelacionfm.cl\/index.php?rest_route=\/wp\/v2\/posts\/14346","targetHints":{"allow":["GET"]}}],"collection":[{"href":"https:\/\/radiorevelacionfm.cl\/index.php?rest_route=\/wp\/v2\/posts"}],"about":[{"href":"https:\/\/radiorevelacionfm.cl\/index.php?rest_route=\/wp\/v2\/types\/post"}],"author":[{"embeddable":true,"href":"https:\/\/radiorevelacionfm.cl\/index.php?rest_route=\/wp\/v2\/users\/1"}],"replies":[{"embeddable":true,"href":"https:\/\/radiorevelacionfm.cl\/index.php?rest_route=%2Fwp%2Fv2%2Fcomments&post=14346"}],"version-history":[{"count":2,"href":"https:\/\/radiorevelacionfm.cl\/index.php?rest_route=\/wp\/v2\/posts\/14346\/revisions"}],"predecessor-version":[{"id":14350,"href":"https:\/\/radiorevelacionfm.cl\/index.php?rest_route=\/wp\/v2\/posts\/14346\/revisions\/14350"}],"wp:featuredmedia":[{"embeddable":true,"href":"https:\/\/radiorevelacionfm.cl\/index.php?rest_route=\/wp\/v2\/media\/5665"}],"wp:attachment":[{"href":"https:\/\/radiorevelacionfm.cl\/index.php?rest_route=%2Fwp%2Fv2%2Fmedia&parent=14346"}],"wp:term":[{"taxonomy":"category","embeddable":true,"href":"https:\/\/radiorevelacionfm.cl\/index.php?rest_route=%2Fwp%2Fv2%2Fcategories&post=14346"},{"taxonomy":"post_tag","embeddable":true,"href":"https:\/\/radiorevelacionfm.cl\/index.php?rest_route=%2Fwp%2Fv2%2Ftags&post=14346"}],"curies":[{"name":"wp","href":"https:\/\/api.w.org\/{rel}","templated":true}]}}