{"id":14341,"date":"2022-03-07T21:08:08","date_gmt":"2022-03-08T00:08:08","guid":{"rendered":"https:\/\/radiorevelacionfm.cl\/?p=14341"},"modified":"2022-03-07T21:08:08","modified_gmt":"2022-03-08T00:08:08","slug":"significativos-cambios-traera-construccion-de-colectores-de-aguas-lluvias-para-vecinos-y-vecinas-de-puerto-aysen","status":"publish","type":"post","link":"https:\/\/radiorevelacionfm.cl\/?p=14341","title":{"rendered":"Significativos cambios traer\u00e1 construcci\u00f3n de colectores de aguas lluvias para vecinos y vecinas de Puerto Ays\u00e9n"},"content":{"rendered":"<div class=\"flex_column av_one_full  flex_column_div av-zero-column-padding first  avia-builder-el-0  el_before_av_one_full  avia-builder-el-first  \" style='border-radius:0px; '><div  class='avia-image-container  av-styling-    avia-builder-el-1  avia-builder-el-no-sibling  avia-align-center '  itemprop=\"image\" itemscope=\"itemscope\" itemtype=\"https:\/\/schema.org\/ImageObject\"  ><div class='avia-image-container-inner'><div class='avia-image-overlay-wrap'><img decoding=\"async\" class='wp-image-14342 avia-img-lazy-loading-not-14342 avia_image' src=\"https:\/\/radiorevelacionfm.cl\/wp-content\/uploads\/2022\/03\/colector-teniente-merino1-1-1.jpg\" alt='' title='colector-teniente-merino1 (1) (1)' height=\"600\" width=\"786\"  itemprop=\"thumbnailUrl\" srcset=\"https:\/\/radiorevelacionfm.cl\/wp-content\/uploads\/2022\/03\/colector-teniente-merino1-1-1.jpg 786w, https:\/\/radiorevelacionfm.cl\/wp-content\/uploads\/2022\/03\/colector-teniente-merino1-1-1-300x229.jpg 300w, https:\/\/radiorevelacionfm.cl\/wp-content\/uploads\/2022\/03\/colector-teniente-merino1-1-1-768x586.jpg 768w, https:\/\/radiorevelacionfm.cl\/wp-content\/uploads\/2022\/03\/colector-teniente-merino1-1-1-705x538.jpg 705w, https:\/\/radiorevelacionfm.cl\/wp-content\/uploads\/2022\/03\/colector-teniente-merino1-1-1-600x458.jpg 600w\" sizes=\"(max-width: 786px) 100vw, 786px\" \/><\/div><\/div><\/div><\/div><div class=\"flex_column av_one_full  flex_column_div av-zero-column-padding first  avia-builder-el-2  el_after_av_one_full  el_before_av_one_full  column-top-margin\" style='border-radius:0px; '><section class=\"av_textblock_section \"  itemscope=\"itemscope\" itemtype=\"https:\/\/schema.org\/BlogPosting\" itemprop=\"blogPost\" ><div class='avia_textblock  '   itemprop=\"text\" ><p style=\"text-align: center;\"><strong><span style=\"font-size: 18pt;\">Significativos cambios traer\u00e1 construcci\u00f3n de colectores de aguas lluvias para vecinos y vecinas de Puerto Ays\u00e9n<\/span><\/strong><\/p>\n<div id=\"gtx-trans\" style=\"position: absolute; left: -50px; top: 4.31534px;\">\n<div class=\"gtx-trans-icon\"><\/div>\n<\/div>\n<\/div><\/section><\/div><div class=\"flex_column av_one_full  flex_column_div av-zero-column-padding first  avia-builder-el-4  el_after_av_one_full  el_before_av_hr  column-top-margin\" style='border-radius:0px; '><section class=\"av_textblock_section \"  itemscope=\"itemscope\" itemtype=\"https:\/\/schema.org\/BlogPosting\" itemprop=\"blogPost\" ><div class='avia_textblock  '   itemprop=\"text\" ><p style=\"text-align: justify;\">El Secretario Regional Ministerial de Obras P\u00fablicas (S) El\u00edas Fern\u00e1ndez Ni\u00f1o Azocar destac\u00f3 la construcci\u00f3n de cuatro colectores de aguas lluvias en la ciudad de Puerto Ays\u00e9n, en el marco de la ejecuci\u00f3n del plan Paso a Paso Chile se Recupera el que cumple el doble prop\u00f3sito de generar infraestructura que signifique un aporte a las comunidades, as\u00ed como tambi\u00e9n cree nuevos puestos de empleo.<\/p>\n<p style=\"text-align: justify;\">\u201cComo gobierno estamos muy conformes con los trabajos realizados en materia de aguas lluvias en la ciudad de Puerto Ays\u00e9n, porque ser\u00e1n una importante contribuci\u00f3n a la vida diaria de los vecinos y vecinas que transitan regularmente por la ciudad, reduciendo posibles anegamientos de calles y veredas, junto con generar impacto econ\u00f3mico con la entrega de dinamismo a la econom\u00eda local y aproximadamente 50 empleos mes conjuntamente, en el marco del desarrollo del plan Paso a Paso Chile se Recupera que nuestro gobierno del presidente Sebasti\u00e1n Pi\u00f1era ha impulsado en la regi\u00f3n de Ays\u00e9n. Hoy los colectores de aguas lluvias Kalstromm, Teniente Merino y El Turbio etapa 2 presentan 95%, 91% y 90% de avance respectivamente y el colector Humberto Garc\u00eda tiene 60% de avance, as\u00ed que el trabajo de nuestro equipo de la Direcci\u00f3n Regional de Obras Hidr\u00e1ulicas a cargo de estas obras, entrega una soluci\u00f3n definitiva en materia de drenaje y evacuaci\u00f3n de aguas lluvias a estos sectores de la ciudad, mitigado de esta manera los da\u00f1os a la infraestructura privada como p\u00fablica\u201d, afirm\u00f3 el SEREMI del MOP (S).<\/p>\n<p style=\"text-align: justify;\">Cabe se\u00f1alar que, estas obras tienen como base la realizaci\u00f3n del estudio del Plan Maestro de Evacuaci\u00f3n y Drenaje de Aguas Lluvias de Puerto Ays\u00e9n efectuado por la Direcci\u00f3n de Obras Hidr\u00e1ulicas del MOP, quienes propusieron y priorizaron soluciones a los problemas de inundaciones identificados y se gener\u00f3 una planificaci\u00f3n para el desarrollo de la red de evacuaci\u00f3n y drenaje de aguas lluvias, la que concluy\u00f3 en la ejecuci\u00f3n del Dise\u00f1o de Colectores de Aguas Lluvias ciudad de Puerto Ays\u00e9n, el que tuvo como objetivo desarrollar un Dise\u00f1o detallado de las obras necesarias para la construcci\u00f3n de un conjunto de colectores y el mejoramiento de canales acorde a los lineamientos definidos en el Plan Maestro de Aguas Lluvias de Puerto Ays\u00e9n. Hoy gracias a la inversi\u00f3n que prioriz\u00f3 el gobierno del presidente Sebasti\u00e1n Pi\u00f1era, culmina este proceso con la construcci\u00f3n de todos estos colectores, los que hoy se encuentran finalizando su ejecuci\u00f3n.<\/p>\n<\/div><\/section><\/div><div  style='height:50px' class='hr hr-invisible   avia-builder-el-6  el_after_av_one_full  el_before_av_social_share '><span class='hr-inner ' ><span class='hr-inner-style'><\/span><\/span><\/div><\/p>\n<div  class='av-social-sharing-box  avia-builder-el-7  el_after_av_hr  el_before_av_hr  '><div class='av-share-box'><h5 class='av-share-link-description av-no-toc '>Compartir esta noticia<\/h5><ul class='av-share-box-list noLightbox'><li class='av-share-link av-social-link-facebook' ><a target=\"_blank\" aria-label=\"Compartir en Facebook\" href='https:\/\/www.facebook.com\/sharer.php?u=https:\/\/radiorevelacionfm.cl\/?p=14341&#038;t=Significativos%20cambios%20traer%C3%A1%20construcci%C3%B3n%20de%20colectores%20de%20aguas%20lluvias%20para%20vecinos%20y%20vecinas%20de%20Puerto%20Ays%C3%A9n' aria-hidden='false' data-av_icon='\ue8f3' data-av_iconfont='entypo-fontello' title='' data-avia-related-tooltip='Compartir en Facebook' rel=\"noopener\"><span class='avia_hidden_link_text'>Compartir en Facebook<\/span><\/a><\/li><li class='av-share-link av-social-link-twitter' ><a target=\"_blank\" aria-label=\"Compartir en Twitter\" href='https:\/\/twitter.com\/share?text=Significativos%20cambios%20traer%C3%A1%20construcci%C3%B3n%20de%20colectores%20de%20aguas%20lluvias%20para%20vecinos%20y%20vecinas%20de%20Puerto%20Ays%C3%A9n&#038;url=https:\/\/radiorevelacionfm.cl\/?p=14341' aria-hidden='false' data-av_icon='\ue8f1' data-av_iconfont='entypo-fontello' title='' data-avia-related-tooltip='Compartir en Twitter' rel=\"noopener\"><span class='avia_hidden_link_text'>Compartir en Twitter<\/span><\/a><\/li><li class='av-share-link av-social-link-whatsapp' ><a target=\"_blank\" aria-label=\"Compartir en Whatsapp\" href='https:\/\/api.whatsapp.com\/send?text=https:\/\/radiorevelacionfm.cl\/?p=14341' aria-hidden='false' data-av_icon='\uf232' data-av_iconfont='entypo-fontello' title='' data-avia-related-tooltip='Compartir en Whatsapp' rel=\"noopener\"><span class='avia_hidden_link_text'>Compartir en Whatsapp<\/span><\/a><\/li><li class='av-share-link av-social-link-linkedin' ><a target=\"_blank\" aria-label=\"Compartir en LinkedIn\" href='https:\/\/linkedin.com\/shareArticle?mini=true&#038;title=Significativos%20cambios%20traer%C3%A1%20construcci%C3%B3n%20de%20colectores%20de%20aguas%20lluvias%20para%20vecinos%20y%20vecinas%20de%20Puerto%20Ays%C3%A9n&#038;url=https:\/\/radiorevelacionfm.cl\/?p=14341' aria-hidden='false' data-av_icon='\ue8fc' data-av_iconfont='entypo-fontello' title='' data-avia-related-tooltip='Compartir en LinkedIn' rel=\"noopener\"><span class='avia_hidden_link_text'>Compartir en LinkedIn<\/span><\/a><\/li><li class='av-share-link av-social-link-mail' ><a  aria-label=\"Compartir por correo\" href='mailto:?subject=Significativos%20cambios%20traer%C3%A1%20construcci%C3%B3n%20de%20colectores%20de%20aguas%20lluvias%20para%20vecinos%20y%20vecinas%20de%20Puerto%20Ays%C3%A9n&#038;body=https:\/\/radiorevelacionfm.cl\/?p=14341' aria-hidden='false' data-av_icon='\ue805' data-av_iconfont='entypo-fontello' title='' data-avia-related-tooltip='Compartir por correo'><span class='avia_hidden_link_text'>Compartir por correo<\/span><\/a><\/li><\/ul><\/div><\/div>\n<div  style='height:50px' class='hr hr-invisible   avia-builder-el-8  el_after_av_social_share  el_before_av_comments_list '><span class='hr-inner ' ><span class='hr-inner-style'><\/span><\/span><\/div>\n<div  class='av-buildercomment  av-blog-meta-html-info-disabled av-blog-meta-tag-disabled  '><\/div>\n","protected":false},"excerpt":{"rendered":"","protected":false},"author":1,"featured_media":14342,"comment_status":"open","ping_status":"open","sticky":false,"template":"","format":"standard","meta":{"footnotes":""},"categories":[38],"tags":[],"class_list":["post-14341","post","type-post","status-publish","format-standard","has-post-thumbnail","hentry","category-regional"],"jetpack_featured_media_url":"https:\/\/radiorevelacionfm.cl\/wp-content\/uploads\/2022\/03\/colector-teniente-merino1-1-1.jpg","_links":{"self":[{"href":"https:\/\/radiorevelacionfm.cl\/index.php?rest_route=\/wp\/v2\/posts\/14341","targetHints":{"allow":["GET"]}}],"collection":[{"href":"https:\/\/radiorevelacionfm.cl\/index.php?rest_route=\/wp\/v2\/posts"}],"about":[{"href":"https:\/\/radiorevelacionfm.cl\/index.php?rest_route=\/wp\/v2\/types\/post"}],"author":[{"embeddable":true,"href":"https:\/\/radiorevelacionfm.cl\/index.php?rest_route=\/wp\/v2\/users\/1"}],"replies":[{"embeddable":true,"href":"https:\/\/radiorevelacionfm.cl\/index.php?rest_route=%2Fwp%2Fv2%2Fcomments&post=14341"}],"version-history":[{"count":2,"href":"https:\/\/radiorevelacionfm.cl\/index.php?rest_route=\/wp\/v2\/posts\/14341\/revisions"}],"predecessor-version":[{"id":14356,"href":"https:\/\/radiorevelacionfm.cl\/index.php?rest_route=\/wp\/v2\/posts\/14341\/revisions\/14356"}],"wp:featuredmedia":[{"embeddable":true,"href":"https:\/\/radiorevelacionfm.cl\/index.php?rest_route=\/wp\/v2\/media\/14342"}],"wp:attachment":[{"href":"https:\/\/radiorevelacionfm.cl\/index.php?rest_route=%2Fwp%2Fv2%2Fmedia&parent=14341"}],"wp:term":[{"taxonomy":"category","embeddable":true,"href":"https:\/\/radiorevelacionfm.cl\/index.php?rest_route=%2Fwp%2Fv2%2Fcategories&post=14341"},{"taxonomy":"post_tag","embeddable":true,"href":"https:\/\/radiorevelacionfm.cl\/index.php?rest_route=%2Fwp%2Fv2%2Ftags&post=14341"}],"curies":[{"name":"wp","href":"https:\/\/api.w.org\/{rel}","templated":true}]}}