{"id":14335,"date":"2022-03-07T17:34:27","date_gmt":"2022-03-07T20:34:27","guid":{"rendered":"https:\/\/radiorevelacionfm.cl\/?p=14335"},"modified":"2022-03-07T17:53:55","modified_gmt":"2022-03-07T20:53:55","slug":"en-plena-ejecucion-se-encuentran-disenos-de-infraestructura-portuaria-para-el-lago-elizalde-y-el-litoral-de-aysen","status":"publish","type":"post","link":"https:\/\/radiorevelacionfm.cl\/?p=14335","title":{"rendered":"En plena ejecuci\u00f3n se encuentran dise\u00f1os de infraestructura portuaria para Lago Elizalde y el Litoral de Ays\u00e9n"},"content":{"rendered":"<div class=\"flex_column av_one_full  flex_column_div av-zero-column-padding first  avia-builder-el-0  el_before_av_one_full  avia-builder-el-first  \" style='border-radius:0px; '><div  class='avia-image-container  av-styling-    avia-builder-el-1  avia-builder-el-no-sibling  avia-align-center '  itemprop=\"image\" itemscope=\"itemscope\" itemtype=\"https:\/\/schema.org\/ImageObject\"  ><div class='avia-image-container-inner'><div class='avia-image-overlay-wrap'><img decoding=\"async\" class='wp-image-14336 avia-img-lazy-loading-not-14336 avia_image' src=\"https:\/\/radiorevelacionfm.cl\/wp-content\/uploads\/2022\/03\/4-dop-1-1.jpg\" alt='' title='4-dop (1) (1)' height=\"600\" width=\"745\"  itemprop=\"thumbnailUrl\" srcset=\"https:\/\/radiorevelacionfm.cl\/wp-content\/uploads\/2022\/03\/4-dop-1-1.jpg 745w, https:\/\/radiorevelacionfm.cl\/wp-content\/uploads\/2022\/03\/4-dop-1-1-300x242.jpg 300w, https:\/\/radiorevelacionfm.cl\/wp-content\/uploads\/2022\/03\/4-dop-1-1-495x400.jpg 495w, https:\/\/radiorevelacionfm.cl\/wp-content\/uploads\/2022\/03\/4-dop-1-1-705x568.jpg 705w, https:\/\/radiorevelacionfm.cl\/wp-content\/uploads\/2022\/03\/4-dop-1-1-600x483.jpg 600w\" sizes=\"(max-width: 745px) 100vw, 745px\" \/><\/div><\/div><\/div><\/div>\n<div class=\"flex_column av_one_full  flex_column_div av-zero-column-padding first  avia-builder-el-2  el_after_av_one_full  el_before_av_one_full  column-top-margin\" style='border-radius:0px; '><section class=\"av_textblock_section \"  itemscope=\"itemscope\" itemtype=\"https:\/\/schema.org\/BlogPosting\" itemprop=\"blogPost\" ><div class='avia_textblock  '   itemprop=\"text\" ><p style=\"text-align: center;\"><strong><span style=\"font-size: 18pt;\">En plena ejecuci\u00f3n se encuentran dise\u00f1os de infraestructura portuaria para Lago Elizalde y el Litoral de Ays\u00e9n<\/span><\/strong><\/p>\n<div id=\"gtx-trans\" style=\"position: absolute; left: -50px; top: 4.31534px;\">\n<div class=\"gtx-trans-icon\"><\/div>\n<\/div>\n<\/div><\/section><\/div><div class=\"flex_column av_one_full  flex_column_div av-zero-column-padding first  avia-builder-el-4  el_after_av_one_full  el_before_av_hr  column-top-margin\" style='border-radius:0px; '><section class=\"av_textblock_section \"  itemscope=\"itemscope\" itemtype=\"https:\/\/schema.org\/BlogPosting\" itemprop=\"blogPost\" ><div class='avia_textblock  '   itemprop=\"text\" ><p style=\"text-align: justify;\">Un importante cambio vivir\u00e1n las miles de familias que regularmente visitan el lago Elizalde y la comunidad \u00a0del litoral que requieren mantenerse conectados con otros sectores de la regi\u00f3n, porque el Ministerio de Obras P\u00fablicas a trav\u00e9s de la Direcci\u00f3n Regional de Obras Portuarias se encuentra desarrollando los Dise\u00f1os que en el futuro permitir\u00e1n concretar el mejoramiento del Borde Costero en el lago Elizalde, ubicado en la comuna de Coyhaique y construir infraestructura portuaria en el r\u00edo Ays\u00e9n, en la comuna de Ays\u00e9n, as\u00ed lo inform\u00f3 hoy el Secretario Regional Ministerial de Obras P\u00fablicas (S) El\u00edas Fern\u00e1ndez Ni\u00f1o.<\/p>\n<p style=\"text-align: justify;\">\u201cEl Dise\u00f1o para construir infraestructura portuaria en el r\u00edo Ays\u00e9n, hoy se encuentra en su tercera etapa la que considera efectuar la ingenier\u00eda y arquitectura de detalles y finaliza su ejecuci\u00f3n el segundo semestre de este a\u00f1o. Con una inversi\u00f3n de $175 millones, este Dise\u00f1o considera la realizaci\u00f3n de los Estudios B\u00e1sicos y el Dise\u00f1o de Ingenier\u00eda y arquitectura de detalles, y una vez construido servir\u00e1 de apoyo a la conectividad, turismo, embarque y desembarque de animales y madera, siendo una infraestructura de conexi\u00f3n necesaria para los\/las habitantes del Litoral Sur. Este Dise\u00f1o, ser\u00e1 de gran utilidad para las vecinas y los vecinos del sector, y nuestro gobierno con \u00e9l est\u00e1 dando este primer paso conducente a concretar en el futuro esta obra y generar cambios con la generaci\u00f3n de infraestructura que contribuya a mejorar la calidad de vida de las personas y paralelamente, fomente el desarrollo productivo y tur\u00edstico del litoral\u201d, indic\u00f3 el SEREMI del MOP (S).<\/p>\n<p style=\"text-align: justify;\">Por otro lado, consultado respecto al lago Elizalde, El\u00edas Fern\u00e1ndez Ni\u00f1o se\u00f1al\u00f3 que \u201cel primer semestre de este a\u00f1o finalizar\u00e1 la realizaci\u00f3n del Dise\u00f1o completo de ingenier\u00eda y de arquitectura de detalles de todas las obras de mejoramiento del Borde Costero del lago Elizalde para preparar las bases de licitaci\u00f3n, las que posibilitar\u00e1n construir las obras proyectadas con el objeto de potenciar mediante la ejecuci\u00f3n de ellas el desarrollo tur\u00edstico, econ\u00f3mico, deportivo y recreativo de la comunidad de Coyhaique y del sector. Este Dise\u00f1o, a la fecha ha cumplido con todas las actividades de participaci\u00f3n ciudadana y se encuentra en la etapa de entrega del proyecto final. Considera la construcci\u00f3n de accesos a la playa, zona de picnic, zona de quinchos, espacio para juegos infantiles, paneles interpretativos, miradores, estacionamientos, \u00a0oficina de turismo, administraci\u00f3n, bodega, servicios higi\u00e9nicos. Todo el Dise\u00f1o considera accesibilidad universal, y cuenta con una inversi\u00f3n del gobierno del presidente Sebasti\u00e1n Pi\u00f1era a trav\u00e9s de la Direcci\u00f3n Regional de Obras Portuarias del MOP de $116 millones\u201d.<\/p>\n<\/div><\/section><\/div><\/p>\n<div  style='height:50px' class='hr hr-invisible   avia-builder-el-6  el_after_av_one_full  el_before_av_social_share '><span class='hr-inner ' ><span class='hr-inner-style'><\/span><\/span><\/div>\n<div  class='av-social-sharing-box  avia-builder-el-7  el_after_av_hr  el_before_av_hr  '><div class='av-share-box'><h5 class='av-share-link-description av-no-toc '>Compartir esta noticia<\/h5><ul class='av-share-box-list noLightbox'><li class='av-share-link av-social-link-facebook' ><a target=\"_blank\" aria-label=\"Compartir en Facebook\" href='https:\/\/www.facebook.com\/sharer.php?u=https:\/\/radiorevelacionfm.cl\/?p=14335&#038;t=En%20plena%20ejecuci%C3%B3n%20se%20encuentran%20dise%C3%B1os%20de%20infraestructura%20portuaria%20para%20Lago%20Elizalde%20y%20el%20Litoral%20de%20Ays%C3%A9n' aria-hidden='false' data-av_icon='\ue8f3' data-av_iconfont='entypo-fontello' title='' data-avia-related-tooltip='Compartir en Facebook' rel=\"noopener\"><span class='avia_hidden_link_text'>Compartir en Facebook<\/span><\/a><\/li><li class='av-share-link av-social-link-twitter' ><a target=\"_blank\" aria-label=\"Compartir en Twitter\" href='https:\/\/twitter.com\/share?text=En%20plena%20ejecuci%C3%B3n%20se%20encuentran%20dise%C3%B1os%20de%20infraestructura%20portuaria%20para%20Lago%20Elizalde%20y%20el%20Litoral%20de%20Ays%C3%A9n&#038;url=https:\/\/radiorevelacionfm.cl\/?p=14335' aria-hidden='false' data-av_icon='\ue8f1' data-av_iconfont='entypo-fontello' title='' data-avia-related-tooltip='Compartir en Twitter' rel=\"noopener\"><span class='avia_hidden_link_text'>Compartir en Twitter<\/span><\/a><\/li><li class='av-share-link av-social-link-whatsapp' ><a target=\"_blank\" aria-label=\"Compartir en Whatsapp\" href='https:\/\/api.whatsapp.com\/send?text=https:\/\/radiorevelacionfm.cl\/?p=14335' aria-hidden='false' data-av_icon='\uf232' data-av_iconfont='entypo-fontello' title='' data-avia-related-tooltip='Compartir en Whatsapp' rel=\"noopener\"><span class='avia_hidden_link_text'>Compartir en Whatsapp<\/span><\/a><\/li><li class='av-share-link av-social-link-linkedin' ><a target=\"_blank\" aria-label=\"Compartir en LinkedIn\" href='https:\/\/linkedin.com\/shareArticle?mini=true&#038;title=En%20plena%20ejecuci%C3%B3n%20se%20encuentran%20dise%C3%B1os%20de%20infraestructura%20portuaria%20para%20Lago%20Elizalde%20y%20el%20Litoral%20de%20Ays%C3%A9n&#038;url=https:\/\/radiorevelacionfm.cl\/?p=14335' aria-hidden='false' data-av_icon='\ue8fc' data-av_iconfont='entypo-fontello' title='' data-avia-related-tooltip='Compartir en LinkedIn' rel=\"noopener\"><span class='avia_hidden_link_text'>Compartir en LinkedIn<\/span><\/a><\/li><li class='av-share-link av-social-link-mail' ><a  aria-label=\"Compartir por correo\" href='mailto:?subject=En%20plena%20ejecuci%C3%B3n%20se%20encuentran%20dise%C3%B1os%20de%20infraestructura%20portuaria%20para%20Lago%20Elizalde%20y%20el%20Litoral%20de%20Ays%C3%A9n&#038;body=https:\/\/radiorevelacionfm.cl\/?p=14335' aria-hidden='false' data-av_icon='\ue805' data-av_iconfont='entypo-fontello' title='' data-avia-related-tooltip='Compartir por correo'><span class='avia_hidden_link_text'>Compartir por correo<\/span><\/a><\/li><\/ul><\/div><\/div>\n<div  style='height:50px' class='hr hr-invisible   avia-builder-el-8  el_after_av_social_share  el_before_av_comments_list '><span class='hr-inner ' ><span class='hr-inner-style'><\/span><\/span><\/div>\n<div  class='av-buildercomment  av-blog-meta-html-info-disabled av-blog-meta-tag-disabled  '><\/div>\n","protected":false},"excerpt":{"rendered":"","protected":false},"author":1,"featured_media":14336,"comment_status":"open","ping_status":"open","sticky":false,"template":"","format":"standard","meta":{"footnotes":""},"categories":[38],"tags":[],"class_list":["post-14335","post","type-post","status-publish","format-standard","has-post-thumbnail","hentry","category-regional"],"jetpack_featured_media_url":"https:\/\/radiorevelacionfm.cl\/wp-content\/uploads\/2022\/03\/4-dop-1-1.jpg","_links":{"self":[{"href":"https:\/\/radiorevelacionfm.cl\/index.php?rest_route=\/wp\/v2\/posts\/14335","targetHints":{"allow":["GET"]}}],"collection":[{"href":"https:\/\/radiorevelacionfm.cl\/index.php?rest_route=\/wp\/v2\/posts"}],"about":[{"href":"https:\/\/radiorevelacionfm.cl\/index.php?rest_route=\/wp\/v2\/types\/post"}],"author":[{"embeddable":true,"href":"https:\/\/radiorevelacionfm.cl\/index.php?rest_route=\/wp\/v2\/users\/1"}],"replies":[{"embeddable":true,"href":"https:\/\/radiorevelacionfm.cl\/index.php?rest_route=%2Fwp%2Fv2%2Fcomments&post=14335"}],"version-history":[{"count":3,"href":"https:\/\/radiorevelacionfm.cl\/index.php?rest_route=\/wp\/v2\/posts\/14335\/revisions"}],"predecessor-version":[{"id":14344,"href":"https:\/\/radiorevelacionfm.cl\/index.php?rest_route=\/wp\/v2\/posts\/14335\/revisions\/14344"}],"wp:featuredmedia":[{"embeddable":true,"href":"https:\/\/radiorevelacionfm.cl\/index.php?rest_route=\/wp\/v2\/media\/14336"}],"wp:attachment":[{"href":"https:\/\/radiorevelacionfm.cl\/index.php?rest_route=%2Fwp%2Fv2%2Fmedia&parent=14335"}],"wp:term":[{"taxonomy":"category","embeddable":true,"href":"https:\/\/radiorevelacionfm.cl\/index.php?rest_route=%2Fwp%2Fv2%2Fcategories&post=14335"},{"taxonomy":"post_tag","embeddable":true,"href":"https:\/\/radiorevelacionfm.cl\/index.php?rest_route=%2Fwp%2Fv2%2Ftags&post=14335"}],"curies":[{"name":"wp","href":"https:\/\/api.w.org\/{rel}","templated":true}]}}