{"id":14329,"date":"2022-03-08T15:57:31","date_gmt":"2022-03-08T18:57:31","guid":{"rendered":"https:\/\/radiorevelacionfm.cl\/?p=14329"},"modified":"2022-03-08T15:57:31","modified_gmt":"2022-03-08T18:57:31","slug":"dia-internacional-de-la-mujer-trabajadora-convenio-de-colaboracion-sella-compromiso-con-las-emprendedoras-de-la-region-de-aysen","status":"publish","type":"post","link":"https:\/\/radiorevelacionfm.cl\/?p=14329","title":{"rendered":"D\u00eda Internacional de la Mujer Trabajadora: convenio de colaboraci\u00f3n, sella compromiso con las emprendedoras de la regi\u00f3n de Ays\u00e9n"},"content":{"rendered":"<div class=\"flex_column av_one_full  flex_column_div av-zero-column-padding first  avia-builder-el-0  el_before_av_one_full  avia-builder-el-first  \" style='border-radius:0px; '><div  class='avia-image-container  av-styling-    avia-builder-el-1  avia-builder-el-no-sibling  avia-align-center '  itemprop=\"image\" itemscope=\"itemscope\" itemtype=\"https:\/\/schema.org\/ImageObject\"  ><div class='avia-image-container-inner'><div class='avia-image-overlay-wrap'><img decoding=\"async\" class='wp-image-14330 avia-img-lazy-loading-not-14330 avia_image' src=\"https:\/\/radiorevelacionfm.cl\/wp-content\/uploads\/2022\/03\/foto-convenio1-1-1.jpg\" alt='' title='foto convenio1 (1) (1)' height=\"600\" width=\"999\"  itemprop=\"thumbnailUrl\" srcset=\"https:\/\/radiorevelacionfm.cl\/wp-content\/uploads\/2022\/03\/foto-convenio1-1-1.jpg 999w, https:\/\/radiorevelacionfm.cl\/wp-content\/uploads\/2022\/03\/foto-convenio1-1-1-300x180.jpg 300w, https:\/\/radiorevelacionfm.cl\/wp-content\/uploads\/2022\/03\/foto-convenio1-1-1-768x461.jpg 768w, https:\/\/radiorevelacionfm.cl\/wp-content\/uploads\/2022\/03\/foto-convenio1-1-1-705x423.jpg 705w, https:\/\/radiorevelacionfm.cl\/wp-content\/uploads\/2022\/03\/foto-convenio1-1-1-600x360.jpg 600w\" sizes=\"(max-width: 999px) 100vw, 999px\" \/><\/div><\/div><\/div><\/div><div class=\"flex_column av_one_full  flex_column_div av-zero-column-padding first  avia-builder-el-2  el_after_av_one_full  el_before_av_one_full  column-top-margin\" style='border-radius:0px; '><section class=\"av_textblock_section \"  itemscope=\"itemscope\" itemtype=\"https:\/\/schema.org\/BlogPosting\" itemprop=\"blogPost\" ><div class='avia_textblock  '   itemprop=\"text\" ><p style=\"text-align: center;\"><strong><span style=\"font-size: 18pt;\">D\u00eda Internacional de la Mujer Trabajadora: convenio de colaboraci\u00f3n, sella compromiso con las emprendedoras de la regi\u00f3n de Ays\u00e9n<\/span><\/strong><\/p>\n<div id=\"gtx-trans\" style=\"position: absolute; left: -50px; top: 4.31534px;\">\n<div class=\"gtx-trans-icon\"><\/div>\n<\/div>\n<\/div><\/section><\/div><div class=\"flex_column av_one_full  flex_column_div av-zero-column-padding first  avia-builder-el-4  el_after_av_one_full  el_before_av_hr  column-top-margin\" style='border-radius:0px; '><section class=\"av_textblock_section \"  itemscope=\"itemscope\" itemtype=\"https:\/\/schema.org\/BlogPosting\" itemprop=\"blogPost\" ><div class='avia_textblock  '   itemprop=\"text\" ><p style=\"text-align: justify;\">Como parte de las acciones en el marco del d\u00eda internacional de la Mujer Trabajadora. La ma\u00f1ana del lunes las Secretarias Regionales Ministeriales de la Mujer y la Equidad de G\u00e9nero y Bienes Nacionales, firmaron un acuerdo de colaboraci\u00f3n que permitir\u00e1 favorecer la realizaci\u00f3n de la \u201cFeria Mujer Emprendedora Ays\u00e9n\u201d.<\/p>\n<p style=\"text-align: justify;\">\u201cComo Ministerio nos propusimos promover y facilitar la autonom\u00eda econ\u00f3mica de la Mujer y para esto, se requieren no s\u00f3lo de m\u00faltiples acciones sino adem\u00e1s el compromiso de todos los sectores, cada uno desde el espacio que pueda contribuir. Durante la pandemia una de las mayores dificultades que observamos junto a las emprendedoras con las que ven\u00edamos trabajando fue la imposibilidad de instalar Ferias que permitiesen que ellas comercializaran sus productos. Situaci\u00f3n que durante el a\u00f1o 2021 pudimos revertir a trav\u00e9s de la iniciativa que nace de esta Secretar\u00eda Regional y que apoyados por la Seremi de Bienes Nacionales nos permiti\u00f3 desplegar en m\u00e1s de una ocasi\u00f3n y en dependencias de Bines Nacionales nuestra ya conocida \u201cFeria Mujer Emprendedora Ays\u00e9n\u201d. Situaci\u00f3n que fue altamente valorada por las participantes y espacio que esperamos siga siendo utilizado a favor de estas y otras emprendedoras, puesto que sabemos que apoyar instancias de desarrollo econ\u00f3mico como estas, son adem\u00e1s una oportunidad de generaci\u00f3n de dinero, una oportunidad de promover la autonom\u00eda y a la larga prevenir la violencia contra la mujer\u201d. Se\u00f1al\u00f3 la Seremi B\u00e1rbara Ort\u00fazar.<\/p>\n<p style=\"text-align: justify;\">La Feria que se viene realizando desde el a\u00f1o 2019, inicialmente en alianza con Sodimac Coyhaique, sum\u00f3 espacios como los de la Ex Gobernaci\u00f3n de Coyhaique iniciando una suma de eventos que en pandemia debi\u00f3 trasladarse al espacio digital, lo cual permite en ese momento, crear el 1er Cat\u00e1logo con emprendimientos femeninos regionales. Posteriormente, y en un lugar facilitado por la Secretaria Regional Ministerial de Bienes Nacionales se reedita la Feria y a trav\u00e9s de la firma del presente convenio de colaboraci\u00f3n, se sella una alianza que favorecer\u00e1 adem\u00e1s de a este grupo inicial de mujeres trabajadoras a otras que, como las campesinas de la Mesa de la Mujer Rural, puedan usarlo a trav\u00e9s de las gestiones con la Seremi de la Mujer y la Equidad de G\u00e9nero regional.<\/p>\n<p style=\"text-align: justify;\">Por su parte la Seremi de Bienes Nacionales explic\u00f3 \u201cEn este convenio queremos garantizar de alguna manera el espacio que nosotros hemos estado facilit\u00e1ndoles siempre al Ministerio de la Mujer para que las productoras locales puedan exponer sus trabajos, sus artesan\u00edas, sus mermeladas y todo lo que ellas producen, muchas de ellas en el campo y, tambi\u00e9n en talleres artesanales ac\u00e1 en Coyhaique. Aqu\u00ed los exponen y nuestro inmueble est\u00e1 ubicado muy c\u00e9ntrico, por lo tanto, es de mucha utilidad para las artesanas y productoras locales exhibir sus productos en nuestro Ministerio. Por eso firmamos este convenio, para poder tener la garant\u00eda de que esto va a continuar, porque es de mucha utilidad para las mujeres emprendedoras de la regi\u00f3n y en particular de Coyhaique y alrededores. Esto les va a permitir tener la autonom\u00eda econ\u00f3mica que tanto necesitamos las mujeres para desarrollarnos en la vida, as\u00ed que feliz de contribuir con este espacio para las mujeres emprendedoras de la regi\u00f3n de Ays\u00e9n\u201d concluy\u00f3 Ana Mar\u00eda Mora.<\/p>\n<p style=\"text-align: justify;\">El llamado de la autoridad es a seguir reforzando estos espacios y con esto apoyar el emprendimiento local \u201cSabemos que la pandemia afect\u00f3 fuertemente el empleo femenino, la red de cuidados disminuida oblig\u00f3 a muchas a dejar sus trabajos habituales y m\u00e1s que decaer vimos que siguieron luchando, reformulando sus trabajos e incluso descubriendo nuevas habilidades. Es por esto que sumar espacios de comercializaci\u00f3n es tan importante, nuestro mensaje a las mujeres es que se atrevan, pero sin nuestro apoyo se les hace mucho m\u00e1s complejo. Por esto agradezco a la Seremi de Bienes Nacionales quien siempre se mostr\u00f3 dispuesta a apoyarnos en esta tarea\u201d refuerza la representante de la cartera Mujer y Equidad de G\u00e9nero en la regi\u00f3n de Ays\u00e9n.<\/p>\n<\/div><\/section><\/div><div  style='height:50px' class='hr hr-invisible   avia-builder-el-6  el_after_av_one_full  el_before_av_social_share '><span class='hr-inner ' ><span class='hr-inner-style'><\/span><\/span><\/div><\/p>\n<div  class='av-social-sharing-box  avia-builder-el-7  el_after_av_hr  el_before_av_hr  '><div class='av-share-box'><h5 class='av-share-link-description av-no-toc '>Compartir esta noticia<\/h5><ul class='av-share-box-list noLightbox'><li class='av-share-link av-social-link-facebook' ><a target=\"_blank\" aria-label=\"Compartir en Facebook\" href='https:\/\/www.facebook.com\/sharer.php?u=https:\/\/radiorevelacionfm.cl\/?p=14329&#038;t=D%C3%ADa%20Internacional%20de%20la%20Mujer%20Trabajadora%3A%20convenio%20de%20colaboraci%C3%B3n%2C%20sella%20compromiso%20con%20las%20emprendedoras%20de%20la%20regi%C3%B3n%20de%20Ays%C3%A9n' aria-hidden='false' data-av_icon='\ue8f3' data-av_iconfont='entypo-fontello' title='' data-avia-related-tooltip='Compartir en Facebook' rel=\"noopener\"><span class='avia_hidden_link_text'>Compartir en Facebook<\/span><\/a><\/li><li class='av-share-link av-social-link-twitter' ><a target=\"_blank\" aria-label=\"Compartir en Twitter\" href='https:\/\/twitter.com\/share?text=D%C3%ADa%20Internacional%20de%20la%20Mujer%20Trabajadora%3A%20convenio%20de%20colaboraci%C3%B3n%2C%20sella%20compromiso%20con%20las%20emprendedoras%20de%20la%20regi%C3%B3n%20de%20Ays%C3%A9n&#038;url=https:\/\/radiorevelacionfm.cl\/?p=14329' aria-hidden='false' data-av_icon='\ue8f1' data-av_iconfont='entypo-fontello' title='' data-avia-related-tooltip='Compartir en Twitter' rel=\"noopener\"><span class='avia_hidden_link_text'>Compartir en Twitter<\/span><\/a><\/li><li class='av-share-link av-social-link-whatsapp' ><a target=\"_blank\" aria-label=\"Compartir en Whatsapp\" href='https:\/\/api.whatsapp.com\/send?text=https:\/\/radiorevelacionfm.cl\/?p=14329' aria-hidden='false' data-av_icon='\uf232' data-av_iconfont='entypo-fontello' title='' data-avia-related-tooltip='Compartir en Whatsapp' rel=\"noopener\"><span class='avia_hidden_link_text'>Compartir en Whatsapp<\/span><\/a><\/li><li class='av-share-link av-social-link-linkedin' ><a target=\"_blank\" aria-label=\"Compartir en LinkedIn\" href='https:\/\/linkedin.com\/shareArticle?mini=true&#038;title=D%C3%ADa%20Internacional%20de%20la%20Mujer%20Trabajadora%3A%20convenio%20de%20colaboraci%C3%B3n%2C%20sella%20compromiso%20con%20las%20emprendedoras%20de%20la%20regi%C3%B3n%20de%20Ays%C3%A9n&#038;url=https:\/\/radiorevelacionfm.cl\/?p=14329' aria-hidden='false' data-av_icon='\ue8fc' data-av_iconfont='entypo-fontello' title='' data-avia-related-tooltip='Compartir en LinkedIn' rel=\"noopener\"><span class='avia_hidden_link_text'>Compartir en LinkedIn<\/span><\/a><\/li><li class='av-share-link av-social-link-mail' ><a  aria-label=\"Compartir por correo\" href='mailto:?subject=D%C3%ADa%20Internacional%20de%20la%20Mujer%20Trabajadora%3A%20convenio%20de%20colaboraci%C3%B3n%2C%20sella%20compromiso%20con%20las%20emprendedoras%20de%20la%20regi%C3%B3n%20de%20Ays%C3%A9n&#038;body=https:\/\/radiorevelacionfm.cl\/?p=14329' aria-hidden='false' data-av_icon='\ue805' data-av_iconfont='entypo-fontello' title='' data-avia-related-tooltip='Compartir por correo'><span class='avia_hidden_link_text'>Compartir por correo<\/span><\/a><\/li><\/ul><\/div><\/div>\n<div  style='height:50px' class='hr hr-invisible   avia-builder-el-8  el_after_av_social_share  el_before_av_comments_list '><span class='hr-inner ' ><span class='hr-inner-style'><\/span><\/span><\/div>\n<div  class='av-buildercomment  av-blog-meta-html-info-disabled av-blog-meta-tag-disabled  '><\/div>\n","protected":false},"excerpt":{"rendered":"","protected":false},"author":1,"featured_media":14330,"comment_status":"open","ping_status":"open","sticky":false,"template":"","format":"standard","meta":{"footnotes":""},"categories":[38],"tags":[],"class_list":["post-14329","post","type-post","status-publish","format-standard","has-post-thumbnail","hentry","category-regional"],"jetpack_featured_media_url":"https:\/\/radiorevelacionfm.cl\/wp-content\/uploads\/2022\/03\/foto-convenio1-1-1.jpg","_links":{"self":[{"href":"https:\/\/radiorevelacionfm.cl\/index.php?rest_route=\/wp\/v2\/posts\/14329","targetHints":{"allow":["GET"]}}],"collection":[{"href":"https:\/\/radiorevelacionfm.cl\/index.php?rest_route=\/wp\/v2\/posts"}],"about":[{"href":"https:\/\/radiorevelacionfm.cl\/index.php?rest_route=\/wp\/v2\/types\/post"}],"author":[{"embeddable":true,"href":"https:\/\/radiorevelacionfm.cl\/index.php?rest_route=\/wp\/v2\/users\/1"}],"replies":[{"embeddable":true,"href":"https:\/\/radiorevelacionfm.cl\/index.php?rest_route=%2Fwp%2Fv2%2Fcomments&post=14329"}],"version-history":[{"count":2,"href":"https:\/\/radiorevelacionfm.cl\/index.php?rest_route=\/wp\/v2\/posts\/14329\/revisions"}],"predecessor-version":[{"id":14364,"href":"https:\/\/radiorevelacionfm.cl\/index.php?rest_route=\/wp\/v2\/posts\/14329\/revisions\/14364"}],"wp:featuredmedia":[{"embeddable":true,"href":"https:\/\/radiorevelacionfm.cl\/index.php?rest_route=\/wp\/v2\/media\/14330"}],"wp:attachment":[{"href":"https:\/\/radiorevelacionfm.cl\/index.php?rest_route=%2Fwp%2Fv2%2Fmedia&parent=14329"}],"wp:term":[{"taxonomy":"category","embeddable":true,"href":"https:\/\/radiorevelacionfm.cl\/index.php?rest_route=%2Fwp%2Fv2%2Fcategories&post=14329"},{"taxonomy":"post_tag","embeddable":true,"href":"https:\/\/radiorevelacionfm.cl\/index.php?rest_route=%2Fwp%2Fv2%2Ftags&post=14329"}],"curies":[{"name":"wp","href":"https:\/\/api.w.org\/{rel}","templated":true}]}}