{"id":14325,"date":"2022-03-07T16:39:41","date_gmt":"2022-03-07T19:39:41","guid":{"rendered":"https:\/\/radiorevelacionfm.cl\/?p=14325"},"modified":"2022-03-07T16:39:41","modified_gmt":"2022-03-07T19:39:41","slug":"corte-confirma-condena-de-10-anos-de-presidio-de-ex-alcalde-de-guaitecas-por-malversacion-de-caudales-publicos","status":"publish","type":"post","link":"https:\/\/radiorevelacionfm.cl\/?p=14325","title":{"rendered":"Corte confirma condena de 10 a\u00f1os de presidio de ex alcalde de Guaitecas por malversaci\u00f3n de caudales p\u00fablicos"},"content":{"rendered":"<div class=\"flex_column av_one_full  flex_column_div av-zero-column-padding first  avia-builder-el-0  el_before_av_one_full  avia-builder-el-first  \" style='border-radius:0px; '><div  class='avia-image-container  av-styling-    avia-builder-el-1  avia-builder-el-no-sibling  avia-align-center '  itemprop=\"image\" itemscope=\"itemscope\" itemtype=\"https:\/\/schema.org\/ImageObject\"  ><div class='avia-image-container-inner'><div class='avia-image-overlay-wrap'><img decoding=\"async\" class='wp-image-14326 avia-img-lazy-loading-not-14326 avia_image' src=\"https:\/\/radiorevelacionfm.cl\/wp-content\/uploads\/2022\/03\/foto-2-audiencia-virtual-1_optimized.jpg\" alt='' title='foto-2-audiencia-virtual--(1)_optimized' height=\"600\" width=\"1075\"  itemprop=\"thumbnailUrl\" srcset=\"https:\/\/radiorevelacionfm.cl\/wp-content\/uploads\/2022\/03\/foto-2-audiencia-virtual-1_optimized.jpg 1075w, https:\/\/radiorevelacionfm.cl\/wp-content\/uploads\/2022\/03\/foto-2-audiencia-virtual-1_optimized-300x167.jpg 300w, https:\/\/radiorevelacionfm.cl\/wp-content\/uploads\/2022\/03\/foto-2-audiencia-virtual-1_optimized-1030x575.jpg 1030w, https:\/\/radiorevelacionfm.cl\/wp-content\/uploads\/2022\/03\/foto-2-audiencia-virtual-1_optimized-768x429.jpg 768w, https:\/\/radiorevelacionfm.cl\/wp-content\/uploads\/2022\/03\/foto-2-audiencia-virtual-1_optimized-705x393.jpg 705w, https:\/\/radiorevelacionfm.cl\/wp-content\/uploads\/2022\/03\/foto-2-audiencia-virtual-1_optimized-600x335.jpg 600w\" sizes=\"(max-width: 1075px) 100vw, 1075px\" \/><\/div><\/div><\/div><\/div><div class=\"flex_column av_one_full  flex_column_div av-zero-column-padding first  avia-builder-el-2  el_after_av_one_full  el_before_av_one_full  column-top-margin\" style='border-radius:0px; '><section class=\"av_textblock_section \"  itemscope=\"itemscope\" itemtype=\"https:\/\/schema.org\/BlogPosting\" itemprop=\"blogPost\" ><div class='avia_textblock  '   itemprop=\"text\" ><p style=\"text-align: center;\"><strong><span style=\"font-size: 18pt;\">Corte confirma condena de 10 a\u00f1os de presidio de ex alcalde de Guaitecas por malversaci\u00f3n de caudales p\u00fablicos<\/span><\/strong><\/p>\n<div id=\"gtx-trans\" style=\"position: absolute; left: -50px; top: 4.31534px;\">\n<div class=\"gtx-trans-icon\"><\/div>\n<\/div>\n<\/div><\/section><\/div><div class=\"flex_column av_one_full  flex_column_div av-zero-column-padding first  avia-builder-el-4  el_after_av_one_full  el_before_av_hr  column-top-margin\" style='border-radius:0px; '><section class=\"av_textblock_section \"  itemscope=\"itemscope\" itemtype=\"https:\/\/schema.org\/BlogPosting\" itemprop=\"blogPost\" ><div class='avia_textblock  '   itemprop=\"text\" ><p class=\"v1MsoNormal\" style=\"text-align: justify;\">La Corte de Apelaciones de Coyhaique confirm\u00f3 la sentencia que conden\u00f3 a Cristi\u00e1n Alejandro Alvarado Oyarzo, exalcalde de la comuna de Guaitecas, a la pena de 10\u00a0 a\u00f1os de presidio efectivo, en calidad de autor del delito de malversaci\u00f3n de caudales p\u00fablicos. Il\u00edcito perpetrado entre enero de 2013 y agosto de 2016, en perjuicios de las arcas fiscales del municipio.<\/p>\n<p class=\"v1MsoNormal\" style=\"text-align: justify;\">En fallo un\u00e1nime (causa rol 21-2022), la Primera Sala del tribunal de alzada \u2013integrada por los ministros Sergio Mora Vallejos, Jos\u00e9 Ignacio Mora Trujillo y Natalia Rencoret Oliva\u2013rechaz\u00f3, adem\u00e1s, los recursos de nulidad interpuestos por las defensas de Cristi\u00e1n Dagoberto Tauda Krema y Luis Marcelo Meli\u00e1n Oyarzo, condenados a 7 a\u00f1os y 182 d\u00edas de presidio efectivo, como autores del delito consumado\u00a0 de fraude al fisco en la Municipalidad de Guaitecas, entre 2012 y agosto de 2016 y entre enero de 2013 y agosto de 2016, respectivamente.<\/p>\n<p class=\"v1MsoNormal\" style=\"text-align: justify;\">\u00ab(&#8230;) la sentencia, en su considerando Vig\u00e9simo Sexto, al momento de calificar jur\u00eddicamente los hechos acreditados y dar por comprobada la participaci\u00f3n de los acusados, quienes intervinieron en calidad de autor ejecutor, conforme a las conclusiones f\u00e1cticas expuestas, logra justificar t\u00edpica y antijur\u00eddicamente el delito consumado de malversaci\u00f3n de caudales p\u00fablicos, previsto y sancionado en el art\u00edculo 233 N\u00b03 del C\u00f3digo Penal para el caso de Cristi\u00e1n Alejandro Alvarado Oyarzo; y del delito consumado de fraude al fisco, previsto y sancionado en el art\u00edculo 239 N\u00b03 del C\u00f3digo Penal, en calidad de autor, respecto de Cristi\u00e1n Tauda Krema y Luis Marcelo Meli\u00e1n Oyarzo\u00bb, sostiene el fallo.<\/p>\n<p class=\"v1MsoNormal\" style=\"text-align: justify;\">La resoluci\u00f3n agrega que: \u00ab(&#8230;) as\u00ed las cosas, estos sentenciadores comparten las conclusiones arribadas por los jueces de la instancia, toda vez, que de acuerdo con la valoraci\u00f3n de la prueba efectuada han aplicado correctamente la normativa legal vigente, esto es, la aplicaci\u00f3n del art\u00edculo 233 N\u00b03 del C\u00f3digo Penal, no advirti\u00e9ndose una err\u00f3nea aplicaci\u00f3n del derecho que hubiere influido sustancialmente en lo dispositivo del fallo, por lo que se fallar\u00e1 en consecuencia\u00bb.<\/p>\n<p class=\"v1MsoNormal\" style=\"text-align: justify;\">Por tanto, se resuelve:<\/p>\n<p class=\"v1MsoNormal\" style=\"text-align: justify;\"><b>\u00abI.\u00a0EN CUANTO AL RECURSO DE NULIDAD INTERPUESTO A FAVOR DEL CONDENADO CRISTI\u00c1N TAUDA KREMA:\u00a0<\/b><\/p>\n<p class=\"v1MsoNormal\" style=\"text-align: justify;\">Que,\u00a0<b>SE RECHAZA<\/b>\u00a0el recurso de nulidad interpuesto de manera subsidiaria a la causal principal, fundado en la causal del art\u00edculo 374 letra e), del C\u00f3digo Procesal Penal, en relaci\u00f3n con los art\u00edculos 342 letra c) y 297 del mismo cuerpo legal, en la causal del art\u00edculo 374 letra f), en relaci\u00f3n con los art\u00edculos 341 del mismo cuerpo legal, en la causal del art\u00edculo 373 letra b) del C\u00f3digo Procesal Penal, en relaci\u00f3n con el art\u00edculo 11 N\u00b0 9 del C\u00f3digo Penal, deducido por la Defensora Penal P\u00fablica, do\u00f1a Oriana Mac\u00edas Correa, en contra de la sentencia definitiva de fecha veinte de diciembre de dos mil veintiuno, dictada por el Tribunal de Juicio Oral en lo Penal de Coyhaique, conforme a la cual se conden\u00f3 a su representado a la pena efectiva de 7 a\u00f1os y 182 d\u00edas de presidio mayor en su grado m\u00ednimo, como autor del delito consumado de fraude al fisco, previsto y sancionado en el art\u00edculo 239 N\u00b03 del C\u00f3digo Penal, m\u00e1s la accesoria de inhabilitaci\u00f3n absoluta temporal para cargos, empleos u oficios p\u00fablicos en su grado m\u00e1ximo; pena de multa del 5% (cinco por ciento) del perjuicio causado por el il\u00edcito cometido en fecha indeterminada, desde el a\u00f1o 2012 a los primeros d\u00edas del mes agosto de 2016, en perjuicio las cuentas fiscales de la Municipalidad de Las Guaitecas.<\/p>\n<p class=\"v1MsoNormal\" style=\"text-align: justify;\">Que, en consecuencia, la sentencia\u00a0<b>NO ES NULA<\/b>, como tampoco el Juicio Oral en la que se dict\u00f3.<\/p>\n<p class=\"v1MsoNormal\" style=\"text-align: justify;\"><b>II.\u00a0RECURSO DE NULIDAD INTERPUESTO A FAVOR DEL CONDENADO LUIS MARCELO MELI\u00c1N OYARZO:<\/b><\/p>\n<p class=\"v1MsoNormal\" style=\"text-align: justify;\">Que,\u00a0<b>SE RECHAZA<\/b>\u00a0el recurso de nulidad interpuesto, fundado en la causal del art\u00edculo 373 letra b), del C\u00f3digo Procesal Penal, en\u00a0 relaci\u00f3n con el art\u00edculo 239 del C\u00f3digo Penal, deducido por el Defensor Privado don Juan Sebasti\u00e1n Gonz\u00e1lez Vega, en contra de la sentencia definitiva de fecha veinte de diciembre de dos mil veintiuno, dictada por el Tribunal de Juicio Oral en lo Penal de Coyhaique, conforme a la cual se conden\u00f3 a su representado, a la pena efectiva de 7 a\u00f1os y 182 d\u00edas de presidio mayor en su grado m\u00ednimo, como autor del delito consumado de fraude al fisco, previsto y sancionado en el art\u00edculo 239 N\u00b03 del C\u00f3digo Penal, m\u00e1s la accesoria de inhabilitaci\u00f3n absoluta temporal para cargos, empleos u oficios p\u00fablicos en su grado m\u00e1ximo; pena de multa del 5% (cinco por ciento) del perjuicio causado por el il\u00edcito cometido entre los meses de enero de 2013 y los primeros d\u00edas del mes agosto de 2016, en perjuicio las cuentas fiscales de la Municipalidad de Las Guaitecas.<\/p>\n<p class=\"v1MsoNormal\" style=\"text-align: justify;\">Que, en consecuencia, la sentencia\u00a0<b>NO ES NULA<\/b>, como tampoco el Juicio Oral en la que se dict\u00f3.<\/p>\n<p class=\"v1MsoNormal\" style=\"text-align: justify;\"><b>III.\u00a0\u00a0RECURSO INTERPUESTO POR CRISTI\u00c1N ALVARADO:<\/b><\/p>\n<p class=\"v1MsoNormal\" style=\"text-align: justify;\">Que,\u00a0<b>SE RECHAZA<\/b>\u00a0el recurso de nulidad interpuesto de manera principal, fundado en la causal del art\u00edculo 374 letra e), del C\u00f3digo Procesal Penal, en relaci\u00f3n con el art\u00edculo 342 letra c), y, a su vez con el art\u00edculo 297 del mismo cuerpo legal, en relaci\u00f3n con el art\u00edculo 233 N\u00b03 del C\u00f3digo Penal, y subsidiariamente en la causal del art\u00edculo 374 letra e), del C\u00f3digo Procesal Penal, en relaci\u00f3n con el art\u00edculo 342 letra c), y, a su vez con el art\u00edculo 297 del mismo cuerpo legal, en relaci\u00f3n con el art\u00edculo 11 N\u00b09 del C\u00f3digo Penal, en la causal del\u00a0art\u00edculo 373 letra b), del C\u00f3digo Procesal Penal, en relaci\u00f3n con el art\u00edculo 233 y 234 del C\u00f3digo Penal, y, a su vez en relaci\u00f3n con el art\u00edculo 233 N\u00b03 del C\u00f3digo Penal, en la causal del art\u00edculo 373 letra b), del C\u00f3digo Procesal Penal, en relaci\u00f3n con el art\u00edculo 348 del mismo cuerpo legal y, a su vez en relaci\u00f3n con el art\u00edculo 9\u00b0 de la Ley 18.216, modificada por la Ley 20.603, deducido por el Defensor Privado, don Marcel Villegas Vargas, en contra de la sentencia definitiva de fecha veinte de diciembre de dos mil veintiuno, conforme a la cual se conden\u00f3 a su representado a la pena efectiva de 10 a\u00f1os de presidio mayor en su grado m\u00ednimo, como autor del delito consumado de malversaci\u00f3n de fondos p\u00fablicos, previsto y sancionado en el art\u00edculo 233 N\u00b03 del C\u00f3digo Penal, m\u00e1s la accesoria de inhabilitaci\u00f3n absoluta perpetua para cargos y oficios p\u00fablicos y derechos pol\u00edticos y la de inhabilitaci\u00f3n absoluta para profesiones titulares mientras dure la condena, y la pena de multa de 15 UTM, vigentes a la fecha de su pago, por el il\u00edcito cometido entre los meses de enero de 2013 y los primeros d\u00edas de agosto de 2016, en perjuicio de las cuentas fiscales de la Municipalidad de Las Guaitecas.<\/p>\n<p class=\"v1MsoNormal\" style=\"text-align: justify;\">Que, en consecuencia, la sentencia\u00a0<b>NO ES NULA<\/b>, como tampoco el Juicio Oral en la que se dict\u00f3\u00bb.<\/p>\n<\/div><\/section><\/div><div  style='height:50px' class='hr hr-invisible   avia-builder-el-6  el_after_av_one_full  el_before_av_social_share '><span class='hr-inner ' ><span class='hr-inner-style'><\/span><\/span><\/div><\/p>\n<div  class='av-social-sharing-box  avia-builder-el-7  el_after_av_hr  el_before_av_hr  '><div class='av-share-box'><h5 class='av-share-link-description av-no-toc '>Compartir esta noticia<\/h5><ul class='av-share-box-list noLightbox'><li class='av-share-link av-social-link-facebook' ><a target=\"_blank\" aria-label=\"Compartir en Facebook\" href='https:\/\/www.facebook.com\/sharer.php?u=https:\/\/radiorevelacionfm.cl\/?p=14325&#038;t=Corte%20confirma%20condena%20de%2010%20a%C3%B1os%20de%20presidio%20de%20ex%20alcalde%20de%20Guaitecas%20por%20malversaci%C3%B3n%20de%20caudales%20p%C3%BAblicos' aria-hidden='false' data-av_icon='\ue8f3' data-av_iconfont='entypo-fontello' title='' data-avia-related-tooltip='Compartir en Facebook' rel=\"noopener\"><span class='avia_hidden_link_text'>Compartir en Facebook<\/span><\/a><\/li><li class='av-share-link av-social-link-twitter' ><a target=\"_blank\" aria-label=\"Compartir en Twitter\" href='https:\/\/twitter.com\/share?text=Corte%20confirma%20condena%20de%2010%20a%C3%B1os%20de%20presidio%20de%20ex%20alcalde%20de%20Guaitecas%20por%20malversaci%C3%B3n%20de%20caudales%20p%C3%BAblicos&#038;url=https:\/\/radiorevelacionfm.cl\/?p=14325' aria-hidden='false' data-av_icon='\ue8f1' data-av_iconfont='entypo-fontello' title='' data-avia-related-tooltip='Compartir en Twitter' rel=\"noopener\"><span class='avia_hidden_link_text'>Compartir en Twitter<\/span><\/a><\/li><li class='av-share-link av-social-link-whatsapp' ><a target=\"_blank\" aria-label=\"Compartir en Whatsapp\" href='https:\/\/api.whatsapp.com\/send?text=https:\/\/radiorevelacionfm.cl\/?p=14325' aria-hidden='false' data-av_icon='\uf232' data-av_iconfont='entypo-fontello' title='' data-avia-related-tooltip='Compartir en Whatsapp' rel=\"noopener\"><span class='avia_hidden_link_text'>Compartir en Whatsapp<\/span><\/a><\/li><li class='av-share-link av-social-link-linkedin' ><a target=\"_blank\" aria-label=\"Compartir en LinkedIn\" href='https:\/\/linkedin.com\/shareArticle?mini=true&#038;title=Corte%20confirma%20condena%20de%2010%20a%C3%B1os%20de%20presidio%20de%20ex%20alcalde%20de%20Guaitecas%20por%20malversaci%C3%B3n%20de%20caudales%20p%C3%BAblicos&#038;url=https:\/\/radiorevelacionfm.cl\/?p=14325' aria-hidden='false' data-av_icon='\ue8fc' data-av_iconfont='entypo-fontello' title='' data-avia-related-tooltip='Compartir en LinkedIn' rel=\"noopener\"><span class='avia_hidden_link_text'>Compartir en LinkedIn<\/span><\/a><\/li><li class='av-share-link av-social-link-mail' ><a  aria-label=\"Compartir por correo\" href='mailto:?subject=Corte%20confirma%20condena%20de%2010%20a%C3%B1os%20de%20presidio%20de%20ex%20alcalde%20de%20Guaitecas%20por%20malversaci%C3%B3n%20de%20caudales%20p%C3%BAblicos&#038;body=https:\/\/radiorevelacionfm.cl\/?p=14325' aria-hidden='false' data-av_icon='\ue805' data-av_iconfont='entypo-fontello' title='' data-avia-related-tooltip='Compartir por correo'><span class='avia_hidden_link_text'>Compartir por correo<\/span><\/a><\/li><\/ul><\/div><\/div>\n<div  style='height:50px' class='hr hr-invisible   avia-builder-el-8  el_after_av_social_share  el_before_av_comments_list '><span class='hr-inner ' ><span class='hr-inner-style'><\/span><\/span><\/div>\n<div  class='av-buildercomment  av-blog-meta-html-info-disabled av-blog-meta-tag-disabled  '><\/div>\n","protected":false},"excerpt":{"rendered":"","protected":false},"author":1,"featured_media":14326,"comment_status":"open","ping_status":"open","sticky":false,"template":"","format":"standard","meta":{"footnotes":""},"categories":[55],"tags":[],"class_list":["post-14325","post","type-post","status-publish","format-standard","has-post-thumbnail","hentry","category-justicia"],"jetpack_featured_media_url":"https:\/\/radiorevelacionfm.cl\/wp-content\/uploads\/2022\/03\/foto-2-audiencia-virtual-1_optimized.jpg","_links":{"self":[{"href":"https:\/\/radiorevelacionfm.cl\/index.php?rest_route=\/wp\/v2\/posts\/14325","targetHints":{"allow":["GET"]}}],"collection":[{"href":"https:\/\/radiorevelacionfm.cl\/index.php?rest_route=\/wp\/v2\/posts"}],"about":[{"href":"https:\/\/radiorevelacionfm.cl\/index.php?rest_route=\/wp\/v2\/types\/post"}],"author":[{"embeddable":true,"href":"https:\/\/radiorevelacionfm.cl\/index.php?rest_route=\/wp\/v2\/users\/1"}],"replies":[{"embeddable":true,"href":"https:\/\/radiorevelacionfm.cl\/index.php?rest_route=%2Fwp%2Fv2%2Fcomments&post=14325"}],"version-history":[{"count":2,"href":"https:\/\/radiorevelacionfm.cl\/index.php?rest_route=\/wp\/v2\/posts\/14325\/revisions"}],"predecessor-version":[{"id":14328,"href":"https:\/\/radiorevelacionfm.cl\/index.php?rest_route=\/wp\/v2\/posts\/14325\/revisions\/14328"}],"wp:featuredmedia":[{"embeddable":true,"href":"https:\/\/radiorevelacionfm.cl\/index.php?rest_route=\/wp\/v2\/media\/14326"}],"wp:attachment":[{"href":"https:\/\/radiorevelacionfm.cl\/index.php?rest_route=%2Fwp%2Fv2%2Fmedia&parent=14325"}],"wp:term":[{"taxonomy":"category","embeddable":true,"href":"https:\/\/radiorevelacionfm.cl\/index.php?rest_route=%2Fwp%2Fv2%2Fcategories&post=14325"},{"taxonomy":"post_tag","embeddable":true,"href":"https:\/\/radiorevelacionfm.cl\/index.php?rest_route=%2Fwp%2Fv2%2Ftags&post=14325"}],"curies":[{"name":"wp","href":"https:\/\/api.w.org\/{rel}","templated":true}]}}