{"id":14321,"date":"2022-03-07T15:32:51","date_gmt":"2022-03-07T18:32:51","guid":{"rendered":"https:\/\/radiorevelacionfm.cl\/?p=14321"},"modified":"2022-03-07T15:32:51","modified_gmt":"2022-03-07T18:32:51","slug":"entrega-de-terreno-permitira-a-la-asociacion-cultural-artesanas-manos-amigas-construir-su-taller","status":"publish","type":"post","link":"https:\/\/radiorevelacionfm.cl\/?p=14321","title":{"rendered":"Entrega de terreno permitir\u00e1 a la asociaci\u00f3n cultural Artesanas Manos Amigas construir su taller"},"content":{"rendered":"<div class=\"flex_column av_one_full  flex_column_div av-zero-column-padding first  avia-builder-el-0  el_before_av_one_full  avia-builder-el-first  \" style='border-radius:0px; '><div  class='avia-image-container  av-styling-    avia-builder-el-1  avia-builder-el-no-sibling  avia-align-center '  itemprop=\"image\" itemscope=\"itemscope\" itemtype=\"https:\/\/schema.org\/ImageObject\"  ><div class='avia-image-container-inner'><div class='avia-image-overlay-wrap'><img decoding=\"async\" class='wp-image-14322 avia-img-lazy-loading-not-14322 avia_image' src=\"https:\/\/radiorevelacionfm.cl\/wp-content\/uploads\/2022\/03\/1-89-1-1_optimized.jpg\" alt='' title='1-(89)-(1)-(1)_optimized' height=\"600\" width=\"930\"  itemprop=\"thumbnailUrl\" srcset=\"https:\/\/radiorevelacionfm.cl\/wp-content\/uploads\/2022\/03\/1-89-1-1_optimized.jpg 930w, https:\/\/radiorevelacionfm.cl\/wp-content\/uploads\/2022\/03\/1-89-1-1_optimized-300x194.jpg 300w, https:\/\/radiorevelacionfm.cl\/wp-content\/uploads\/2022\/03\/1-89-1-1_optimized-768x495.jpg 768w, https:\/\/radiorevelacionfm.cl\/wp-content\/uploads\/2022\/03\/1-89-1-1_optimized-705x455.jpg 705w, https:\/\/radiorevelacionfm.cl\/wp-content\/uploads\/2022\/03\/1-89-1-1_optimized-600x387.jpg 600w\" sizes=\"(max-width: 930px) 100vw, 930px\" \/><\/div><\/div><\/div><\/div><div class=\"flex_column av_one_full  flex_column_div av-zero-column-padding first  avia-builder-el-2  el_after_av_one_full  el_before_av_one_full  column-top-margin\" style='border-radius:0px; '><section class=\"av_textblock_section \"  itemscope=\"itemscope\" itemtype=\"https:\/\/schema.org\/BlogPosting\" itemprop=\"blogPost\" ><div class='avia_textblock  '   itemprop=\"text\" ><p style=\"text-align: center;\"><strong><span style=\"font-size: 18pt;\">Entrega de terreno permitir\u00e1 a la asociaci\u00f3n cultural Artesanas Manos Amigas construir su taller<\/span><\/strong><\/p>\n<div id=\"gtx-trans\" style=\"position: absolute; left: -50px; top: 4.31534px;\">\n<div class=\"gtx-trans-icon\"><\/div>\n<\/div>\n<\/div><\/section><\/div><div class=\"flex_column av_one_full  flex_column_div av-zero-column-padding first  avia-builder-el-4  el_after_av_one_full  el_before_av_hr  column-top-margin\" style='border-radius:0px; '><section class=\"av_textblock_section \"  itemscope=\"itemscope\" itemtype=\"https:\/\/schema.org\/BlogPosting\" itemprop=\"blogPost\" ><div class='avia_textblock  '   itemprop=\"text\" ><p style=\"text-align: justify;\">En la sede comunitaria de la localidad del El Blanco, la Seremi de Bienes Nacionales Ana Mar\u00eda Mora Araneda, se reuni\u00f3 con las socias de la Asociaci\u00f3n Cultural de Artesanas Manos Amigas, oportunidad en la que se realiz\u00f3 la firma de las actas de entrega de la Concesi\u00f3n Gratuita por un sitio fiscal, ubicado dentro del poblado, de una superficie de 449,80 m2.<\/p>\n<p style=\"text-align: justify;\">La organizaci\u00f3n funcional que tiene por objetivos crear y coordinar iniciativas que promuevan el desarrollo de la cultura local, apoyo a la educaci\u00f3n patrimonial e investigaci\u00f3n, solicit\u00f3 el inmueble fiscal para construir una sede social que les permita seguir cumpliendo sus objetivos.<\/p>\n<p style=\"text-align: justify;\">\u201cSomos una agrupaci\u00f3n con 9 a\u00f1os de actividad en la que hemos desarrollado para nuestras socias diversas capacitaciones: en mermeladas, conservas, licores, fieltros, tejidos a telar, chocolates, jabones entre otras. Ahora con el terreno que nos ha otorgado Bienes Nacionales queremos hacer un centro de capacitaci\u00f3n para nuestra organizaci\u00f3n, beneficios que queremos se extiendan hacia la comunidad de El Blanco\u201d, detall\u00f3 la presidenta de la Asociaci\u00f3n Carmen Fierro.<\/p>\n<p style=\"text-align: justify;\">Por su parte la Seremi de Bienes Nacionales complement\u00f3 lo indicado por la dirigente en cuanto a que ellas realizan un trabajo que va en directo beneficio de los habitantes de El Blanco, \u201cuna localidad que est\u00e1 muy cerca de Coyhaique pero que requiere de m\u00e1s apoyo para el progreso de las familias del lugar, es en ese entendido que como Ministerio hemos otorgado la concesi\u00f3n de forma gratuita y ahora esperamos que puedan concretar lo antes posible el sue\u00f1o de un espacio propio, que les sirva como taller, integrando a sus vecinos a nuevas actividades culturales\u201d. \u00a0\u00a0\u00a0\u00a0<strong>\u00a0<\/strong><\/p>\n<\/div><\/section><\/div><div  style='height:50px' class='hr hr-invisible   avia-builder-el-6  el_after_av_one_full  el_before_av_social_share '><span class='hr-inner ' ><span class='hr-inner-style'><\/span><\/span><\/div><\/p>\n<div  class='av-social-sharing-box  avia-builder-el-7  el_after_av_hr  el_before_av_hr  '><div class='av-share-box'><h5 class='av-share-link-description av-no-toc '>Compartir esta noticia<\/h5><ul class='av-share-box-list noLightbox'><li class='av-share-link av-social-link-facebook' ><a target=\"_blank\" aria-label=\"Compartir en Facebook\" href='https:\/\/www.facebook.com\/sharer.php?u=https:\/\/radiorevelacionfm.cl\/?p=14321&#038;t=Entrega%20de%20terreno%20permitir%C3%A1%20a%20la%20asociaci%C3%B3n%20cultural%20Artesanas%20Manos%20Amigas%20construir%20su%20taller' aria-hidden='false' data-av_icon='\ue8f3' data-av_iconfont='entypo-fontello' title='' data-avia-related-tooltip='Compartir en Facebook' rel=\"noopener\"><span class='avia_hidden_link_text'>Compartir en Facebook<\/span><\/a><\/li><li class='av-share-link av-social-link-twitter' ><a target=\"_blank\" aria-label=\"Compartir en Twitter\" href='https:\/\/twitter.com\/share?text=Entrega%20de%20terreno%20permitir%C3%A1%20a%20la%20asociaci%C3%B3n%20cultural%20Artesanas%20Manos%20Amigas%20construir%20su%20taller&#038;url=https:\/\/radiorevelacionfm.cl\/?p=14321' aria-hidden='false' data-av_icon='\ue8f1' data-av_iconfont='entypo-fontello' title='' data-avia-related-tooltip='Compartir en Twitter' rel=\"noopener\"><span class='avia_hidden_link_text'>Compartir en Twitter<\/span><\/a><\/li><li class='av-share-link av-social-link-whatsapp' ><a target=\"_blank\" aria-label=\"Compartir en Whatsapp\" href='https:\/\/api.whatsapp.com\/send?text=https:\/\/radiorevelacionfm.cl\/?p=14321' aria-hidden='false' data-av_icon='\uf232' data-av_iconfont='entypo-fontello' title='' data-avia-related-tooltip='Compartir en Whatsapp' rel=\"noopener\"><span class='avia_hidden_link_text'>Compartir en Whatsapp<\/span><\/a><\/li><li class='av-share-link av-social-link-linkedin' ><a target=\"_blank\" aria-label=\"Compartir en LinkedIn\" href='https:\/\/linkedin.com\/shareArticle?mini=true&#038;title=Entrega%20de%20terreno%20permitir%C3%A1%20a%20la%20asociaci%C3%B3n%20cultural%20Artesanas%20Manos%20Amigas%20construir%20su%20taller&#038;url=https:\/\/radiorevelacionfm.cl\/?p=14321' aria-hidden='false' data-av_icon='\ue8fc' data-av_iconfont='entypo-fontello' title='' data-avia-related-tooltip='Compartir en LinkedIn' rel=\"noopener\"><span class='avia_hidden_link_text'>Compartir en LinkedIn<\/span><\/a><\/li><li class='av-share-link av-social-link-mail' ><a  aria-label=\"Compartir por correo\" href='mailto:?subject=Entrega%20de%20terreno%20permitir%C3%A1%20a%20la%20asociaci%C3%B3n%20cultural%20Artesanas%20Manos%20Amigas%20construir%20su%20taller&#038;body=https:\/\/radiorevelacionfm.cl\/?p=14321' aria-hidden='false' data-av_icon='\ue805' data-av_iconfont='entypo-fontello' title='' data-avia-related-tooltip='Compartir por correo'><span class='avia_hidden_link_text'>Compartir por correo<\/span><\/a><\/li><\/ul><\/div><\/div>\n<div  style='height:50px' class='hr hr-invisible   avia-builder-el-8  el_after_av_social_share  el_before_av_comments_list '><span class='hr-inner ' ><span class='hr-inner-style'><\/span><\/span><\/div>\n<div  class='av-buildercomment  av-blog-meta-html-info-disabled av-blog-meta-tag-disabled  '><\/div>\n","protected":false},"excerpt":{"rendered":"","protected":false},"author":1,"featured_media":14322,"comment_status":"open","ping_status":"open","sticky":false,"template":"","format":"standard","meta":{"footnotes":""},"categories":[38],"tags":[],"class_list":["post-14321","post","type-post","status-publish","format-standard","has-post-thumbnail","hentry","category-regional"],"jetpack_featured_media_url":"https:\/\/radiorevelacionfm.cl\/wp-content\/uploads\/2022\/03\/1-89-1-1_optimized.jpg","_links":{"self":[{"href":"https:\/\/radiorevelacionfm.cl\/index.php?rest_route=\/wp\/v2\/posts\/14321","targetHints":{"allow":["GET"]}}],"collection":[{"href":"https:\/\/radiorevelacionfm.cl\/index.php?rest_route=\/wp\/v2\/posts"}],"about":[{"href":"https:\/\/radiorevelacionfm.cl\/index.php?rest_route=\/wp\/v2\/types\/post"}],"author":[{"embeddable":true,"href":"https:\/\/radiorevelacionfm.cl\/index.php?rest_route=\/wp\/v2\/users\/1"}],"replies":[{"embeddable":true,"href":"https:\/\/radiorevelacionfm.cl\/index.php?rest_route=%2Fwp%2Fv2%2Fcomments&post=14321"}],"version-history":[{"count":2,"href":"https:\/\/radiorevelacionfm.cl\/index.php?rest_route=\/wp\/v2\/posts\/14321\/revisions"}],"predecessor-version":[{"id":14324,"href":"https:\/\/radiorevelacionfm.cl\/index.php?rest_route=\/wp\/v2\/posts\/14321\/revisions\/14324"}],"wp:featuredmedia":[{"embeddable":true,"href":"https:\/\/radiorevelacionfm.cl\/index.php?rest_route=\/wp\/v2\/media\/14322"}],"wp:attachment":[{"href":"https:\/\/radiorevelacionfm.cl\/index.php?rest_route=%2Fwp%2Fv2%2Fmedia&parent=14321"}],"wp:term":[{"taxonomy":"category","embeddable":true,"href":"https:\/\/radiorevelacionfm.cl\/index.php?rest_route=%2Fwp%2Fv2%2Fcategories&post=14321"},{"taxonomy":"post_tag","embeddable":true,"href":"https:\/\/radiorevelacionfm.cl\/index.php?rest_route=%2Fwp%2Fv2%2Ftags&post=14321"}],"curies":[{"name":"wp","href":"https:\/\/api.w.org\/{rel}","templated":true}]}}