{"id":14316,"date":"2022-03-07T14:44:59","date_gmt":"2022-03-07T17:44:59","guid":{"rendered":"https:\/\/radiorevelacionfm.cl\/?p=14316"},"modified":"2022-03-07T14:49:31","modified_gmt":"2022-03-07T17:49:31","slug":"alianza-de-subdere-e-indap-busca-potenciar-la-tenencia-responsable-de-mascotas-en-sectores-rurales","status":"publish","type":"post","link":"https:\/\/radiorevelacionfm.cl\/?p=14316","title":{"rendered":"Alianza de Subdere e Indap busca potenciar la tenencia responsable de mascotas en sectores rurales"},"content":{"rendered":"<div class=\"flex_column av_one_full  flex_column_div av-zero-column-padding first  avia-builder-el-0  el_before_av_one_full  avia-builder-el-first  \" style='border-radius:0px; '><div  class='avia-image-container  av-styling-    avia-builder-el-1  avia-builder-el-no-sibling  avia-align-center '  itemprop=\"image\" itemscope=\"itemscope\" itemtype=\"https:\/\/schema.org\/ImageObject\"  ><div class='avia-image-container-inner'><div class='avia-image-overlay-wrap'><img decoding=\"async\" class='wp-image-14317 avia-img-lazy-loading-not-14317 avia_image' src=\"https:\/\/radiorevelacionfm.cl\/wp-content\/uploads\/2022\/03\/unnamed-25-1-1.jpg\" alt='' title='unnamed (25) (1) (1)' height=\"600\" width=\"556\"  itemprop=\"thumbnailUrl\" srcset=\"https:\/\/radiorevelacionfm.cl\/wp-content\/uploads\/2022\/03\/unnamed-25-1-1.jpg 556w, https:\/\/radiorevelacionfm.cl\/wp-content\/uploads\/2022\/03\/unnamed-25-1-1-278x300.jpg 278w\" sizes=\"(max-width: 556px) 100vw, 556px\" \/><\/div><\/div><\/div><\/div><div class=\"flex_column av_one_full  flex_column_div av-zero-column-padding first  avia-builder-el-2  el_after_av_one_full  el_before_av_one_full  column-top-margin\" style='border-radius:0px; '><section class=\"av_textblock_section \"  itemscope=\"itemscope\" itemtype=\"https:\/\/schema.org\/BlogPosting\" itemprop=\"blogPost\" ><div class='avia_textblock  '   itemprop=\"text\" ><p style=\"text-align: center;\"><span style=\"font-size: 18pt;\"><strong>Alianza de Subdere e Indap busca potenciar la tenencia responsable de mascotas en sectores rurales<\/strong><\/span><\/p>\n<div id=\"gtx-trans\" style=\"position: absolute; left: -50px; top: 4.31534px;\">\n<div class=\"gtx-trans-icon\"><\/div>\n<\/div>\n<\/div><\/section><\/div><div class=\"flex_column av_one_full  flex_column_div av-zero-column-padding first  avia-builder-el-4  el_after_av_one_full  el_before_av_hr  column-top-margin\" style='border-radius:0px; '><section class=\"av_textblock_section \"  itemscope=\"itemscope\" itemtype=\"https:\/\/schema.org\/BlogPosting\" itemprop=\"blogPost\" ><div class='avia_textblock  '   itemprop=\"text\" ><p style=\"text-align: justify;\">La tenencia responsable de mascotas, adem\u00e1s de contemplar el cuidado integral de los animales, tambi\u00e9n ayuda a proteger a la comunidad y al medio ambiente. En este marco, la Subsecretar\u00eda de Desarrollo Regional y Administrativo (Subdere) a trav\u00e9s de su Programa Mascota Protegida, firm\u00f3 un convenio de colaboraci\u00f3n con el Instituto de Desarrollo Agropecuario (Indap) para abordar la problem\u00e1tica \u2013principalmente- de ataques de perros a ganado menor, como ovejas, en las zonas rurales.<\/p>\n<p style=\"text-align: justify;\">En este marco, la encargada nacional del Programa Mascota Protegida de Subdere, Carolina Guerrero, asegur\u00f3 que el trabajo colaborativo es la base para elaborar una buena estrategia de trabajo. \u201cComo Subdere nos preocupamos de potenciar la tenencia responsable de mascotas a lo largo de todo el pa\u00eds e Indap, de velar por el apoyo del desarrollo agropecuario de Chile. Es as\u00ed que, uniendo conocimientos, acordamos una soluci\u00f3n para esta problem\u00e1tica que afecta especialmente a las zonas rurales\u201d, dijo.<\/p>\n<p style=\"text-align: justify;\">\u00abEste convenio para nosotros es muy importante porque busca abordar colaborativamente dos aspectos relevantes en la vida rural entre nuestros usuarios y usuarias, por un lado, la problem\u00e1tica referida al ataque de perros al ganado menor y por otro, promocionar la tenencia responsable de mascotas\u00bb, dijo\u00a0Carlos Recondo, director nacional de Indap.<\/p>\n<p style=\"text-align: justify;\">Ambas entidades elaboraron un plan de trabajo que permiti\u00f3 guiar las labores y compromisos de cada una, permitiendo hacer seguimiento del progreso de la estrategia. Es as\u00ed como se trabaj\u00f3 el \u201c<a id=\"m_-813780169074975967454121406\" href=\"https:\/\/nts.embluemail.com\/p\/cl?data=nxDXZpmcALr8QiRkfovmH3B7kDOcq01KLq7Xi9Dh9MI3fucnvHOwt%2F1n%2FCHrc7qy1dsqi9ARHtbcHTWDupXV1l6ppgg%2F5DVoDZO3bhgtWlc%3D!-!aj3!-!https%3A%2F%2Fwww.subdere.gov.cl%2Fsala-de-prensa%2Fmascota-protegida-e-indap-implementar%25C3%25A1n-plan-piloto-de-perros-mestizos-para-cuidar%3Futm_source=emBlue%26utm_medium=email%26utm_campaign=Comunicado+de+prensa+PTRAC%26utm_content=Ptrac+-+Indap--Alianza+de+Subdere+e+Indap+busca+potenciar+la+tenencia+responsable+de+mascotas+en+sectores+rurales%26utm_term=multiple--7--none--70-80--ENVIO+SIMPLE\" target=\"_blank\" rel=\"noopener\" data-saferedirecturl=\"https:\/\/www.google.com\/url?q=https:\/\/nts.embluemail.com\/p\/cl?data%3DnxDXZpmcALr8QiRkfovmH3B7kDOcq01KLq7Xi9Dh9MI3fucnvHOwt%252F1n%252FCHrc7qy1dsqi9ARHtbcHTWDupXV1l6ppgg%252F5DVoDZO3bhgtWlc%253D!-!aj3!-!https%253A%252F%252Fwww.subdere.gov.cl%252Fsala-de-prensa%252Fmascota-protegida-e-indap-implementar%2525C3%2525A1n-plan-piloto-de-perros-mestizos-para-cuidar%253Futm_source%3DemBlue%2526utm_medium%3Demail%2526utm_campaign%3DComunicado%2Bde%2Bprensa%2BPTRAC%2526utm_content%3DPtrac%2B-%2BIndap--Alianza%2Bde%2BSubdere%2Be%2BIndap%2Bbusca%2Bpotenciar%2Bla%2Btenencia%2Bresponsable%2Bde%2Bmascotas%2Ben%2Bsectores%2Brurales%2526utm_term%3Dmultiple--7--none--70-80--ENVIO%2BSIMPLE&amp;source=gmail&amp;ust=1646752710243000&amp;usg=AOvVaw1hrs6wdEATA6Q-37nebk9t\">Plan piloto perros protectores de reba\u00f1o<\/a>\u201d, que consider\u00f3 acercar a una cr\u00eda de perro mestizo con un reba\u00f1o de ovejas, con el fin de que el perro creara un lazo con ellas y se transformara en su protector.<\/p>\n<p style=\"text-align: justify;\">Al alero de este plan piloto, las instituciones actualmente trabajan en una encuesta para que asesores de Indap realicen a sus usuarios, con el fin de obtener estad\u00edsticas de ataques por perro al ganado y obtener indicadores de tenencia responsable en contexto rural.<\/p>\n<p style=\"text-align: justify;\">Adicional a esto, se trabaj\u00f3 junto al dise\u00f1ador nacional\u00a0<a id=\"m_-813780169074975967454121407\" href=\"https:\/\/nts.embluemail.com\/p\/cl?data=%2FAMTtxAoC16BYx9Gf0liUGomhB%2B696m7DdGNNnFkePWu8oUdi%2B6gnp9zRwBxDhIrBao4%2FtnQV40gM29twl11TgdQGSC3vUL1O99HEFufvPM%3D!-!aj3!-!https%3A%2F%2Fwww.instagram.com%2Fp%2FCZh6FMIvsBE%2F%3Futm_source=emBlue%26utm_medium=email%26utm_campaign=Comunicado+de+prensa+PTRAC%26utm_content=Ptrac+-+Indap--Alianza+de+Subdere+e+Indap+busca+potenciar+la+tenencia+responsable+de+mascotas+en+sectores+rurales%26utm_term=multiple--7--none--70-80--ENVIO+SIMPLE\" target=\"_blank\" rel=\"noopener\" data-saferedirecturl=\"https:\/\/www.google.com\/url?q=https:\/\/nts.embluemail.com\/p\/cl?data%3D%252FAMTtxAoC16BYx9Gf0liUGomhB%252B696m7DdGNNnFkePWu8oUdi%252B6gnp9zRwBxDhIrBao4%252FtnQV40gM29twl11TgdQGSC3vUL1O99HEFufvPM%253D!-!aj3!-!https%253A%252F%252Fwww.instagram.com%252Fp%252FCZh6FMIvsBE%252F%253Futm_source%3DemBlue%2526utm_medium%3Demail%2526utm_campaign%3DComunicado%2Bde%2Bprensa%2BPTRAC%2526utm_content%3DPtrac%2B-%2BIndap--Alianza%2Bde%2BSubdere%2Be%2BIndap%2Bbusca%2Bpotenciar%2Bla%2Btenencia%2Bresponsable%2Bde%2Bmascotas%2Ben%2Bsectores%2Brurales%2526utm_term%3Dmultiple--7--none--70-80--ENVIO%2BSIMPLE&amp;source=gmail&amp;ust=1646752710243000&amp;usg=AOvVaw1vPw8ojm_xFv3_O_Or3xO3\">Faun\u00e1nimo un material ilustrativo para redes sociales<\/a>, con el fin de educar respecto a la importancia de tener a las mascotas esterilizadas, inscritas en el Registro Nacional de Mascotas y un cerco en buenas condiciones para evitar escapes. Asimismo, contempl\u00f3 un dise\u00f1o ilustrado del plan piloto perros protectores de reba\u00f1o.<\/p>\n<p style=\"text-align: justify;\">Ambas instituciones prepararon una charla para que funcionarios de Indap conozcan de mejor forma la Ley de Tenencia Responsable, con el fin de que ellos puedan orientar de forma integral a sus usuarios respecto al buen cuidado de sus mascotas y su ganado.<\/p>\n<\/div><\/section><\/div><div  style='height:50px' class='hr hr-invisible   avia-builder-el-6  el_after_av_one_full  el_before_av_social_share '><span class='hr-inner ' ><span class='hr-inner-style'><\/span><\/span><\/div><\/p>\n<div  class='av-social-sharing-box  avia-builder-el-7  el_after_av_hr  el_before_av_hr  '><div class='av-share-box'><h5 class='av-share-link-description av-no-toc '>Compartir esta noticia<\/h5><ul class='av-share-box-list noLightbox'><li class='av-share-link av-social-link-facebook' ><a target=\"_blank\" aria-label=\"Compartir en Facebook\" href='https:\/\/www.facebook.com\/sharer.php?u=https:\/\/radiorevelacionfm.cl\/?p=14316&#038;t=Alianza%20de%20Subdere%20e%20Indap%20busca%20potenciar%20la%20tenencia%20responsable%20de%20mascotas%20en%20sectores%20rurales' aria-hidden='false' data-av_icon='\ue8f3' data-av_iconfont='entypo-fontello' title='' data-avia-related-tooltip='Compartir en Facebook' rel=\"noopener\"><span class='avia_hidden_link_text'>Compartir en Facebook<\/span><\/a><\/li><li class='av-share-link av-social-link-twitter' ><a target=\"_blank\" aria-label=\"Compartir en Twitter\" href='https:\/\/twitter.com\/share?text=Alianza%20de%20Subdere%20e%20Indap%20busca%20potenciar%20la%20tenencia%20responsable%20de%20mascotas%20en%20sectores%20rurales&#038;url=https:\/\/radiorevelacionfm.cl\/?p=14316' aria-hidden='false' data-av_icon='\ue8f1' data-av_iconfont='entypo-fontello' title='' data-avia-related-tooltip='Compartir en Twitter' rel=\"noopener\"><span class='avia_hidden_link_text'>Compartir en Twitter<\/span><\/a><\/li><li class='av-share-link av-social-link-whatsapp' ><a target=\"_blank\" aria-label=\"Compartir en Whatsapp\" href='https:\/\/api.whatsapp.com\/send?text=https:\/\/radiorevelacionfm.cl\/?p=14316' aria-hidden='false' data-av_icon='\uf232' data-av_iconfont='entypo-fontello' title='' data-avia-related-tooltip='Compartir en Whatsapp' rel=\"noopener\"><span class='avia_hidden_link_text'>Compartir en Whatsapp<\/span><\/a><\/li><li class='av-share-link av-social-link-linkedin' ><a target=\"_blank\" aria-label=\"Compartir en LinkedIn\" href='https:\/\/linkedin.com\/shareArticle?mini=true&#038;title=Alianza%20de%20Subdere%20e%20Indap%20busca%20potenciar%20la%20tenencia%20responsable%20de%20mascotas%20en%20sectores%20rurales&#038;url=https:\/\/radiorevelacionfm.cl\/?p=14316' aria-hidden='false' data-av_icon='\ue8fc' data-av_iconfont='entypo-fontello' title='' data-avia-related-tooltip='Compartir en LinkedIn' rel=\"noopener\"><span class='avia_hidden_link_text'>Compartir en LinkedIn<\/span><\/a><\/li><li class='av-share-link av-social-link-mail' ><a  aria-label=\"Compartir por correo\" href='mailto:?subject=Alianza%20de%20Subdere%20e%20Indap%20busca%20potenciar%20la%20tenencia%20responsable%20de%20mascotas%20en%20sectores%20rurales&#038;body=https:\/\/radiorevelacionfm.cl\/?p=14316' aria-hidden='false' data-av_icon='\ue805' data-av_iconfont='entypo-fontello' title='' data-avia-related-tooltip='Compartir por correo'><span class='avia_hidden_link_text'>Compartir por correo<\/span><\/a><\/li><\/ul><\/div><\/div>\n<div  style='height:50px' class='hr hr-invisible   avia-builder-el-8  el_after_av_social_share  el_before_av_comments_list '><span class='hr-inner ' ><span class='hr-inner-style'><\/span><\/span><\/div>\n<div  class='av-buildercomment  av-blog-meta-html-info-disabled av-blog-meta-tag-disabled  '><\/div>\n","protected":false},"excerpt":{"rendered":"","protected":false},"author":1,"featured_media":14320,"comment_status":"open","ping_status":"open","sticky":false,"template":"","format":"standard","meta":{"footnotes":""},"categories":[1],"tags":[],"class_list":["post-14316","post","type-post","status-publish","format-standard","has-post-thumbnail","hentry","category-sin-categoria"],"jetpack_featured_media_url":"https:\/\/radiorevelacionfm.cl\/wp-content\/uploads\/2022\/03\/unnamed-25a-1.jpg","_links":{"self":[{"href":"https:\/\/radiorevelacionfm.cl\/index.php?rest_route=\/wp\/v2\/posts\/14316","targetHints":{"allow":["GET"]}}],"collection":[{"href":"https:\/\/radiorevelacionfm.cl\/index.php?rest_route=\/wp\/v2\/posts"}],"about":[{"href":"https:\/\/radiorevelacionfm.cl\/index.php?rest_route=\/wp\/v2\/types\/post"}],"author":[{"embeddable":true,"href":"https:\/\/radiorevelacionfm.cl\/index.php?rest_route=\/wp\/v2\/users\/1"}],"replies":[{"embeddable":true,"href":"https:\/\/radiorevelacionfm.cl\/index.php?rest_route=%2Fwp%2Fv2%2Fcomments&post=14316"}],"version-history":[{"count":2,"href":"https:\/\/radiorevelacionfm.cl\/index.php?rest_route=\/wp\/v2\/posts\/14316\/revisions"}],"predecessor-version":[{"id":14319,"href":"https:\/\/radiorevelacionfm.cl\/index.php?rest_route=\/wp\/v2\/posts\/14316\/revisions\/14319"}],"wp:featuredmedia":[{"embeddable":true,"href":"https:\/\/radiorevelacionfm.cl\/index.php?rest_route=\/wp\/v2\/media\/14320"}],"wp:attachment":[{"href":"https:\/\/radiorevelacionfm.cl\/index.php?rest_route=%2Fwp%2Fv2%2Fmedia&parent=14316"}],"wp:term":[{"taxonomy":"category","embeddable":true,"href":"https:\/\/radiorevelacionfm.cl\/index.php?rest_route=%2Fwp%2Fv2%2Fcategories&post=14316"},{"taxonomy":"post_tag","embeddable":true,"href":"https:\/\/radiorevelacionfm.cl\/index.php?rest_route=%2Fwp%2Fv2%2Ftags&post=14316"}],"curies":[{"name":"wp","href":"https:\/\/api.w.org\/{rel}","templated":true}]}}