{"id":14308,"date":"2022-03-07T11:03:15","date_gmt":"2022-03-07T14:03:15","guid":{"rendered":"https:\/\/radiorevelacionfm.cl\/?p=14308"},"modified":"2022-03-07T11:03:15","modified_gmt":"2022-03-07T14:03:15","slug":"mineduc-informa-primeros-resultados-de-beneficios-estudiantiles-para-educacion-superior-y-abre-etapa-de-apelacion-online","status":"publish","type":"post","link":"https:\/\/radiorevelacionfm.cl\/?p=14308","title":{"rendered":"Mineduc informa primeros resultados de beneficios estudiantiles para Educaci\u00f3n Superior y abre etapa de apelaci\u00f3n online"},"content":{"rendered":"<div class=\"flex_column av_one_full  flex_column_div av-zero-column-padding first  avia-builder-el-0  el_before_av_one_full  avia-builder-el-first  \" style='border-radius:0px; '><div  class='avia-image-container  av-styling-    avia-builder-el-1  avia-builder-el-no-sibling  avia-align-center '  itemprop=\"image\" itemscope=\"itemscope\" itemtype=\"https:\/\/schema.org\/ImageObject\"  ><div class='avia-image-container-inner'><div class='avia-image-overlay-wrap'><img decoding=\"async\" class='wp-image-14309 avia-img-lazy-loading-not-14309 avia_image' src=\"https:\/\/radiorevelacionfm.cl\/wp-content\/uploads\/2022\/03\/beneficios-estudiantiles-1_optimized.jpg\" alt='' title='beneficios-estudiantiles-(1)_optimized' height=\"600\" width=\"800\"  itemprop=\"thumbnailUrl\" srcset=\"https:\/\/radiorevelacionfm.cl\/wp-content\/uploads\/2022\/03\/beneficios-estudiantiles-1_optimized.jpg 800w, https:\/\/radiorevelacionfm.cl\/wp-content\/uploads\/2022\/03\/beneficios-estudiantiles-1_optimized-300x225.jpg 300w, https:\/\/radiorevelacionfm.cl\/wp-content\/uploads\/2022\/03\/beneficios-estudiantiles-1_optimized-768x576.jpg 768w, https:\/\/radiorevelacionfm.cl\/wp-content\/uploads\/2022\/03\/beneficios-estudiantiles-1_optimized-705x529.jpg 705w, https:\/\/radiorevelacionfm.cl\/wp-content\/uploads\/2022\/03\/beneficios-estudiantiles-1_optimized-600x450.jpg 600w\" sizes=\"(max-width: 800px) 100vw, 800px\" \/><\/div><\/div><\/div><\/div><div class=\"flex_column av_one_full  flex_column_div av-zero-column-padding first  avia-builder-el-2  el_after_av_one_full  el_before_av_one_full  column-top-margin\" style='border-radius:0px; '><section class=\"av_textblock_section \"  itemscope=\"itemscope\" itemtype=\"https:\/\/schema.org\/BlogPosting\" itemprop=\"blogPost\" ><div class='avia_textblock  '   itemprop=\"text\" ><p style=\"text-align: center;\"><strong><span style=\"font-size: 18pt;\">Mineduc informa primeros resultados de beneficios estudiantiles para Educaci\u00f3n Superior y abre etapa de apelaci\u00f3n online<\/span><\/strong><\/p>\n<div id=\"gtx-trans\" style=\"position: absolute; left: -50px; top: 4.31534px;\">\n<div class=\"gtx-trans-icon\"><\/div>\n<\/div>\n<\/div><\/section><\/div><div class=\"flex_column av_one_full  flex_column_div av-zero-column-padding first  avia-builder-el-4  el_after_av_one_full  el_before_av_hr  column-top-margin\" style='border-radius:0px; '><section class=\"av_textblock_section \"  itemscope=\"itemscope\" itemtype=\"https:\/\/schema.org\/BlogPosting\" itemprop=\"blogPost\" ><div class='avia_textblock  '   itemprop=\"text\" ><p class=\"v1MsoNormal\" style=\"text-align: justify;\"><span lang=\"es-419\">El Ministerio de Educaci\u00f3n inform\u00f3 los resultados de la primera asignaci\u00f3n de beneficios estudiantiles del 2022 para quienes completaron el Formulario \u00danico de Acreditaci\u00f3n Socioecon\u00f3mica (FUAS) entre octubre y noviembre de 2021, y ya est\u00e1n matriculados en una instituci\u00f3n de educaci\u00f3n superior. Los postulantes pueden revisar los resultados en\u00a0<\/span><a href=\"https:\/\/nam02.safelinks.protection.outlook.com\/?url=http%3A%2F%2Fwww.resultados.beneficiosestudiantiles.cl%2F&amp;data=04%7C01%7Ccamilo.gomez%40mineduc.cl%7C5df81bb45039424bd07608d9fde0e7a2%7C2e4cfe500580414093874ecde39def60%7C0%7C0%7C637819964666414726%7CUnknown%7CTWFpbGZsb3d8eyJWIjoiMC4wLjAwMDAiLCJQIjoiV2luMzIiLCJBTiI6Ik1haWwiLCJXVCI6Mn0%3D%7C3000&amp;sdata=3%2BR%2FKSc0A6QAjM9FHuw8z1IbplV%2F4wPG2%2FmxYZ4DHwE%3D&amp;reserved=0\" target=\"_blank\" rel=\"noopener noreferrer\"><span lang=\"es-419\">www.resultados.beneficiosestudiantiles.cl<\/span><\/a><span lang=\"es-419\">, ingresando con su nombre de usuario y clave registrada.<\/span><\/p>\n<p class=\"v1MsoNormal\" style=\"text-align: justify;\"><span lang=\"es-419\">En total se entregaron 135.469 nuevos beneficios, de los cuales 102.982 corresponden a gratuidad, 27.372 a becas y 5.115 a cr\u00e9ditos del Fondo Solidario.<\/span><\/p>\n<p class=\"v1MsoNormal\" style=\"text-align: justify;\"><span lang=\"es-419\">En la Regi\u00f3n de Ays\u00e9n se asignaron un total de 306 beneficios: 272 corresponden a Gratuidad, 25 a \u00a0becas y 9 a Cr\u00e9dito del Fondo Solidario<\/span><\/p>\n<p class=\"v1MsoNormal\" style=\"text-align: justify;\"><span lang=\"es-419\">Los resultados sobre el Cr\u00e9dito con Garant\u00eda Estatal (CAE) ser\u00e1n informados directamente por Comisi\u00f3n Ingresa este 7 de marzo en el portal\u00a0<\/span><a href=\"https:\/\/nam02.safelinks.protection.outlook.com\/?url=http%3A%2F%2Fwww.ingresa.cl%2F&amp;data=04%7C01%7Ccamilo.gomez%40mineduc.cl%7C5df81bb45039424bd07608d9fde0e7a2%7C2e4cfe500580414093874ecde39def60%7C0%7C0%7C637819964666414726%7CUnknown%7CTWFpbGZsb3d8eyJWIjoiMC4wLjAwMDAiLCJQIjoiV2luMzIiLCJBTiI6Ik1haWwiLCJXVCI6Mn0%3D%7C3000&amp;sdata=CP%2FHf3mgPcSViJO%2F%2FbuKNtlikZdJHOvI9MhP7r8cfdc%3D&amp;reserved=0\" target=\"_blank\" rel=\"noopener noreferrer\"><span lang=\"es-419\">www.ingresa.cl<\/span><\/a><span lang=\"es-419\">. En tanto, los resultados para quienes postularon en el segundo proceso -febrero y marzo 2022- ser\u00e1n entregados en mayo.<\/span><\/p>\n<p class=\"v1MsoNormal\" style=\"text-align: justify;\"><span lang=\"es-419\">\u201cEn esta primera entrega de resultados se est\u00e1n otorgando nuevos beneficios a m\u00e1s de 135.000 j\u00f3venes, a los que se sumar\u00e1n aquellos que resulten beneficiados luego de postular en el segundo proceso, que concluir\u00e1 el 15 de marzo pr\u00f3ximo. De esta forma, estamos dando la posibilidad a miles de estudiantes que, teniendo la capacidad para acceder a la educaci\u00f3n superior, requieren del apoyo del Estado para financiar sus carreras en un centro de formaci\u00f3n t\u00e9cnica, instituto profesional o universidad\u201d, destac\u00f3 el subsecretario de Educaci\u00f3n Superior, Juan Eduardo Vargas.\u00a0<\/span><\/p>\n<p class=\"v1MsoNormal\" style=\"text-align: justify;\"><span lang=\"es-419\">Del total de beneficios, un 51% se entregar\u00e1n a j\u00f3venes matriculados en institutos profesionales o centros de formaci\u00f3n t\u00e9cnica, mientras que un 49% a estudiantes inscritos en universidades.<\/span><\/p>\n<p class=\"v1MsoNormal\" style=\"text-align: justify;\"><b><span lang=\"es-419\">Apelaci\u00f3n\u00a0<i>online<\/i><\/span><\/b><\/p>\n<p class=\"v1MsoNormal\" style=\"text-align: justify;\"><span lang=\"es-419\">El Mineduc abri\u00f3 tambi\u00e9n el proceso de apelaci\u00f3n\u00a0<i>online<\/i>\u00a0que se extender\u00e1 hasta el 18 de marzo pr\u00f3ximo. Quienes deseen hacer el tr\u00e1mite deben ingresar al portal de resultados de beneficios y apelar en la misma plataforma en la que postularon, con su RUT y contrase\u00f1a.<\/span><\/p>\n<p class=\"v1MsoNormal\" style=\"text-align: justify;\"><span lang=\"es-419\">Existen 13 causales distintas que justifican la apelaci\u00f3n, entre las que se cuentan los cambios en los ingresos del grupo familiar o la cesant\u00eda de alguno de sus integrantes. \u201cLlamamos a los j\u00f3venes cuyas familias se hayan visto afectadas econ\u00f3micamente en los \u00faltimos meses, a que apelen para que podamos actualizar su informaci\u00f3n econ\u00f3mica y as\u00ed el Ministerio pueda asignarles el beneficio que les corresponda de acuerdo con su situaci\u00f3n actual\u201d, enfatiz\u00f3 el subsecretario Vargas.\u00a0La gu\u00eda paso a paso para apelar se puede encontrar\u00a0<\/span><a href=\"https:\/\/nam02.safelinks.protection.outlook.com\/?url=https%3A%2F%2Fportal.beneficiosestudiantiles.cl%2Fsites%2Fdefault%2Ffiles%2Fmanual_apelacion_2022.pdf&amp;data=04%7C01%7Ccamilo.gomez%40mineduc.cl%7C5df81bb45039424bd07608d9fde0e7a2%7C2e4cfe500580414093874ecde39def60%7C0%7C0%7C637819964666414726%7CUnknown%7CTWFpbGZsb3d8eyJWIjoiMC4wLjAwMDAiLCJQIjoiV2luMzIiLCJBTiI6Ik1haWwiLCJXVCI6Mn0%3D%7C3000&amp;sdata=0nt4LK%2B2VrH3dWnTgGrXyV1hmAfNDkwsHmCUlWLKx2c%3D&amp;reserved=0\" target=\"_blank\" rel=\"noopener noreferrer\"><span lang=\"es-419\">aqu\u00ed\u00ad<\/span><\/a><span lang=\"es-419\">.<\/span><\/p>\n<p class=\"v1MsoNormal\" style=\"text-align: justify;\"><span lang=\"es-419\">Es importante recordar que el segundo proceso de postulaci\u00f3n todav\u00eda est\u00e1 abierto, hasta el 15 de marzo, y los interesados en postular deben hacerlo a trav\u00e9s de\u00a0<\/span><a href=\"https:\/\/nam02.safelinks.protection.outlook.com\/?url=http%3A%2F%2Fwww.fuas.cl%2F&amp;data=04%7C01%7Ccamilo.gomez%40mineduc.cl%7C5df81bb45039424bd07608d9fde0e7a2%7C2e4cfe500580414093874ecde39def60%7C0%7C0%7C637819964666414726%7CUnknown%7CTWFpbGZsb3d8eyJWIjoiMC4wLjAwMDAiLCJQIjoiV2luMzIiLCJBTiI6Ik1haWwiLCJXVCI6Mn0%3D%7C3000&amp;sdata=x58rtZfBlx9tiWYwpaH1tKABEiiakK8F%2FfaOSYFekLM%3D&amp;reserved=0\" target=\"_blank\" rel=\"noopener noreferrer\"><span lang=\"es-419\">www.fuas.cl<\/span><\/a><span lang=\"es-419\">. Los resultados se conocer\u00e1n en mayo y a la fecha se han recibido m\u00e1s de 82 mil solicitudes, lo que representa un aumento del 8,5% en comparaci\u00f3n con el proceso anterior.<\/span><\/p>\n<\/div><\/section><\/div><div  style='height:50px' class='hr hr-invisible   avia-builder-el-6  el_after_av_one_full  el_before_av_social_share '><span class='hr-inner ' ><span class='hr-inner-style'><\/span><\/span><\/div><\/p>\n<div  class='av-social-sharing-box  avia-builder-el-7  el_after_av_hr  el_before_av_hr  '><div class='av-share-box'><h5 class='av-share-link-description av-no-toc '>Compartir esta noticia<\/h5><ul class='av-share-box-list noLightbox'><li class='av-share-link av-social-link-facebook' ><a target=\"_blank\" aria-label=\"Compartir en Facebook\" href='https:\/\/www.facebook.com\/sharer.php?u=https:\/\/radiorevelacionfm.cl\/?p=14308&#038;t=Mineduc%20informa%20primeros%20resultados%20de%20beneficios%20estudiantiles%20para%20Educaci%C3%B3n%20Superior%20y%20abre%20etapa%20de%20apelaci%C3%B3n%20online' aria-hidden='false' data-av_icon='\ue8f3' data-av_iconfont='entypo-fontello' title='' data-avia-related-tooltip='Compartir en Facebook' rel=\"noopener\"><span class='avia_hidden_link_text'>Compartir en Facebook<\/span><\/a><\/li><li class='av-share-link av-social-link-twitter' ><a target=\"_blank\" aria-label=\"Compartir en Twitter\" href='https:\/\/twitter.com\/share?text=Mineduc%20informa%20primeros%20resultados%20de%20beneficios%20estudiantiles%20para%20Educaci%C3%B3n%20Superior%20y%20abre%20etapa%20de%20apelaci%C3%B3n%20online&#038;url=https:\/\/radiorevelacionfm.cl\/?p=14308' aria-hidden='false' data-av_icon='\ue8f1' data-av_iconfont='entypo-fontello' title='' data-avia-related-tooltip='Compartir en Twitter' rel=\"noopener\"><span class='avia_hidden_link_text'>Compartir en Twitter<\/span><\/a><\/li><li class='av-share-link av-social-link-whatsapp' ><a target=\"_blank\" aria-label=\"Compartir en Whatsapp\" href='https:\/\/api.whatsapp.com\/send?text=https:\/\/radiorevelacionfm.cl\/?p=14308' aria-hidden='false' data-av_icon='\uf232' data-av_iconfont='entypo-fontello' title='' data-avia-related-tooltip='Compartir en Whatsapp' rel=\"noopener\"><span class='avia_hidden_link_text'>Compartir en Whatsapp<\/span><\/a><\/li><li class='av-share-link av-social-link-linkedin' ><a target=\"_blank\" aria-label=\"Compartir en LinkedIn\" href='https:\/\/linkedin.com\/shareArticle?mini=true&#038;title=Mineduc%20informa%20primeros%20resultados%20de%20beneficios%20estudiantiles%20para%20Educaci%C3%B3n%20Superior%20y%20abre%20etapa%20de%20apelaci%C3%B3n%20online&#038;url=https:\/\/radiorevelacionfm.cl\/?p=14308' aria-hidden='false' data-av_icon='\ue8fc' data-av_iconfont='entypo-fontello' title='' data-avia-related-tooltip='Compartir en LinkedIn' rel=\"noopener\"><span class='avia_hidden_link_text'>Compartir en LinkedIn<\/span><\/a><\/li><li class='av-share-link av-social-link-mail' ><a  aria-label=\"Compartir por correo\" href='mailto:?subject=Mineduc%20informa%20primeros%20resultados%20de%20beneficios%20estudiantiles%20para%20Educaci%C3%B3n%20Superior%20y%20abre%20etapa%20de%20apelaci%C3%B3n%20online&#038;body=https:\/\/radiorevelacionfm.cl\/?p=14308' aria-hidden='false' data-av_icon='\ue805' data-av_iconfont='entypo-fontello' title='' data-avia-related-tooltip='Compartir por correo'><span class='avia_hidden_link_text'>Compartir por correo<\/span><\/a><\/li><\/ul><\/div><\/div>\n<div  style='height:50px' class='hr hr-invisible   avia-builder-el-8  el_after_av_social_share  el_before_av_comments_list '><span class='hr-inner ' ><span class='hr-inner-style'><\/span><\/span><\/div>\n<div  class='av-buildercomment  av-blog-meta-html-info-disabled av-blog-meta-tag-disabled  '><\/div>\n","protected":false},"excerpt":{"rendered":"","protected":false},"author":1,"featured_media":14309,"comment_status":"open","ping_status":"open","sticky":false,"template":"","format":"standard","meta":{"footnotes":""},"categories":[49],"tags":[],"class_list":["post-14308","post","type-post","status-publish","format-standard","has-post-thumbnail","hentry","category-educacion"],"jetpack_featured_media_url":"https:\/\/radiorevelacionfm.cl\/wp-content\/uploads\/2022\/03\/beneficios-estudiantiles-1_optimized.jpg","_links":{"self":[{"href":"https:\/\/radiorevelacionfm.cl\/index.php?rest_route=\/wp\/v2\/posts\/14308","targetHints":{"allow":["GET"]}}],"collection":[{"href":"https:\/\/radiorevelacionfm.cl\/index.php?rest_route=\/wp\/v2\/posts"}],"about":[{"href":"https:\/\/radiorevelacionfm.cl\/index.php?rest_route=\/wp\/v2\/types\/post"}],"author":[{"embeddable":true,"href":"https:\/\/radiorevelacionfm.cl\/index.php?rest_route=\/wp\/v2\/users\/1"}],"replies":[{"embeddable":true,"href":"https:\/\/radiorevelacionfm.cl\/index.php?rest_route=%2Fwp%2Fv2%2Fcomments&post=14308"}],"version-history":[{"count":2,"href":"https:\/\/radiorevelacionfm.cl\/index.php?rest_route=\/wp\/v2\/posts\/14308\/revisions"}],"predecessor-version":[{"id":14311,"href":"https:\/\/radiorevelacionfm.cl\/index.php?rest_route=\/wp\/v2\/posts\/14308\/revisions\/14311"}],"wp:featuredmedia":[{"embeddable":true,"href":"https:\/\/radiorevelacionfm.cl\/index.php?rest_route=\/wp\/v2\/media\/14309"}],"wp:attachment":[{"href":"https:\/\/radiorevelacionfm.cl\/index.php?rest_route=%2Fwp%2Fv2%2Fmedia&parent=14308"}],"wp:term":[{"taxonomy":"category","embeddable":true,"href":"https:\/\/radiorevelacionfm.cl\/index.php?rest_route=%2Fwp%2Fv2%2Fcategories&post=14308"},{"taxonomy":"post_tag","embeddable":true,"href":"https:\/\/radiorevelacionfm.cl\/index.php?rest_route=%2Fwp%2Fv2%2Ftags&post=14308"}],"curies":[{"name":"wp","href":"https:\/\/api.w.org\/{rel}","templated":true}]}}