{"id":14303,"date":"2022-03-07T09:22:03","date_gmt":"2022-03-07T12:22:03","guid":{"rendered":"https:\/\/radiorevelacionfm.cl\/?p=14303"},"modified":"2022-03-07T09:22:03","modified_gmt":"2022-03-07T12:22:03","slug":"manifiestan-preocupacion-por-imposibilidad-de-realizar-actividades-deportivas-en-puerto-aysen","status":"publish","type":"post","link":"https:\/\/radiorevelacionfm.cl\/?p=14303","title":{"rendered":"Manifiestan preocupaci\u00f3n por imposibilidad de realizar actividades deportivas en Puerto Ays\u00e9n"},"content":{"rendered":"<div class=\"flex_column av_one_full  flex_column_div av-zero-column-padding first  avia-builder-el-0  el_before_av_one_full  avia-builder-el-first  \" style='border-radius:0px; '><div  class='avia-image-container  av-styling-    avia-builder-el-1  avia-builder-el-no-sibling  avia-align-center '  itemprop=\"image\" itemscope=\"itemscope\" itemtype=\"https:\/\/schema.org\/ImageObject\"  ><div class='avia-image-container-inner'><div class='avia-image-overlay-wrap'><img decoding=\"async\" class='wp-image-14304 avia-img-lazy-loading-not-14304 avia_image' src=\"https:\/\/radiorevelacionfm.cl\/wp-content\/uploads\/2022\/03\/Gimnasio-Aysen-1-1.jpg\" alt='' title='Gimnasio Aysen (1) (1)' height=\"600\" width=\"800\"  itemprop=\"thumbnailUrl\" srcset=\"https:\/\/radiorevelacionfm.cl\/wp-content\/uploads\/2022\/03\/Gimnasio-Aysen-1-1.jpg 800w, https:\/\/radiorevelacionfm.cl\/wp-content\/uploads\/2022\/03\/Gimnasio-Aysen-1-1-300x225.jpg 300w, https:\/\/radiorevelacionfm.cl\/wp-content\/uploads\/2022\/03\/Gimnasio-Aysen-1-1-768x576.jpg 768w, https:\/\/radiorevelacionfm.cl\/wp-content\/uploads\/2022\/03\/Gimnasio-Aysen-1-1-705x529.jpg 705w, https:\/\/radiorevelacionfm.cl\/wp-content\/uploads\/2022\/03\/Gimnasio-Aysen-1-1-600x450.jpg 600w\" sizes=\"(max-width: 800px) 100vw, 800px\" \/><\/div><\/div><\/div><\/div><div class=\"flex_column av_one_full  flex_column_div av-zero-column-padding first  avia-builder-el-2  el_after_av_one_full  el_before_av_one_full  column-top-margin\" style='border-radius:0px; '><section class=\"av_textblock_section \"  itemscope=\"itemscope\" itemtype=\"https:\/\/schema.org\/BlogPosting\" itemprop=\"blogPost\" ><div class='avia_textblock  '   itemprop=\"text\" ><p style=\"text-align: center;\"><strong><span style=\"font-size: 18pt;\">Manifiestan preocupaci\u00f3n por imposibilidad de realizar actividades deportivas en Puerto Ays\u00e9n<\/span><\/strong><\/p>\n<div id=\"gtx-trans\" style=\"position: absolute; left: -50px; top: 4.31534px;\">\n<div class=\"gtx-trans-icon\"><\/div>\n<\/div>\n<\/div><\/section><\/div><div class=\"flex_column av_one_full  flex_column_div av-zero-column-padding first  avia-builder-el-4  el_after_av_one_full  el_before_av_hr  column-top-margin\" style='border-radius:0px; '><section class=\"av_textblock_section \"  itemscope=\"itemscope\" itemtype=\"https:\/\/schema.org\/BlogPosting\" itemprop=\"blogPost\" ><div class='avia_textblock  '   itemprop=\"text\" ><p style=\"text-align: justify;\">Esto debido a que Puerto Ays\u00e9n lleva casi un mes en Fase 2.<\/p>\n<p style=\"text-align: justify;\">Compartimos entrevista realizada a Alejandro Vera de la Red de Profesores de Educaci\u00f3n F\u00edsica de Puerto Ays\u00e9n quienes administran el Gimnasio IND. En la oportunidad Vera manifiesta su inquietud y preocupaci\u00f3n por la imposibilidad de realizar actividades de \u00edndole deportivo en este tipo de recintos, poniendo como ejemplo otros tipos de actividades en donde hay m\u00e1s aforos estando en Fase 2. El Profesor espera que en los pr\u00f3ximos d\u00edas junto con avanzar de fase pueda existir una revisi\u00f3n a los protocolos sanitarios para la realizaci\u00f3n de actividades f\u00edsicas en cualquier recinto deportivo.<\/p>\n<p style=\"text-align: justify;\">Alejandro Vera de la Red de Profesores de Educaci\u00f3n F\u00edsica es qui\u00e9n manifestaba sus impresiones ante esta situaci\u00f3n \u201cla verdad que ya llevamos aproximadamente un mes de sin poder realizar de actividades deportivas de forma normal y sistem\u00e1tica producto de los aforos que nos indican en el plan paso a paso y en la fase en la que nos encontramos lamentablemente, sin embargo genera ruido el que sigamos siendo la \u00fanica comuna o ciudad que se encuentra en fase 2 comparando los n\u00fameros estad\u00edsticos por n\u00famero de poblaci\u00f3n no encontramos la respuesta ah\u00ed, porque otras comunas ocupando esos datos estad\u00edsticos tienen m\u00e1s casos que nosotros, entonces por esta raz\u00f3n estamos con una pausa en el tema del deporte formativo y tambi\u00e9n recreativas con adultos de los clubes que ocupan este gimnasio d\u00eda a d\u00eda\u201d.<\/p>\n<p style=\"text-align: justify;\">Vera hac\u00eda comparaciones a otras actividades recreativas o de \u00edndole social que funcionan sin ninguna restricci\u00f3n en cuanto a afores a diferencia de las actividades deportivas bajo techo \u201ccuesta entender que no se haya cambiado el protocolo enfocado en esta restricci\u00f3n porque tu vez lo que pasa en discoteque, restaurantes o colegios yo hago clases de educaci\u00f3n f\u00edsica y por ese lado las autoridades si permiten y est\u00e1 bien que hagamos clases con los protocolos que se adoptan porque estamos as\u00ed estimulando a mejorar la salud\u201d.<\/p>\n<p style=\"text-align: justify;\">Finalmente Alejandro Vera espera que este lunes pueda cambiar de fase o reevaluar los protocolos para el retorno seguro a las actividades deportivas en recintos techados.<\/p>\n<\/div><\/section><\/div><div  style='height:50px' class='hr hr-invisible   avia-builder-el-6  el_after_av_one_full  el_before_av_social_share '><span class='hr-inner ' ><span class='hr-inner-style'><\/span><\/span><\/div><\/p>\n<div  class='av-social-sharing-box  avia-builder-el-7  el_after_av_hr  el_before_av_hr  '><div class='av-share-box'><h5 class='av-share-link-description av-no-toc '>Compartir esta noticia<\/h5><ul class='av-share-box-list noLightbox'><li class='av-share-link av-social-link-facebook' ><a target=\"_blank\" aria-label=\"Compartir en Facebook\" href='https:\/\/www.facebook.com\/sharer.php?u=https:\/\/radiorevelacionfm.cl\/?p=14303&#038;t=Manifiestan%20preocupaci%C3%B3n%20por%20imposibilidad%20de%20realizar%20actividades%20deportivas%20en%20Puerto%20Ays%C3%A9n' aria-hidden='false' data-av_icon='\ue8f3' data-av_iconfont='entypo-fontello' title='' data-avia-related-tooltip='Compartir en Facebook' rel=\"noopener\"><span class='avia_hidden_link_text'>Compartir en Facebook<\/span><\/a><\/li><li class='av-share-link av-social-link-twitter' ><a target=\"_blank\" aria-label=\"Compartir en Twitter\" href='https:\/\/twitter.com\/share?text=Manifiestan%20preocupaci%C3%B3n%20por%20imposibilidad%20de%20realizar%20actividades%20deportivas%20en%20Puerto%20Ays%C3%A9n&#038;url=https:\/\/radiorevelacionfm.cl\/?p=14303' aria-hidden='false' data-av_icon='\ue8f1' data-av_iconfont='entypo-fontello' title='' data-avia-related-tooltip='Compartir en Twitter' rel=\"noopener\"><span class='avia_hidden_link_text'>Compartir en Twitter<\/span><\/a><\/li><li class='av-share-link av-social-link-whatsapp' ><a target=\"_blank\" aria-label=\"Compartir en Whatsapp\" href='https:\/\/api.whatsapp.com\/send?text=https:\/\/radiorevelacionfm.cl\/?p=14303' aria-hidden='false' data-av_icon='\uf232' data-av_iconfont='entypo-fontello' title='' data-avia-related-tooltip='Compartir en Whatsapp' rel=\"noopener\"><span class='avia_hidden_link_text'>Compartir en Whatsapp<\/span><\/a><\/li><li class='av-share-link av-social-link-linkedin' ><a target=\"_blank\" aria-label=\"Compartir en LinkedIn\" href='https:\/\/linkedin.com\/shareArticle?mini=true&#038;title=Manifiestan%20preocupaci%C3%B3n%20por%20imposibilidad%20de%20realizar%20actividades%20deportivas%20en%20Puerto%20Ays%C3%A9n&#038;url=https:\/\/radiorevelacionfm.cl\/?p=14303' aria-hidden='false' data-av_icon='\ue8fc' data-av_iconfont='entypo-fontello' title='' data-avia-related-tooltip='Compartir en LinkedIn' rel=\"noopener\"><span class='avia_hidden_link_text'>Compartir en LinkedIn<\/span><\/a><\/li><li class='av-share-link av-social-link-mail' ><a  aria-label=\"Compartir por correo\" href='mailto:?subject=Manifiestan%20preocupaci%C3%B3n%20por%20imposibilidad%20de%20realizar%20actividades%20deportivas%20en%20Puerto%20Ays%C3%A9n&#038;body=https:\/\/radiorevelacionfm.cl\/?p=14303' aria-hidden='false' data-av_icon='\ue805' data-av_iconfont='entypo-fontello' title='' data-avia-related-tooltip='Compartir por correo'><span class='avia_hidden_link_text'>Compartir por correo<\/span><\/a><\/li><\/ul><\/div><\/div>\n<div  style='height:50px' class='hr hr-invisible   avia-builder-el-8  el_after_av_social_share  el_before_av_comments_list '><span class='hr-inner ' ><span class='hr-inner-style'><\/span><\/span><\/div>\n<div  class='av-buildercomment  av-blog-meta-html-info-disabled av-blog-meta-tag-disabled  '><\/div>\n","protected":false},"excerpt":{"rendered":"","protected":false},"author":1,"featured_media":14304,"comment_status":"open","ping_status":"open","sticky":false,"template":"","format":"standard","meta":{"footnotes":""},"categories":[38],"tags":[],"class_list":["post-14303","post","type-post","status-publish","format-standard","has-post-thumbnail","hentry","category-regional"],"jetpack_featured_media_url":"https:\/\/radiorevelacionfm.cl\/wp-content\/uploads\/2022\/03\/Gimnasio-Aysen-1-1.jpg","_links":{"self":[{"href":"https:\/\/radiorevelacionfm.cl\/index.php?rest_route=\/wp\/v2\/posts\/14303","targetHints":{"allow":["GET"]}}],"collection":[{"href":"https:\/\/radiorevelacionfm.cl\/index.php?rest_route=\/wp\/v2\/posts"}],"about":[{"href":"https:\/\/radiorevelacionfm.cl\/index.php?rest_route=\/wp\/v2\/types\/post"}],"author":[{"embeddable":true,"href":"https:\/\/radiorevelacionfm.cl\/index.php?rest_route=\/wp\/v2\/users\/1"}],"replies":[{"embeddable":true,"href":"https:\/\/radiorevelacionfm.cl\/index.php?rest_route=%2Fwp%2Fv2%2Fcomments&post=14303"}],"version-history":[{"count":2,"href":"https:\/\/radiorevelacionfm.cl\/index.php?rest_route=\/wp\/v2\/posts\/14303\/revisions"}],"predecessor-version":[{"id":14306,"href":"https:\/\/radiorevelacionfm.cl\/index.php?rest_route=\/wp\/v2\/posts\/14303\/revisions\/14306"}],"wp:featuredmedia":[{"embeddable":true,"href":"https:\/\/radiorevelacionfm.cl\/index.php?rest_route=\/wp\/v2\/media\/14304"}],"wp:attachment":[{"href":"https:\/\/radiorevelacionfm.cl\/index.php?rest_route=%2Fwp%2Fv2%2Fmedia&parent=14303"}],"wp:term":[{"taxonomy":"category","embeddable":true,"href":"https:\/\/radiorevelacionfm.cl\/index.php?rest_route=%2Fwp%2Fv2%2Fcategories&post=14303"},{"taxonomy":"post_tag","embeddable":true,"href":"https:\/\/radiorevelacionfm.cl\/index.php?rest_route=%2Fwp%2Fv2%2Ftags&post=14303"}],"curies":[{"name":"wp","href":"https:\/\/api.w.org\/{rel}","templated":true}]}}