{"id":14300,"date":"2022-03-07T09:30:52","date_gmt":"2022-03-07T12:30:52","guid":{"rendered":"https:\/\/radiorevelacionfm.cl\/?p=14300"},"modified":"2022-03-07T09:30:52","modified_gmt":"2022-03-07T12:30:52","slug":"leyes-impulsadas-en-el-gobierno-del-presidente-pinera-daran-mayor-proteccion-y-seguridad-a-las-mujeres","status":"publish","type":"post","link":"https:\/\/radiorevelacionfm.cl\/?p=14300","title":{"rendered":"Leyes impulsadas en el Gobierno del Presidente Pi\u00f1era dar\u00e1n mayor protecci\u00f3n y seguridad a las Mujeres"},"content":{"rendered":"<div class=\"flex_column av_one_full  flex_column_div av-zero-column-padding first  avia-builder-el-0  el_before_av_one_full  avia-builder-el-first  \" style='border-radius:0px; '><div  class='avia-image-container  av-styling-    avia-builder-el-1  avia-builder-el-no-sibling  avia-align-center '  itemprop=\"image\" itemscope=\"itemscope\" itemtype=\"https:\/\/schema.org\/ImageObject\"  ><div class='avia-image-container-inner'><div class='avia-image-overlay-wrap'><img decoding=\"async\" class='wp-image-14301 avia-img-lazy-loading-not-14301 avia_image' src=\"https:\/\/radiorevelacionfm.cl\/wp-content\/uploads\/2022\/03\/Seremi-Luis-Prieto2-1-1.jpg\" alt='' title='Seremi Luis Prieto2 (1) (1)' height=\"600\" width=\"840\"  itemprop=\"thumbnailUrl\" srcset=\"https:\/\/radiorevelacionfm.cl\/wp-content\/uploads\/2022\/03\/Seremi-Luis-Prieto2-1-1.jpg 840w, https:\/\/radiorevelacionfm.cl\/wp-content\/uploads\/2022\/03\/Seremi-Luis-Prieto2-1-1-300x214.jpg 300w, https:\/\/radiorevelacionfm.cl\/wp-content\/uploads\/2022\/03\/Seremi-Luis-Prieto2-1-1-768x549.jpg 768w, https:\/\/radiorevelacionfm.cl\/wp-content\/uploads\/2022\/03\/Seremi-Luis-Prieto2-1-1-260x185.jpg 260w, https:\/\/radiorevelacionfm.cl\/wp-content\/uploads\/2022\/03\/Seremi-Luis-Prieto2-1-1-705x504.jpg 705w, https:\/\/radiorevelacionfm.cl\/wp-content\/uploads\/2022\/03\/Seremi-Luis-Prieto2-1-1-600x429.jpg 600w\" sizes=\"(max-width: 840px) 100vw, 840px\" \/><\/div><\/div><\/div><\/div><div class=\"flex_column av_one_full  flex_column_div av-zero-column-padding first  avia-builder-el-2  el_after_av_one_full  el_before_av_one_full  column-top-margin\" style='border-radius:0px; '><section class=\"av_textblock_section \"  itemscope=\"itemscope\" itemtype=\"https:\/\/schema.org\/BlogPosting\" itemprop=\"blogPost\" ><div class='avia_textblock  '   itemprop=\"text\" ><p style=\"text-align: center;\"><span style=\"font-size: 18pt;\"><strong>Leyes impulsadas en el Gobierno del Presidente Pi\u00f1era dar\u00e1n mayor protecci\u00f3n y seguridad a las Mujeres <\/strong><\/span><\/p>\n<div id=\"gtx-trans\" style=\"position: absolute; left: -50px; top: 4.31534px;\">\n<div class=\"gtx-trans-icon\"><\/div>\n<\/div>\n<\/div><\/section><\/div><div class=\"flex_column av_one_full  flex_column_div av-zero-column-padding first  avia-builder-el-4  el_after_av_one_full  el_before_av_hr  column-top-margin\" style='border-radius:0px; '><section class=\"av_textblock_section \"  itemscope=\"itemscope\" itemtype=\"https:\/\/schema.org\/BlogPosting\" itemprop=\"blogPost\" ><div class='avia_textblock  '   itemprop=\"text\" ><p style=\"text-align: justify;\">Diversas han sido las normativas legales impulsadas durante el Gobierno del Presidente Sebasti\u00e1n Pi\u00f1era que han permitido dar mayor protecci\u00f3n e igualdad a todas las mujeres, se trata de la Ley de Monitoreo Telem\u00e1tico, el Registro Nacional de Deudores de Pensiones Alimenticias y la Ley en el orden de los apellidos, las que hoy en el marco de la conmemoraci\u00f3n del D\u00eda Internacional de la Mujer cobran mayor relevancia.<\/p>\n<p style=\"text-align: justify;\">El Seremi de Justicia y DD.HH Luis Prieto record\u00f3 que estas iniciativas fueron impulsadas por el Ministerio de Justicia y DD.HH y el Ministerio de la Mujer y Equidad de G\u00e9nero, se\u00f1alando que \u201clos avances legislativos que se han concretado en materia de Mujer en nuestra administraci\u00f3n son sin duda significativos, los cuales incluso involucran un cambio de paradigma, como lo es la ley que posibilita el cambio en el orden de los apellidos, promoviendo adem\u00e1s la corresponsabilidad familiar de los hijos en com\u00fan, que es uno de los objetivos de fondo de la ley que crea el Registro Nacional de Deudores de Pensiones Alimenticias, y avanzando en la prevenci\u00f3n de hechos de violencia contra las mujeres, por medio de la Ley de Monitoreo Telem\u00e1tico, la cual contribuir\u00e1 a que las medidas cautelares de alejamiento dictadas por los tribunales se cumplan de manera efectiva\u201d.<\/p>\n<p style=\"text-align: justify;\">Cabe mencionar que en el caso de la Ley de Monitoreo Telem\u00e1tico, permite el uso tobilleras electr\u00f3nicas a quienes sean formalizados por violencia intrafamiliar y tengan prohibici\u00f3n de acercarse a la v\u00edctima, as\u00ed como lo autorizaci\u00f3n en determinadas causas que lleven los Tribunales de Familia, la que entrar\u00e1 en funcionamiento en abril pr\u00f3ximo, dado que modifica la ley de Tribunales de Familia, y con posterioridad modificar\u00e1 en los Juzgados de Garant\u00eda, ya que tambi\u00e9n modifica la Ley de Violencia Intrafamiliar.<\/p>\n<p style=\"text-align: justify;\">La segunda instancia legal, dice relaci\u00f3n con el Registro Nacional de Deudores de Pensiones Alimenticias, ley que entrar\u00e1 en vigencia el segundo semestre de este a\u00f1o, y que velar\u00e1 por el pago oportuno de las obligaciones alimenticias, dicho registro ser\u00e1 100% en l\u00ednea y estar\u00e1 administrado por el Servicio de Registro Civil e Identificaci\u00f3n, en \u00e9l estar\u00e1n anotados todos aquellos alimentantes que deban, total o parcialmente, tres mensualidades consecutivas de alimentos, o cinco discontinuas. A su vez el tribunal deber\u00e1 actualizar mensualmente el Registro con el n\u00famero de cuotas y el monto adeudado de cada persona que lo integre. Solo se podr\u00e1 salir del Registro cuando se pague la totalidad de la deuda, o cuando se llegue a un acuerdo judicial que garantice el pago, siendo \u00fanicamente un Tribunal de Familia el que podr\u00e1 eliminar del Registro a un deudor.<\/p>\n<p style=\"text-align: justify;\">Finalmente, est\u00e1 la ley del Orden de los Apellidos que entr\u00f3 en vigencia recientemente y que permite a las personas solicitar administrativamente el cambio en el orden de los apellidos poniendo primero el materno y despu\u00e9s el paterno, norma que entrega la responsabilidad a los progenitores de establecer el orden de los apellidos de su primog\u00e9nito el cual se extender\u00e1 a los hijos en com\u00fan que inscriban con posterioridad, eligiendo si va primero el apellido paterno o materno, lo que genera mayor igualdad entre hombres y mujeres, ya que las madres podr\u00e1n legarle su apellido como el primer apellido a sus hijos.<\/p>\n<\/div><\/section><\/div><div  style='height:50px' class='hr hr-invisible   avia-builder-el-6  el_after_av_one_full  el_before_av_social_share '><span class='hr-inner ' ><span class='hr-inner-style'><\/span><\/span><\/div><\/p>\n<div  class='av-social-sharing-box  avia-builder-el-7  el_after_av_hr  el_before_av_hr  '><div class='av-share-box'><h5 class='av-share-link-description av-no-toc '>Compartir esta noticia<\/h5><ul class='av-share-box-list noLightbox'><li class='av-share-link av-social-link-facebook' ><a target=\"_blank\" aria-label=\"Compartir en Facebook\" href='https:\/\/www.facebook.com\/sharer.php?u=https:\/\/radiorevelacionfm.cl\/?p=14300&#038;t=Leyes%20impulsadas%20en%20el%20Gobierno%20del%20Presidente%20Pi%C3%B1era%20dar%C3%A1n%20mayor%20protecci%C3%B3n%20y%20seguridad%20a%20las%20Mujeres' aria-hidden='false' data-av_icon='\ue8f3' data-av_iconfont='entypo-fontello' title='' data-avia-related-tooltip='Compartir en Facebook' rel=\"noopener\"><span class='avia_hidden_link_text'>Compartir en Facebook<\/span><\/a><\/li><li class='av-share-link av-social-link-twitter' ><a target=\"_blank\" aria-label=\"Compartir en Twitter\" href='https:\/\/twitter.com\/share?text=Leyes%20impulsadas%20en%20el%20Gobierno%20del%20Presidente%20Pi%C3%B1era%20dar%C3%A1n%20mayor%20protecci%C3%B3n%20y%20seguridad%20a%20las%20Mujeres&#038;url=https:\/\/radiorevelacionfm.cl\/?p=14300' aria-hidden='false' data-av_icon='\ue8f1' data-av_iconfont='entypo-fontello' title='' data-avia-related-tooltip='Compartir en Twitter' rel=\"noopener\"><span class='avia_hidden_link_text'>Compartir en Twitter<\/span><\/a><\/li><li class='av-share-link av-social-link-whatsapp' ><a target=\"_blank\" aria-label=\"Compartir en Whatsapp\" href='https:\/\/api.whatsapp.com\/send?text=https:\/\/radiorevelacionfm.cl\/?p=14300' aria-hidden='false' data-av_icon='\uf232' data-av_iconfont='entypo-fontello' title='' data-avia-related-tooltip='Compartir en Whatsapp' rel=\"noopener\"><span class='avia_hidden_link_text'>Compartir en Whatsapp<\/span><\/a><\/li><li class='av-share-link av-social-link-linkedin' ><a target=\"_blank\" aria-label=\"Compartir en LinkedIn\" href='https:\/\/linkedin.com\/shareArticle?mini=true&#038;title=Leyes%20impulsadas%20en%20el%20Gobierno%20del%20Presidente%20Pi%C3%B1era%20dar%C3%A1n%20mayor%20protecci%C3%B3n%20y%20seguridad%20a%20las%20Mujeres&#038;url=https:\/\/radiorevelacionfm.cl\/?p=14300' aria-hidden='false' data-av_icon='\ue8fc' data-av_iconfont='entypo-fontello' title='' data-avia-related-tooltip='Compartir en LinkedIn' rel=\"noopener\"><span class='avia_hidden_link_text'>Compartir en LinkedIn<\/span><\/a><\/li><li class='av-share-link av-social-link-mail' ><a  aria-label=\"Compartir por correo\" href='mailto:?subject=Leyes%20impulsadas%20en%20el%20Gobierno%20del%20Presidente%20Pi%C3%B1era%20dar%C3%A1n%20mayor%20protecci%C3%B3n%20y%20seguridad%20a%20las%20Mujeres&#038;body=https:\/\/radiorevelacionfm.cl\/?p=14300' aria-hidden='false' data-av_icon='\ue805' data-av_iconfont='entypo-fontello' title='' data-avia-related-tooltip='Compartir por correo'><span class='avia_hidden_link_text'>Compartir por correo<\/span><\/a><\/li><\/ul><\/div><\/div>\n<div  style='height:50px' class='hr hr-invisible   avia-builder-el-8  el_after_av_social_share  el_before_av_comments_list '><span class='hr-inner ' ><span class='hr-inner-style'><\/span><\/span><\/div>\n<div  class='av-buildercomment  av-blog-meta-html-info-disabled av-blog-meta-tag-disabled  '><\/div>\n","protected":false},"excerpt":{"rendered":"","protected":false},"author":1,"featured_media":14301,"comment_status":"open","ping_status":"open","sticky":false,"template":"","format":"standard","meta":{"footnotes":""},"categories":[38],"tags":[],"class_list":["post-14300","post","type-post","status-publish","format-standard","has-post-thumbnail","hentry","category-regional"],"jetpack_featured_media_url":"https:\/\/radiorevelacionfm.cl\/wp-content\/uploads\/2022\/03\/Seremi-Luis-Prieto2-1-1.jpg","_links":{"self":[{"href":"https:\/\/radiorevelacionfm.cl\/index.php?rest_route=\/wp\/v2\/posts\/14300","targetHints":{"allow":["GET"]}}],"collection":[{"href":"https:\/\/radiorevelacionfm.cl\/index.php?rest_route=\/wp\/v2\/posts"}],"about":[{"href":"https:\/\/radiorevelacionfm.cl\/index.php?rest_route=\/wp\/v2\/types\/post"}],"author":[{"embeddable":true,"href":"https:\/\/radiorevelacionfm.cl\/index.php?rest_route=\/wp\/v2\/users\/1"}],"replies":[{"embeddable":true,"href":"https:\/\/radiorevelacionfm.cl\/index.php?rest_route=%2Fwp%2Fv2%2Fcomments&post=14300"}],"version-history":[{"count":2,"href":"https:\/\/radiorevelacionfm.cl\/index.php?rest_route=\/wp\/v2\/posts\/14300\/revisions"}],"predecessor-version":[{"id":14307,"href":"https:\/\/radiorevelacionfm.cl\/index.php?rest_route=\/wp\/v2\/posts\/14300\/revisions\/14307"}],"wp:featuredmedia":[{"embeddable":true,"href":"https:\/\/radiorevelacionfm.cl\/index.php?rest_route=\/wp\/v2\/media\/14301"}],"wp:attachment":[{"href":"https:\/\/radiorevelacionfm.cl\/index.php?rest_route=%2Fwp%2Fv2%2Fmedia&parent=14300"}],"wp:term":[{"taxonomy":"category","embeddable":true,"href":"https:\/\/radiorevelacionfm.cl\/index.php?rest_route=%2Fwp%2Fv2%2Fcategories&post=14300"},{"taxonomy":"post_tag","embeddable":true,"href":"https:\/\/radiorevelacionfm.cl\/index.php?rest_route=%2Fwp%2Fv2%2Ftags&post=14300"}],"curies":[{"name":"wp","href":"https:\/\/api.w.org\/{rel}","templated":true}]}}