{"id":14295,"date":"2022-03-06T17:59:05","date_gmt":"2022-03-06T20:59:05","guid":{"rendered":"https:\/\/radiorevelacionfm.cl\/?p=14295"},"modified":"2022-03-06T18:08:25","modified_gmt":"2022-03-06T21:08:25","slug":"coyhaique-detienen-a-banda-criminal-involucrada-en-robo-con-intimidacion-que-afecto-a-una-familia-en-el-interior-de-su-domicilio","status":"publish","type":"post","link":"https:\/\/radiorevelacionfm.cl\/?p=14295","title":{"rendered":"Coyhaique: Detienen a banda criminal involucrada en robo con intimidaci\u00f3n que afect\u00f3 a una familia en el interior de su domicilio"},"content":{"rendered":"<div class=\"flex_column av_one_full  flex_column_div av-zero-column-padding first  avia-builder-el-0  el_before_av_one_full  avia-builder-el-first  \" style='border-radius:0px; '><div  class='avia-image-container  av-styling-    avia-builder-el-1  avia-builder-el-no-sibling  avia-align-center '  itemprop=\"image\" itemscope=\"itemscope\" itemtype=\"https:\/\/schema.org\/ImageObject\"  ><div class='avia-image-container-inner'><div class='avia-image-overlay-wrap'><img decoding=\"async\" class='wp-image-14296 avia-img-lazy-loading-not-14296 avia_image' src=\"https:\/\/radiorevelacionfm.cl\/wp-content\/uploads\/2022\/03\/06-03-2022-Detenidos-robo-con-intimidacion-1-1.jpg\" alt='' title='06-03-2022 Detenidos robo con intimidaci\u00f3n (1) (1)' height=\"600\" width=\"995\"  itemprop=\"thumbnailUrl\" srcset=\"https:\/\/radiorevelacionfm.cl\/wp-content\/uploads\/2022\/03\/06-03-2022-Detenidos-robo-con-intimidacion-1-1.jpg 995w, https:\/\/radiorevelacionfm.cl\/wp-content\/uploads\/2022\/03\/06-03-2022-Detenidos-robo-con-intimidacion-1-1-300x181.jpg 300w, https:\/\/radiorevelacionfm.cl\/wp-content\/uploads\/2022\/03\/06-03-2022-Detenidos-robo-con-intimidacion-1-1-768x463.jpg 768w, https:\/\/radiorevelacionfm.cl\/wp-content\/uploads\/2022\/03\/06-03-2022-Detenidos-robo-con-intimidacion-1-1-705x425.jpg 705w, https:\/\/radiorevelacionfm.cl\/wp-content\/uploads\/2022\/03\/06-03-2022-Detenidos-robo-con-intimidacion-1-1-600x362.jpg 600w\" sizes=\"(max-width: 995px) 100vw, 995px\" \/><\/div><\/div><\/div><\/div>\n<div class=\"flex_column av_one_full  flex_column_div av-zero-column-padding first  avia-builder-el-2  el_after_av_one_full  el_before_av_one_full  column-top-margin\" style='border-radius:0px; '><section class=\"av_textblock_section \"  itemscope=\"itemscope\" itemtype=\"https:\/\/schema.org\/BlogPosting\" itemprop=\"blogPost\" ><div class='avia_textblock  '   itemprop=\"text\" ><p style=\"text-align: center;\"><strong><span style=\"font-size: 18pt;\">Coyhaique: Detienen a banda criminal involucrada en robo con intimidaci\u00f3n que afect\u00f3 a una familia en el interior de su domicilio<\/span><\/strong><\/p>\n<div id=\"gtx-trans\" style=\"position: absolute; left: -50px; top: 4.31534px;\">\n<div class=\"gtx-trans-icon\"><\/div>\n<\/div>\n<\/div><\/section><\/div>\n<div class=\"flex_column av_one_full  flex_column_div av-zero-column-padding first  avia-builder-el-4  el_after_av_one_full  el_before_av_hr  column-top-margin\" style='border-radius:0px; '><section class=\"av_textblock_section \"  itemscope=\"itemscope\" itemtype=\"https:\/\/schema.org\/BlogPosting\" itemprop=\"blogPost\" ><div class='avia_textblock  '   itemprop=\"text\" ><p style=\"text-align: justify;\">Detectives de la Brigada Investigadora de Robos (BIRO) Coyhaique, en un trabajo mancomunado con el Ministerio P\u00fablico, detuvieron a tres sujetos mayores de edad \u00a0-dos de ellos con antecedentes policiales- por su participaci\u00f3n en un delito de robo con intimidaci\u00f3n ocurrido durante la madrugada del pasado s\u00e1bado y que afect\u00f3 a la administradora de un local comercial de la ciudad de Coyhaique en su domicilio particular, instancia en donde los autores del hecho intimidaron a la v\u00edctima con armas cortantes para sustraer $3.000.000 en efectivo y otras especies.<\/p>\n<p style=\"text-align: justify;\">Sobre los hechos, el jefe de la Brigada Investigadora de Robos Coyhaique, subprefecto V\u00edctor Toledo, se\u00f1al\u00f3 que \u201cpor instrucci\u00f3n del Ministerio P\u00fablico el d\u00eda s\u00e1bado en horas de la madrugada se tom\u00f3 conocimiento de un delito de robo con intimidaci\u00f3n que afect\u00f3 a una familia de la comuna de Coyhaique, motivo por el cual el equipo especializado concurri\u00f3 hasta el domicilio tomando conocimiento que aproximadamente a las cinco de la madrugada dos sujetos ingresan hasta el interior del domicilio, portando armas cortantes con las cuales intimidan a los dependientes, oblig\u00e1ndolos a hacer entrega del dinero recaudado en su trabajo, adem\u00e1s robaron otras especies de menor valor\u201d, para posteriormente huir en direcci\u00f3n desconocida.<\/p>\n<p style=\"text-align: justify;\">La PDI comenz\u00f3 a efectuar diversas diligencias investigativas apoyadas por peritos del Laboratorio de Criminal\u00edstica Regional, coordinando los avances investigativos con el Ministerio P\u00fablico. Los detectives especializados realizaron el levantamiento y revisi\u00f3n de im\u00e1genes obtenidas desde c\u00e1maras de vigilancia y empadronamientos, y como resultado de un trabajo de an\u00e1lisis e investigaci\u00f3n criminal durante las primeras diligencias en el sitio del suceso, lograron posicionar un veh\u00edculo que habr\u00eda sido utilizado para cometer el delito y ubicar a su conductor, lo que permiti\u00f3 identificar a los autores del delito. \u201cEs as\u00ed que se logra la individualizaci\u00f3n de tres de los responsables de la comisi\u00f3n de este delito, de las dos personas que ingresan al interior del inmueble como tambi\u00e9n de un tercero que facilit\u00f3 su veh\u00edculo para el traslado de los imputados\u201d, puntualiz\u00f3 el jefe de la BIRO Coyhaique.<\/p>\n<p style=\"text-align: justify;\">Con estos antecedentes el Ministerio P\u00fablico gestion\u00f3 las \u00f3rdenes de detenci\u00f3n para los tres imputados, \u201clas cuales fueron diligenciadas el d\u00eda s\u00e1bado, se incautaron parte de las especies sustra\u00eddas y se logr\u00f3 la detenci\u00f3n de los tres imputados\u201d, agreg\u00f3 el subprefecto V\u00edctor Toledo. Adem\u00e1s, se incaut\u00f3 40 gramos de cannabis sativa y elementos para dosificaci\u00f3n.<\/p>\n<p style=\"text-align: justify;\">Tras la detenci\u00f3n, los sujetos fueron puestos a disposici\u00f3n del Juzgado de Garant\u00eda de la ciudad para su control de detenci\u00f3n y formalizaci\u00f3n por parte de la Fiscal\u00eda. En relaci\u00f3n a esto, el fiscal Alex Olivero detall\u00f3 que \u201cse llev\u00f3 a efecto la audiencia de control de detenci\u00f3n que fue declarada legal por parte del Magistrado y la formalizaci\u00f3n respecto de estos tres imputados. Quedaron con la medida cautelar de prisi\u00f3n preventiva y se determin\u00f3 un plazo de investigaci\u00f3n de 70 d\u00edas\u201d.<\/p>\n<p style=\"text-align: justify;\">El fiscal Olivero precis\u00f3 que los dos sujetos que ingresaron hasta el domicilio de la v\u00edctima tienen condenas anteriores por los mismos delitos, \u201cuno de ellos tiene una condena por el mismo delito de robo con intimidaci\u00f3n cometido cuando era menor de edad y el otro individuo tiene m\u00faltiples condenas, una de ellas tambi\u00e9n por el delito de robo con intimidaci\u00f3n\u201d.<\/p>\n<p style=\"text-align: justify;\">En este caso, el fiscal de turno deriv\u00f3 los antecedentes a la Unidad de Atenci\u00f3n a V\u00edctimas y Testigos de la Fiscal\u00eda Regional, quienes se contactar\u00e1n con las v\u00edctimas, a fin de apoyarles y entregar la orientaci\u00f3n necesaria ante este tipo de hechos.<\/p>\n<\/div><\/section><\/div><div  style='height:50px' class='hr hr-invisible   avia-builder-el-6  el_after_av_one_full  el_before_av_social_share '><span class='hr-inner ' ><span class='hr-inner-style'><\/span><\/span><\/div><\/p>\n<div  class='av-social-sharing-box  avia-builder-el-7  el_after_av_hr  el_before_av_hr  '><div class='av-share-box'><h5 class='av-share-link-description av-no-toc '>Compartir esta noticia<\/h5><ul class='av-share-box-list noLightbox'><li class='av-share-link av-social-link-facebook' ><a target=\"_blank\" aria-label=\"Compartir en Facebook\" href='https:\/\/www.facebook.com\/sharer.php?u=https:\/\/radiorevelacionfm.cl\/?p=14295&#038;t=Coyhaique%3A%20Detienen%20a%20banda%20criminal%20involucrada%20en%20robo%20con%20intimidaci%C3%B3n%20que%20afect%C3%B3%20a%20una%20familia%20en%20el%20interior%20de%20su%20domicilio' aria-hidden='false' data-av_icon='\ue8f3' data-av_iconfont='entypo-fontello' title='' data-avia-related-tooltip='Compartir en Facebook' rel=\"noopener\"><span class='avia_hidden_link_text'>Compartir en Facebook<\/span><\/a><\/li><li class='av-share-link av-social-link-twitter' ><a target=\"_blank\" aria-label=\"Compartir en Twitter\" href='https:\/\/twitter.com\/share?text=Coyhaique%3A%20Detienen%20a%20banda%20criminal%20involucrada%20en%20robo%20con%20intimidaci%C3%B3n%20que%20afect%C3%B3%20a%20una%20familia%20en%20el%20interior%20de%20su%20domicilio&#038;url=https:\/\/radiorevelacionfm.cl\/?p=14295' aria-hidden='false' data-av_icon='\ue8f1' data-av_iconfont='entypo-fontello' title='' data-avia-related-tooltip='Compartir en Twitter' rel=\"noopener\"><span class='avia_hidden_link_text'>Compartir en Twitter<\/span><\/a><\/li><li class='av-share-link av-social-link-whatsapp' ><a target=\"_blank\" aria-label=\"Compartir en Whatsapp\" href='https:\/\/api.whatsapp.com\/send?text=https:\/\/radiorevelacionfm.cl\/?p=14295' aria-hidden='false' data-av_icon='\uf232' data-av_iconfont='entypo-fontello' title='' data-avia-related-tooltip='Compartir en Whatsapp' rel=\"noopener\"><span class='avia_hidden_link_text'>Compartir en Whatsapp<\/span><\/a><\/li><li class='av-share-link av-social-link-linkedin' ><a target=\"_blank\" aria-label=\"Compartir en LinkedIn\" href='https:\/\/linkedin.com\/shareArticle?mini=true&#038;title=Coyhaique%3A%20Detienen%20a%20banda%20criminal%20involucrada%20en%20robo%20con%20intimidaci%C3%B3n%20que%20afect%C3%B3%20a%20una%20familia%20en%20el%20interior%20de%20su%20domicilio&#038;url=https:\/\/radiorevelacionfm.cl\/?p=14295' aria-hidden='false' data-av_icon='\ue8fc' data-av_iconfont='entypo-fontello' title='' data-avia-related-tooltip='Compartir en LinkedIn' rel=\"noopener\"><span class='avia_hidden_link_text'>Compartir en LinkedIn<\/span><\/a><\/li><li class='av-share-link av-social-link-mail' ><a  aria-label=\"Compartir por correo\" href='mailto:?subject=Coyhaique%3A%20Detienen%20a%20banda%20criminal%20involucrada%20en%20robo%20con%20intimidaci%C3%B3n%20que%20afect%C3%B3%20a%20una%20familia%20en%20el%20interior%20de%20su%20domicilio&#038;body=https:\/\/radiorevelacionfm.cl\/?p=14295' aria-hidden='false' data-av_icon='\ue805' data-av_iconfont='entypo-fontello' title='' data-avia-related-tooltip='Compartir por correo'><span class='avia_hidden_link_text'>Compartir por correo<\/span><\/a><\/li><\/ul><\/div><\/div>\n<div  style='height:50px' class='hr hr-invisible   avia-builder-el-8  el_after_av_social_share  el_before_av_comments_list '><span class='hr-inner ' ><span class='hr-inner-style'><\/span><\/span><\/div>\n<div  class='av-buildercomment  av-blog-meta-html-info-disabled av-blog-meta-tag-disabled  '><\/div>\n","protected":false},"excerpt":{"rendered":"","protected":false},"author":1,"featured_media":14296,"comment_status":"open","ping_status":"open","sticky":false,"template":"","format":"standard","meta":{"footnotes":""},"categories":[36],"tags":[],"class_list":["post-14295","post","type-post","status-publish","format-standard","has-post-thumbnail","hentry","category-policial"],"jetpack_featured_media_url":"https:\/\/radiorevelacionfm.cl\/wp-content\/uploads\/2022\/03\/06-03-2022-Detenidos-robo-con-intimidacion-1-1.jpg","_links":{"self":[{"href":"https:\/\/radiorevelacionfm.cl\/index.php?rest_route=\/wp\/v2\/posts\/14295","targetHints":{"allow":["GET"]}}],"collection":[{"href":"https:\/\/radiorevelacionfm.cl\/index.php?rest_route=\/wp\/v2\/posts"}],"about":[{"href":"https:\/\/radiorevelacionfm.cl\/index.php?rest_route=\/wp\/v2\/types\/post"}],"author":[{"embeddable":true,"href":"https:\/\/radiorevelacionfm.cl\/index.php?rest_route=\/wp\/v2\/users\/1"}],"replies":[{"embeddable":true,"href":"https:\/\/radiorevelacionfm.cl\/index.php?rest_route=%2Fwp%2Fv2%2Fcomments&post=14295"}],"version-history":[{"count":3,"href":"https:\/\/radiorevelacionfm.cl\/index.php?rest_route=\/wp\/v2\/posts\/14295\/revisions"}],"predecessor-version":[{"id":14298,"href":"https:\/\/radiorevelacionfm.cl\/index.php?rest_route=\/wp\/v2\/posts\/14295\/revisions\/14298"}],"wp:featuredmedia":[{"embeddable":true,"href":"https:\/\/radiorevelacionfm.cl\/index.php?rest_route=\/wp\/v2\/media\/14296"}],"wp:attachment":[{"href":"https:\/\/radiorevelacionfm.cl\/index.php?rest_route=%2Fwp%2Fv2%2Fmedia&parent=14295"}],"wp:term":[{"taxonomy":"category","embeddable":true,"href":"https:\/\/radiorevelacionfm.cl\/index.php?rest_route=%2Fwp%2Fv2%2Fcategories&post=14295"},{"taxonomy":"post_tag","embeddable":true,"href":"https:\/\/radiorevelacionfm.cl\/index.php?rest_route=%2Fwp%2Fv2%2Ftags&post=14295"}],"curies":[{"name":"wp","href":"https:\/\/api.w.org\/{rel}","templated":true}]}}