{"id":14289,"date":"2022-03-06T12:43:04","date_gmt":"2022-03-06T15:43:04","guid":{"rendered":"https:\/\/radiorevelacionfm.cl\/?p=14289"},"modified":"2022-03-06T12:43:04","modified_gmt":"2022-03-06T15:43:04","slug":"continua-tour-virtual-patrimonial-que-busca-rescatar-el-patrimonio-cultural-inmueble-de-aysen","status":"publish","type":"post","link":"https:\/\/radiorevelacionfm.cl\/?p=14289","title":{"rendered":"Contin\u00faa Tour Virtual Patrimonial que busca rescatar el patrimonio cultural inmueble de Ays\u00e9n"},"content":{"rendered":"<div class=\"flex_column av_one_full  flex_column_div av-zero-column-padding first  avia-builder-el-0  el_before_av_one_full  avia-builder-el-first  \" style='border-radius:0px; '><div  class='avia-image-container  av-styling-    avia-builder-el-1  avia-builder-el-no-sibling  avia-align-center '  itemprop=\"image\" itemscope=\"itemscope\" itemtype=\"https:\/\/schema.org\/ImageObject\"  ><div class='avia-image-container-inner'><div class='avia-image-overlay-wrap'><img decoding=\"async\" class='wp-image-14290 avia-img-lazy-loading-not-14290 avia_image' src=\"https:\/\/radiorevelacionfm.cl\/wp-content\/uploads\/2022\/03\/nota-prensa-2-1_optimized.jpg\" alt='' title='nota-prensa-2-(1)_optimized' height=\"600\" width=\"1226\"  itemprop=\"thumbnailUrl\" srcset=\"https:\/\/radiorevelacionfm.cl\/wp-content\/uploads\/2022\/03\/nota-prensa-2-1_optimized.jpg 1226w, https:\/\/radiorevelacionfm.cl\/wp-content\/uploads\/2022\/03\/nota-prensa-2-1_optimized-300x147.jpg 300w, https:\/\/radiorevelacionfm.cl\/wp-content\/uploads\/2022\/03\/nota-prensa-2-1_optimized-1030x504.jpg 1030w, https:\/\/radiorevelacionfm.cl\/wp-content\/uploads\/2022\/03\/nota-prensa-2-1_optimized-768x376.jpg 768w, https:\/\/radiorevelacionfm.cl\/wp-content\/uploads\/2022\/03\/nota-prensa-2-1_optimized-705x345.jpg 705w, https:\/\/radiorevelacionfm.cl\/wp-content\/uploads\/2022\/03\/nota-prensa-2-1_optimized-600x294.jpg 600w\" sizes=\"(max-width: 1226px) 100vw, 1226px\" \/><\/div><\/div><\/div><\/div><div class=\"flex_column av_one_full  flex_column_div av-zero-column-padding first  avia-builder-el-2  el_after_av_one_full  el_before_av_one_full  column-top-margin\" style='border-radius:0px; '><section class=\"av_textblock_section \"  itemscope=\"itemscope\" itemtype=\"https:\/\/schema.org\/BlogPosting\" itemprop=\"blogPost\" ><div class='avia_textblock  '   itemprop=\"text\" ><p style=\"text-align: center;\"><strong><span style=\"font-size: 18pt;\">Contin\u00faa Tour Virtual Patrimonial que busca rescatar el patrimonio cultural inmueble de Ays\u00e9n<\/span><\/strong><\/p>\n<div id=\"gtx-trans\" style=\"position: absolute; left: -50px; top: 4.31534px;\">\n<div class=\"gtx-trans-icon\"><\/div>\n<\/div>\n<\/div><\/section><\/div><div class=\"flex_column av_one_full  flex_column_div av-zero-column-padding first  avia-builder-el-4  el_after_av_one_full  el_before_av_hr  column-top-margin\" style='border-radius:0px; '><section class=\"av_textblock_section \"  itemscope=\"itemscope\" itemtype=\"https:\/\/schema.org\/BlogPosting\" itemprop=\"blogPost\" ><div class='avia_textblock  '   itemprop=\"text\" ><p style=\"text-align: justify;\">La Pandemia continua, pero tambi\u00e9n contin\u00faan las ganas de rescatar el patrimonio cultural inmueble de la regi\u00f3n de Ays\u00e9n, es as\u00ed como seguimos con el proyecto TOUR VIRTUAL PATRIMONIAL 2, esta vez en su segunda etapa, dando a conocer cada vez m\u00e1s museos de Ays\u00e9n de manera virtual, todo, gracias al Fondo FNDR 6% Cultura del Gobierno Regional de Ays\u00e9n del a\u00f1o 2021, gracias a la instituci\u00f3n postulante Junta de Vecinos Villa El Divisadero y el patrocinio de Museo Regional de Ays\u00e9n, del Servicio Nacional del Patrimonio Cultural y\u00a0 la Red de Museos Ays\u00e9n.<\/p>\n<p style=\"text-align: justify;\">El proyecto, liderado por Rodrigo Mart\u00ednez Pinto (@imagia360), Arquitecto de profesi\u00f3n, busca crear instancias de difusi\u00f3n del patrimonio cultural inmueble por medio de visitas virtuales a distintas salas museogr\u00e1ficas de la regi\u00f3n y que pertenecen a la red de museos de Ays\u00e9n. Con la t\u00e9cnica de fotograf\u00edas esf\u00e9ricas 360, se entrega una experiencia inmersiva, fomentando nuevas maneras de consumir cultura y motivando a distintos sectores culturales que puedan replicar esta t\u00e9cnica de Tour Virtual, sobretodo en contexto de Covid donde el distanciamiento social es importante.<\/p>\n<p style=\"text-align: justify;\">La idea de que \u00e9stos espacios, se puedan visitar de forma virtual desde un celular por ejemplo, permite ver en detalle c\u00f3mo son por dentro, cada uno de los espacios, pero adem\u00e1s se genera una puesta en valor las obras arquitect\u00f3nicas y exposiciones muesogr\u00e1ficas, que beneficia a toda la comunidad de Ays\u00e9n, ya sea porque se encuentran en localidades muy lejanas o son desconocidos para muchos.<\/p>\n<p style=\"text-align: justify;\">Los registros de esta Segunda Etapa, a\u00fan en ejecuci\u00f3n, y que contar\u00e1n adem\u00e1s con C\u00e1psulas Documentales gracias a Bagual Visual, se pueden visualizar en todos los dispositivos m\u00f3viles e incluso con gafas VR de Realidad Virtual\u00a0 e incluyen:<\/p>\n<ol style=\"text-align: justify;\">\n<li>Museo de Chile Chico &#8211; Chile Chico<br \/>\n<a href=\"https:\/\/roundme.com\/tour\/818598\/view\/2586502\">https:\/\/roundme.com\/tour\/818598\/view\/2586502<\/a><\/li>\n<li>Sala Identitaria Escuela Bdo. O&#8217;Higgins &#8211; Puerto Guadal<br \/>\n<a href=\"https:\/\/roundme.com\/tour\/816773\/view\/2580448\">https:\/\/roundme.com\/tour\/816773\/view\/2580448<\/a><\/li>\n<li>Galer\u00eda Nahuelpichi &#8211; Puerto Guadal<br \/>\n<a href=\"https:\/\/my.matterport.com\/show\/?m=fHnQgBRS15z\">https:\/\/my.matterport.com\/show\/?m=fHnQgBRS15z<\/a><\/li>\n<li>Museo de Antig\u00fcedades Lucio Gonz\u00e1lez &#8211; Cruce Bah\u00eda Murta<br \/>\n<a href=\"https:\/\/roundme.com\/tour\/811235\/view\/2562844\">https:\/\/roundme.com\/tour\/811235\/view\/2562844<\/a><\/li>\n<li>SALA MUSEOGR\u00c1FICA BAH\u00cdA MURTA, Bah\u00eda Murta<br \/>\n<a href=\"https:\/\/roundme.com\/tour\/811155\/view\/2562603\">https:\/\/roundme.com\/tour\/811155\/view\/2562603<\/a><\/li>\n<li>Museo Puerto R\u00edo Tranquilo &#8211; Puerto R\u00edo Tranquilo<br \/>\n<a href=\"https:\/\/roundme.com\/tour\/813669\/view\/2570364\">https:\/\/roundme.com\/tour\/813669\/view\/2570364<\/a><\/li>\n<li>MUSEO RURAL PIONEROS DEL BAKER &#8211; Sector El Manzano, Regi\u00f3n de Ays\u00e9n<br \/>\n<a href=\"https:\/\/my.matterport.com\/show\/?m=ie8o5w1vtzf\">https:\/\/my.matterport.com\/show\/?m=ie8o5w1vtzf<\/a><\/li>\n<li>MUSEO MUNICIPAL COCHRANE &#8211; Cochrane, Regi\u00f3n de Ays\u00e9n<br \/>\n<a href=\"https:\/\/my.matterport.com\/show\/?m=Z3RYpzaVC98\">https:\/\/my.matterport.com\/show\/?m=Z3RYpzaVC98<\/a><\/li>\n<li>MUSEO DEL FUTBOL &#8211; BAJO MARQUESINA, Coyhaique, Regi\u00f3n de Ays\u00e9n\u2026PRONTO<\/li>\n<li>MUSEO INSTITUCIONAL DEL GENERAL TORRES &#8211; Villa O&#8217;Higgins, Regi\u00f3n de Ays\u00e9n<br \/>\n<a href=\"https:\/\/roundme.com\/tour\/814078\/view\/2571442\">https:\/\/roundme.com\/tour\/814078\/view\/2571442<\/a><\/li>\n<li>MUSEO DE LA PATAGONIA &#8216;PADRE ANTONIO RONCHI&#8217; &#8211; Villa O&#8217;Higgins, Regi\u00f3n de Ays\u00e9n<em><u><br \/>\n<\/u><\/em><a href=\"https:\/\/my.matterport.com\/show\/?m=u6yKLyTSh2J\"><em>https:\/\/my.matterport.com\/show\/?m=u6yKLyTSh2J<\/em><\/a><\/li>\n<\/ol>\n<p style=\"text-align: justify;\">Los Museos de la Primera etapa y adem\u00e1s las C\u00e1psulas Documentales se pueden encontrar en el siguiente Link:<\/p>\n<p style=\"text-align: justify;\"><a href=\"https:\/\/bit.ly\/tourvirtualpatrimonial2022\"><strong>https:\/\/bit.ly\/tourvirtualpatrimonial2022<\/strong><\/a><\/p>\n<\/div><\/section><\/div><div  style='height:50px' class='hr hr-invisible   avia-builder-el-6  el_after_av_one_full  el_before_av_social_share '><span class='hr-inner ' ><span class='hr-inner-style'><\/span><\/span><\/div><\/p>\n<div  class='av-social-sharing-box  avia-builder-el-7  el_after_av_hr  el_before_av_hr  '><div class='av-share-box'><h5 class='av-share-link-description av-no-toc '>Compartir esta noticia<\/h5><ul class='av-share-box-list noLightbox'><li class='av-share-link av-social-link-facebook' ><a target=\"_blank\" aria-label=\"Compartir en Facebook\" href='https:\/\/www.facebook.com\/sharer.php?u=https:\/\/radiorevelacionfm.cl\/?p=14289&#038;t=Contin%C3%BAa%20Tour%20Virtual%20Patrimonial%20que%20busca%20rescatar%20el%20patrimonio%20cultural%20inmueble%20de%20Ays%C3%A9n' aria-hidden='false' data-av_icon='\ue8f3' data-av_iconfont='entypo-fontello' title='' data-avia-related-tooltip='Compartir en Facebook' rel=\"noopener\"><span class='avia_hidden_link_text'>Compartir en Facebook<\/span><\/a><\/li><li class='av-share-link av-social-link-twitter' ><a target=\"_blank\" aria-label=\"Compartir en Twitter\" href='https:\/\/twitter.com\/share?text=Contin%C3%BAa%20Tour%20Virtual%20Patrimonial%20que%20busca%20rescatar%20el%20patrimonio%20cultural%20inmueble%20de%20Ays%C3%A9n&#038;url=https:\/\/radiorevelacionfm.cl\/?p=14289' aria-hidden='false' data-av_icon='\ue8f1' data-av_iconfont='entypo-fontello' title='' data-avia-related-tooltip='Compartir en Twitter' rel=\"noopener\"><span class='avia_hidden_link_text'>Compartir en Twitter<\/span><\/a><\/li><li class='av-share-link av-social-link-whatsapp' ><a target=\"_blank\" aria-label=\"Compartir en Whatsapp\" href='https:\/\/api.whatsapp.com\/send?text=https:\/\/radiorevelacionfm.cl\/?p=14289' aria-hidden='false' data-av_icon='\uf232' data-av_iconfont='entypo-fontello' title='' data-avia-related-tooltip='Compartir en Whatsapp' rel=\"noopener\"><span class='avia_hidden_link_text'>Compartir en Whatsapp<\/span><\/a><\/li><li class='av-share-link av-social-link-linkedin' ><a target=\"_blank\" aria-label=\"Compartir en LinkedIn\" href='https:\/\/linkedin.com\/shareArticle?mini=true&#038;title=Contin%C3%BAa%20Tour%20Virtual%20Patrimonial%20que%20busca%20rescatar%20el%20patrimonio%20cultural%20inmueble%20de%20Ays%C3%A9n&#038;url=https:\/\/radiorevelacionfm.cl\/?p=14289' aria-hidden='false' data-av_icon='\ue8fc' data-av_iconfont='entypo-fontello' title='' data-avia-related-tooltip='Compartir en LinkedIn' rel=\"noopener\"><span class='avia_hidden_link_text'>Compartir en LinkedIn<\/span><\/a><\/li><li class='av-share-link av-social-link-mail' ><a  aria-label=\"Compartir por correo\" href='mailto:?subject=Contin%C3%BAa%20Tour%20Virtual%20Patrimonial%20que%20busca%20rescatar%20el%20patrimonio%20cultural%20inmueble%20de%20Ays%C3%A9n&#038;body=https:\/\/radiorevelacionfm.cl\/?p=14289' aria-hidden='false' data-av_icon='\ue805' data-av_iconfont='entypo-fontello' title='' data-avia-related-tooltip='Compartir por correo'><span class='avia_hidden_link_text'>Compartir por correo<\/span><\/a><\/li><\/ul><\/div><\/div>\n<div  style='height:50px' class='hr hr-invisible   avia-builder-el-8  el_after_av_social_share  el_before_av_comments_list '><span class='hr-inner ' ><span class='hr-inner-style'><\/span><\/span><\/div>\n<div  class='av-buildercomment  av-blog-meta-html-info-disabled av-blog-meta-tag-disabled  '><\/div>\n","protected":false},"excerpt":{"rendered":"","protected":false},"author":1,"featured_media":14290,"comment_status":"open","ping_status":"open","sticky":false,"template":"","format":"standard","meta":{"footnotes":""},"categories":[52],"tags":[],"class_list":["post-14289","post","type-post","status-publish","format-standard","has-post-thumbnail","hentry","category-cultura"],"jetpack_featured_media_url":"https:\/\/radiorevelacionfm.cl\/wp-content\/uploads\/2022\/03\/nota-prensa-2-1_optimized.jpg","_links":{"self":[{"href":"https:\/\/radiorevelacionfm.cl\/index.php?rest_route=\/wp\/v2\/posts\/14289","targetHints":{"allow":["GET"]}}],"collection":[{"href":"https:\/\/radiorevelacionfm.cl\/index.php?rest_route=\/wp\/v2\/posts"}],"about":[{"href":"https:\/\/radiorevelacionfm.cl\/index.php?rest_route=\/wp\/v2\/types\/post"}],"author":[{"embeddable":true,"href":"https:\/\/radiorevelacionfm.cl\/index.php?rest_route=\/wp\/v2\/users\/1"}],"replies":[{"embeddable":true,"href":"https:\/\/radiorevelacionfm.cl\/index.php?rest_route=%2Fwp%2Fv2%2Fcomments&post=14289"}],"version-history":[{"count":2,"href":"https:\/\/radiorevelacionfm.cl\/index.php?rest_route=\/wp\/v2\/posts\/14289\/revisions"}],"predecessor-version":[{"id":14294,"href":"https:\/\/radiorevelacionfm.cl\/index.php?rest_route=\/wp\/v2\/posts\/14289\/revisions\/14294"}],"wp:featuredmedia":[{"embeddable":true,"href":"https:\/\/radiorevelacionfm.cl\/index.php?rest_route=\/wp\/v2\/media\/14290"}],"wp:attachment":[{"href":"https:\/\/radiorevelacionfm.cl\/index.php?rest_route=%2Fwp%2Fv2%2Fmedia&parent=14289"}],"wp:term":[{"taxonomy":"category","embeddable":true,"href":"https:\/\/radiorevelacionfm.cl\/index.php?rest_route=%2Fwp%2Fv2%2Fcategories&post=14289"},{"taxonomy":"post_tag","embeddable":true,"href":"https:\/\/radiorevelacionfm.cl\/index.php?rest_route=%2Fwp%2Fv2%2Ftags&post=14289"}],"curies":[{"name":"wp","href":"https:\/\/api.w.org\/{rel}","templated":true}]}}