{"id":14286,"date":"2022-03-06T12:29:04","date_gmt":"2022-03-06T15:29:04","guid":{"rendered":"https:\/\/radiorevelacionfm.cl\/?p=14286"},"modified":"2022-03-06T12:29:04","modified_gmt":"2022-03-06T15:29:04","slug":"lanzan-concurso-del-fondo-nacional-de-desarrollo-regional-en-la-comuna-de-aysen","status":"publish","type":"post","link":"https:\/\/radiorevelacionfm.cl\/?p=14286","title":{"rendered":"Lanzan concurso del Fondo Nacional de Desarrollo Regional en la comuna de Ays\u00e9n"},"content":{"rendered":"<p><span data-mce-type=\"bookmark\" style=\"display: inline-block; width: 0px; overflow: hidden; line-height: 0;\" class=\"mce_SELRES_start\">\ufeff<\/span><div class=\"flex_column av_one_full  flex_column_div av-zero-column-padding first  avia-builder-el-0  el_before_av_one_full  avia-builder-el-first  \" style='border-radius:0px; '><div  class='avia-image-container  av-styling-    avia-builder-el-1  avia-builder-el-no-sibling  avia-align-center '  itemprop=\"image\" itemscope=\"itemscope\" itemtype=\"https:\/\/schema.org\/ImageObject\"  ><div class='avia-image-container-inner'><div class='avia-image-overlay-wrap'><img decoding=\"async\" class='wp-image-14287 avia-img-lazy-loading-not-14287 avia_image' src=\"https:\/\/radiorevelacionfm.cl\/wp-content\/uploads\/2022\/03\/fotografia-1-1-1_optimized.jpg\" alt='' title='fotograf\u00eda-1-(1)-(1)_optimized' height=\"600\" width=\"900\"  itemprop=\"thumbnailUrl\" srcset=\"https:\/\/radiorevelacionfm.cl\/wp-content\/uploads\/2022\/03\/fotografia-1-1-1_optimized.jpg 900w, https:\/\/radiorevelacionfm.cl\/wp-content\/uploads\/2022\/03\/fotografia-1-1-1_optimized-300x200.jpg 300w, https:\/\/radiorevelacionfm.cl\/wp-content\/uploads\/2022\/03\/fotografia-1-1-1_optimized-768x512.jpg 768w, https:\/\/radiorevelacionfm.cl\/wp-content\/uploads\/2022\/03\/fotografia-1-1-1_optimized-705x470.jpg 705w, https:\/\/radiorevelacionfm.cl\/wp-content\/uploads\/2022\/03\/fotografia-1-1-1_optimized-600x400.jpg 600w\" sizes=\"(max-width: 900px) 100vw, 900px\" \/><\/div><\/div><\/div><\/div><span data-mce-type=\"bookmark\" style=\"display: inline-block; width: 0px; overflow: hidden; line-height: 0;\" class=\"mce_SELRES_end\">\ufeff<\/span><div class=\"flex_column av_one_full  flex_column_div av-zero-column-padding first  avia-builder-el-2  el_after_av_one_full  el_before_av_one_full  column-top-margin\" style='border-radius:0px; '><section class=\"av_textblock_section \"  itemscope=\"itemscope\" itemtype=\"https:\/\/schema.org\/BlogPosting\" itemprop=\"blogPost\" ><div class='avia_textblock  '   itemprop=\"text\" ><p style=\"text-align: center;\"><strong><span style=\"font-size: 18pt;\">Lanzan concurso del Fondo Nacional de Desarrollo Regional en la comuna de Ays\u00e9n<\/span><\/strong><\/p>\n<div id=\"gtx-trans\" style=\"position: absolute; left: -50px; top: 4.31534px;\">\n<div class=\"gtx-trans-icon\"><\/div>\n<\/div>\n<\/div><\/section><\/div><div class=\"flex_column av_one_full  flex_column_div av-zero-column-padding first  avia-builder-el-4  el_after_av_one_full  el_before_av_hr  column-top-margin\" style='border-radius:0px; '><section class=\"av_textblock_section \"  itemscope=\"itemscope\" itemtype=\"https:\/\/schema.org\/BlogPosting\" itemprop=\"blogPost\" ><div class='avia_textblock  '   itemprop=\"text\" ><p style=\"text-align: justify;\">Este viernes, en medio de una ajetreada jornada que tuvo como protagonista a las organizaciones comunitarias, se dio paso al lanzamiento oficial del Fondo Nacional de Desarrollo Regional (FNDR 7%) en la comuna de Ays\u00e9n. La actividad protocolar tuvo lugar en las dependencias del Polideportivo y cont\u00f3 con la presencia de la gobernadora regional, Andrea Mac\u00edas, el alcalde Julio Uribe Alvarado y autoridades locales.<\/p>\n<p style=\"text-align: justify;\">En un hito que empodera a las organizaciones conformadas jur\u00eddicamente, representantes de diferentes zonales manifestaron lo relevante que resulta el financiamiento proveniente de la institucionalidad p\u00fablica para el fortalecimiento de la infraestructura social y la ciudadan\u00eda de base mediante la ejecuci\u00f3n de proyectos culturales, medioambientales, deportivos y de las m\u00e1s diversas \u00e1reas.<\/p>\n<p style=\"text-align: justify;\">En ese la l\u00ednea, Mac\u00edas indic\u00f3 que \u201ceste 7% y las modificaciones que se hicieron, precisamente buscan fortalecer el tejido social, que las organizaciones puedan volver a activarse, que puedan llevar adelante actividades. Muchas veces la traba es econ\u00f3mica, por tanto, lo que hace el Gobierno Regional es poner a disposici\u00f3n recursos para que todas las organizaciones que tengan una buena idea puedan llevarla adelante\u201d.<\/p>\n<p style=\"text-align: justify;\">Para la entidad regente es crucial acortar la brecha de inequidad territorial y la generaci\u00f3n de v\u00ednculos con grupos prioritarios como ni\u00f1os, adolescentes, mujeres, pueblos originarios y adultos mayores. \u201cEn ese sentido esperar que existan muchas iniciativas y destacar el caso de la comuna de Ays\u00e9n, el trabajo colaborativo y el compromiso que ha tenido el municipio para poner a disposici\u00f3n profesionales que apoyen a las organizaciones porque muchas veces el obst\u00e1culo es que no saben c\u00f3mo postular\u201d, a\u00f1adi\u00f3.<\/p>\n<p style=\"text-align: justify;\">Mientras que, desde la vereda municipal, el balance fue positivo. Esto tras varias semanas de coordinaci\u00f3n y arduo trabajo entre las unidades de la Direcci\u00f3n de Desarrollo Comunitario (DIDECO) y el Programa de Desarrollo Econ\u00f3mico Local para garantizar el acceso a la informaci\u00f3n y la correcta formulaci\u00f3n de proyectos a las organizaciones, materializ\u00e1ndose en las palabras del alcalde, quien agradeci\u00f3 la presencia de la gobernadora y a los equipos involucrados.<\/p>\n<p style=\"text-align: justify;\">\u201cEl que est\u00e9n ac\u00e1 es resultado del trabajo efectuado con las organizaciones, el apoyo que les hemos dado para los diferentes fondos. Y el broche de oro es poder contar con todo este marco de p\u00fablico y tambi\u00e9n con las noticias que nos ha tra\u00eddo la gobernadora, pero tambi\u00e9n con el trabajo que realizan todos los funcionarios del municipio para apoyar a las diferentes organizaciones que postulen\u201d, precis\u00f3 Uribe.<\/p>\n<p style=\"text-align: justify;\"><strong>La importancia de las organizaciones<\/strong><\/p>\n<p style=\"text-align: justify;\">Al estar en contacto directo con los habitantes de la comuna y conocer la realidad local, las organizaciones comunitarias son actores activos en un tejido que evoluciona constantemente conforme a cambios generacionales, pol\u00edticos, administrativos en la gobernanza territorial y, en general, de la m\u00e1s diversa naturaleza, es por eso que los fondos concursables, adem\u00e1s de ser un mecanismo concreto de financiamiento, tambi\u00e9n impulsa la participaci\u00f3n local en la construcci\u00f3n de una sociedad menos centralizada.<\/p>\n<p style=\"text-align: justify;\">De lo anterior se desprende la valoraci\u00f3n del concejal Jorge Figueroa, quien se\u00f1al\u00f3 que el FNDR 7% es \u201cuna oportunidad que tienen todas las organizaciones que est\u00e9n al d\u00eda para postular en las l\u00edneas de este programa del Fondo Nacional de Desarrollo Regional, en el cual hay diferentes oportunidades que pueden ayudar a todo lo que requiere nuestra comunidad, y qu\u00e9 mejor que desde las mismas organizaciones sociales que conocen las necesidades internas subir estas inquietudes\u201d.<\/p>\n<p style=\"text-align: justify;\">Para Ana Nahuelquin, integrante del Club Mayor Dejando Huellas, que trabaja con personas de la Tercera Edad, el FNDR 7% resulta sustancial a la hora de concretar metas. \u201cComo somo una agrupaci\u00f3n que est\u00e1 naciendo, pensamos que este fondo nos podr\u00eda ayudar. Queremos trabajar en distintas actividades sobre todo a lo referido a manualidades, por eso esta convocatoria nos hizo bien, porque aqu\u00ed vamos a hacer realidad lo que queremos\u201d.<\/p>\n<p style=\"text-align: justify;\">Cabe destacar que la Municipalidad de Ays\u00e9n desde el s\u00e1bado 26 de febrero se encuentra en un proceso de capacitaci\u00f3n comunitaria respecto a los fondos concursables del Gobierno Regional en Villa Ma\u00f1ihuales, Puerto Ays\u00e9n e Islas Huichas. Para los interesados, las pr\u00f3ximas fechas corresponden al s\u00e1bado 5 de marzo en el Gimnasio Demetrio C\u00e1rdenas y martes 8 de marzo en la Casa de la Cultura.<\/p>\n<p style=\"text-align: justify;\">Toda la informaci\u00f3n est\u00e1 disponible en el sitio oficial del municipio, en www.puertoaysen.cl<\/p>\n<\/div><\/section><\/div><div  style='height:50px' class='hr hr-invisible   avia-builder-el-6  el_after_av_one_full  el_before_av_social_share '><span class='hr-inner ' ><span class='hr-inner-style'><\/span><\/span><\/div><\/p>\n<div  class='av-social-sharing-box  avia-builder-el-7  el_after_av_hr  el_before_av_hr  '><div class='av-share-box'><h5 class='av-share-link-description av-no-toc '>Compartir esta noticia<\/h5><ul class='av-share-box-list noLightbox'><li class='av-share-link av-social-link-facebook' ><a target=\"_blank\" aria-label=\"Compartir en Facebook\" href='https:\/\/www.facebook.com\/sharer.php?u=https:\/\/radiorevelacionfm.cl\/?p=14286&#038;t=Lanzan%20concurso%20del%20Fondo%20Nacional%20de%20Desarrollo%20Regional%20en%20la%20comuna%20de%20Ays%C3%A9n' aria-hidden='false' data-av_icon='\ue8f3' data-av_iconfont='entypo-fontello' title='' data-avia-related-tooltip='Compartir en Facebook' rel=\"noopener\"><span class='avia_hidden_link_text'>Compartir en Facebook<\/span><\/a><\/li><li class='av-share-link av-social-link-twitter' ><a target=\"_blank\" aria-label=\"Compartir en Twitter\" href='https:\/\/twitter.com\/share?text=Lanzan%20concurso%20del%20Fondo%20Nacional%20de%20Desarrollo%20Regional%20en%20la%20comuna%20de%20Ays%C3%A9n&#038;url=https:\/\/radiorevelacionfm.cl\/?p=14286' aria-hidden='false' data-av_icon='\ue8f1' data-av_iconfont='entypo-fontello' title='' data-avia-related-tooltip='Compartir en Twitter' rel=\"noopener\"><span class='avia_hidden_link_text'>Compartir en Twitter<\/span><\/a><\/li><li class='av-share-link av-social-link-whatsapp' ><a target=\"_blank\" aria-label=\"Compartir en Whatsapp\" href='https:\/\/api.whatsapp.com\/send?text=https:\/\/radiorevelacionfm.cl\/?p=14286' aria-hidden='false' data-av_icon='\uf232' data-av_iconfont='entypo-fontello' title='' data-avia-related-tooltip='Compartir en Whatsapp' rel=\"noopener\"><span class='avia_hidden_link_text'>Compartir en Whatsapp<\/span><\/a><\/li><li class='av-share-link av-social-link-linkedin' ><a target=\"_blank\" aria-label=\"Compartir en LinkedIn\" href='https:\/\/linkedin.com\/shareArticle?mini=true&#038;title=Lanzan%20concurso%20del%20Fondo%20Nacional%20de%20Desarrollo%20Regional%20en%20la%20comuna%20de%20Ays%C3%A9n&#038;url=https:\/\/radiorevelacionfm.cl\/?p=14286' aria-hidden='false' data-av_icon='\ue8fc' data-av_iconfont='entypo-fontello' title='' data-avia-related-tooltip='Compartir en LinkedIn' rel=\"noopener\"><span class='avia_hidden_link_text'>Compartir en LinkedIn<\/span><\/a><\/li><li class='av-share-link av-social-link-mail' ><a  aria-label=\"Compartir por correo\" href='mailto:?subject=Lanzan%20concurso%20del%20Fondo%20Nacional%20de%20Desarrollo%20Regional%20en%20la%20comuna%20de%20Ays%C3%A9n&#038;body=https:\/\/radiorevelacionfm.cl\/?p=14286' aria-hidden='false' data-av_icon='\ue805' data-av_iconfont='entypo-fontello' title='' data-avia-related-tooltip='Compartir por correo'><span class='avia_hidden_link_text'>Compartir por correo<\/span><\/a><\/li><\/ul><\/div><\/div>\n<div  style='height:50px' class='hr hr-invisible   avia-builder-el-8  el_after_av_social_share  el_before_av_comments_list '><span class='hr-inner ' ><span class='hr-inner-style'><\/span><\/span><\/div>\n<div  class='av-buildercomment  av-blog-meta-html-info-disabled av-blog-meta-tag-disabled  '><\/div>\n","protected":false},"excerpt":{"rendered":"<p>\ufeff\ufeff<\/p>\n","protected":false},"author":1,"featured_media":14287,"comment_status":"open","ping_status":"open","sticky":false,"template":"","format":"standard","meta":{"footnotes":""},"categories":[38],"tags":[],"class_list":["post-14286","post","type-post","status-publish","format-standard","has-post-thumbnail","hentry","category-regional"],"jetpack_featured_media_url":"https:\/\/radiorevelacionfm.cl\/wp-content\/uploads\/2022\/03\/fotografia-1-1-1_optimized.jpg","_links":{"self":[{"href":"https:\/\/radiorevelacionfm.cl\/index.php?rest_route=\/wp\/v2\/posts\/14286","targetHints":{"allow":["GET"]}}],"collection":[{"href":"https:\/\/radiorevelacionfm.cl\/index.php?rest_route=\/wp\/v2\/posts"}],"about":[{"href":"https:\/\/radiorevelacionfm.cl\/index.php?rest_route=\/wp\/v2\/types\/post"}],"author":[{"embeddable":true,"href":"https:\/\/radiorevelacionfm.cl\/index.php?rest_route=\/wp\/v2\/users\/1"}],"replies":[{"embeddable":true,"href":"https:\/\/radiorevelacionfm.cl\/index.php?rest_route=%2Fwp%2Fv2%2Fcomments&post=14286"}],"version-history":[{"count":3,"href":"https:\/\/radiorevelacionfm.cl\/index.php?rest_route=\/wp\/v2\/posts\/14286\/revisions"}],"predecessor-version":[{"id":14293,"href":"https:\/\/radiorevelacionfm.cl\/index.php?rest_route=\/wp\/v2\/posts\/14286\/revisions\/14293"}],"wp:featuredmedia":[{"embeddable":true,"href":"https:\/\/radiorevelacionfm.cl\/index.php?rest_route=\/wp\/v2\/media\/14287"}],"wp:attachment":[{"href":"https:\/\/radiorevelacionfm.cl\/index.php?rest_route=%2Fwp%2Fv2%2Fmedia&parent=14286"}],"wp:term":[{"taxonomy":"category","embeddable":true,"href":"https:\/\/radiorevelacionfm.cl\/index.php?rest_route=%2Fwp%2Fv2%2Fcategories&post=14286"},{"taxonomy":"post_tag","embeddable":true,"href":"https:\/\/radiorevelacionfm.cl\/index.php?rest_route=%2Fwp%2Fv2%2Ftags&post=14286"}],"curies":[{"name":"wp","href":"https:\/\/api.w.org\/{rel}","templated":true}]}}