{"id":14282,"date":"2022-03-05T14:11:40","date_gmt":"2022-03-05T17:11:40","guid":{"rendered":"https:\/\/radiorevelacionfm.cl\/?p=14282"},"modified":"2022-03-05T14:11:40","modified_gmt":"2022-03-05T17:11:40","slug":"proyecto-nacido-en-la-patagonia-tiene-su-debut-en-francia","status":"publish","type":"post","link":"https:\/\/radiorevelacionfm.cl\/?p=14282","title":{"rendered":"Proyecto nacido en la Patagonia tiene su debut en Francia"},"content":{"rendered":"<div class=\"flex_column av_one_full  flex_column_div av-zero-column-padding first  avia-builder-el-0  el_before_av_one_full  avia-builder-el-first  \" style='border-radius:0px; '><div  class='avia-image-container  av-styling-    avia-builder-el-1  avia-builder-el-no-sibling  avia-align-center '  itemprop=\"image\" itemscope=\"itemscope\" itemtype=\"https:\/\/schema.org\/ImageObject\"  ><div class='avia-image-container-inner'><div class='avia-image-overlay-wrap'><img decoding=\"async\" class='wp-image-14283 avia-img-lazy-loading-not-14283 avia_image' src=\"https:\/\/radiorevelacionfm.cl\/wp-content\/uploads\/2022\/03\/emma-2020-2-1_optimized.jpg\" alt='' title='emma-2020-(2)-(1)_optimized' height=\"600\" width=\"909\"  itemprop=\"thumbnailUrl\" srcset=\"https:\/\/radiorevelacionfm.cl\/wp-content\/uploads\/2022\/03\/emma-2020-2-1_optimized.jpg 909w, https:\/\/radiorevelacionfm.cl\/wp-content\/uploads\/2022\/03\/emma-2020-2-1_optimized-300x198.jpg 300w, https:\/\/radiorevelacionfm.cl\/wp-content\/uploads\/2022\/03\/emma-2020-2-1_optimized-768x507.jpg 768w, https:\/\/radiorevelacionfm.cl\/wp-content\/uploads\/2022\/03\/emma-2020-2-1_optimized-705x465.jpg 705w, https:\/\/radiorevelacionfm.cl\/wp-content\/uploads\/2022\/03\/emma-2020-2-1_optimized-600x396.jpg 600w\" sizes=\"(max-width: 909px) 100vw, 909px\" \/><\/div><\/div><\/div><\/div><div class=\"flex_column av_one_full  flex_column_div av-zero-column-padding first  avia-builder-el-2  el_after_av_one_full  el_before_av_one_full  column-top-margin\" style='border-radius:0px; '><section class=\"av_textblock_section \"  itemscope=\"itemscope\" itemtype=\"https:\/\/schema.org\/BlogPosting\" itemprop=\"blogPost\" ><div class='avia_textblock  '   itemprop=\"text\" ><p style=\"text-align: center;\"><strong><span style=\"font-size: 18pt;\">Proyecto nacido en la Patagonia tiene su debut en Francia<\/span><\/strong><\/p>\n<div id=\"gtx-trans\" style=\"position: absolute; left: -50px; top: 4.31534px;\">\n<div class=\"gtx-trans-icon\"><\/div>\n<\/div>\n<\/div><\/section><\/div><div class=\"flex_column av_one_full  flex_column_div av-zero-column-padding first  avia-builder-el-4  el_after_av_one_full  el_before_av_hr  column-top-margin\" style='border-radius:0px; '><section class=\"av_textblock_section \"  itemscope=\"itemscope\" itemtype=\"https:\/\/schema.org\/BlogPosting\" itemprop=\"blogPost\" ><div class='avia_textblock  '   itemprop=\"text\" ><p style=\"text-align: justify;\">M\u00fasica Viajera, proyecto que naci\u00f3 el a\u00f1o 2019 en la Patagonia Chilena, actualmente debuta en Francia como \u201cMusique Voyageuse\u201d en el D\u00eda Internacional de los Derechos de la Mujer.<\/p>\n<p style=\"text-align: justify;\">Con el objetivo de promover la participaci\u00f3n de mujeres en los escenarios, el proyecto M\u00fasica Viajera, actualmente @MusiqueVoyageuse (link <a href=\"http:\/\/www.instagram.com\/musiquevoyageuse\">www.instagram.com\/musiquevoyageuse<\/a>) estrena su versi\u00f3n francesa este 08 de marzo en la ciudad francesa-catalana de Perpi\u00f1an, al sur de Francia.<\/p>\n<p style=\"text-align: justify;\">Luego de su nacimiento y gira inicial por la Regi\u00f3n de Ays\u00e9n durante el a\u00f1o 2019\u00a0 y con la participaci\u00f3n en diversos encuentros de mujeres en la m\u00fasica de chicas de las ciudades de Ays\u00e9n, Coyhaique y Puerto Cisnes que culminaron en un gran encuentro regional denominado EMMA (Encuentro de Mujeres M\u00fasicas Regi\u00f3n de Ays\u00e9n)((link <a href=\"https:\/\/www.facebook.com\/EMMAPatagonia\">https:\/\/www.facebook.com\/EMMAPatagonia<\/a> ),\u00a0 M\u00fasica Viajera, creado por la cantautora Nicky Gonz\u00e1lez (link <a href=\"http:\/\/www.instagram.com\/lafenetredenicky\">www.instagram.com\/lafenetredenicky<\/a>) ha impulsado un movimiento en otras regiones del pa\u00eds, tales como: Los Lagos, Valpara\u00edso y la Regi\u00f3n de Coquimbo. Movimiento que por ahora tiene su debut en Francia en el marco del D\u00eda Internacional de la Mujer, con la participaci\u00f3n de 17 mujeres de Francia, Colombia, Polonia, Brasil, Venezuela, M\u00e9xico, Per\u00fa, Ecuador y Chile, el cu\u00e1l ser\u00e1 transmitido v\u00eda Facebook Live por su p\u00e1gina (link <a href=\"http:\/\/www.facebook.com\/musiquevoyageuse\">www.facebook.com\/musiquevoyageuse<\/a>)<\/p>\n<p style=\"text-align: justify;\">Fernanda \u00c1vila, una de las organizadoras de EMMA 2019, se\u00f1ala que \u201c aqu\u00ed no se contaba con un espacio donde las mujeres pudieran ser protagonistas, m\u00e1s a\u00fan en el \u00e1rea art\u00edstica. Por la pandemia nuestros proyectos se pausaron, pero esperamos volver a fin de a\u00f1o con un nuevo encuentro\u201d,\u00a0 para lo cu\u00e1l realiza un llamado a todas las mujeres m\u00fasicas y artistas amateur de la regi\u00f3n a poder inscribirse en el formulario disponible en las p\u00e1ginas de MusiqueVoyageuse y EMMA o directamente en el siguiente link:<\/p>\n<p style=\"text-align: justify;\">Incorporar link: <a href=\"https:\/\/forms.gle\/YLxvmvHNMoEkBxjN6\">https:\/\/forms.gle\/YLxvmvHNMoEkBxjN6<\/a><\/p>\n<p style=\"text-align: justify;\">Por su parte Daysi Avenda\u00f1o, m\u00fasica y participante de los conciertos realizados en Coyhaique destaca la importancia de estos encuentros ya que: \u201cfue una instancia s\u00faper importante\u00a0 para nosotras porque aparecieron nuevos rostros que no se conoc\u00edan y eso nos permiti\u00f3 conocer m\u00e1s mujeres que est\u00e1n haciendo m\u00fasica y arte\u00a0 ac\u00e1 en la Patagonia\u201d. Daysi por su parte, es organizadora de \u201cCAMINO AL 8M\u201d (Incorporar link: <a href=\"https:\/\/www.facebook.com\/events\/976007529975745\">https:\/\/www.facebook.com\/events\/976007529975745<\/a> ) evento la ciudad de Coyhaique que tendr\u00e1 lugar este lunes 07 de marzo a las 17hrs en la Sede Pedro Aguirre Cerda, y contar\u00e1 con m\u00fasicas que han formado parte de MusiqueVoyageuse y\u00a0 EMMA.<\/p>\n<p style=\"text-align: justify;\">El pr\u00f3ximo encuentro de EMMA en colaboraci\u00f3n con MusiqueVoyageuse se desarrollar\u00e1 durante el mes de Noviembre en la Patagonia Chilena. Para m\u00e1s informaci\u00f3n visite la p\u00e1gina de <a href=\"http:\/\/www.facebook.com\/musiquevoyageuse\">www.facebook.com\/musiquevoyageuse<\/a> y <a href=\"https:\/\/www.facebook.com\/EMMAPatagonia\">https:\/\/www.facebook.com\/EMMAPatagonia<\/a><\/p>\n<\/div><\/section><\/div><div  style='height:50px' class='hr hr-invisible   avia-builder-el-6  el_after_av_one_full  el_before_av_social_share '><span class='hr-inner ' ><span class='hr-inner-style'><\/span><\/span><\/div><\/p>\n<div  class='av-social-sharing-box  avia-builder-el-7  el_after_av_hr  el_before_av_hr  '><div class='av-share-box'><h5 class='av-share-link-description av-no-toc '>Compartir esta noticia<\/h5><ul class='av-share-box-list noLightbox'><li class='av-share-link av-social-link-facebook' ><a target=\"_blank\" aria-label=\"Compartir en Facebook\" href='https:\/\/www.facebook.com\/sharer.php?u=https:\/\/radiorevelacionfm.cl\/?p=14282&#038;t=Proyecto%20nacido%20en%20la%20Patagonia%20tiene%20su%20debut%20en%20Francia' aria-hidden='false' data-av_icon='\ue8f3' data-av_iconfont='entypo-fontello' title='' data-avia-related-tooltip='Compartir en Facebook' rel=\"noopener\"><span class='avia_hidden_link_text'>Compartir en Facebook<\/span><\/a><\/li><li class='av-share-link av-social-link-twitter' ><a target=\"_blank\" aria-label=\"Compartir en Twitter\" href='https:\/\/twitter.com\/share?text=Proyecto%20nacido%20en%20la%20Patagonia%20tiene%20su%20debut%20en%20Francia&#038;url=https:\/\/radiorevelacionfm.cl\/?p=14282' aria-hidden='false' data-av_icon='\ue8f1' data-av_iconfont='entypo-fontello' title='' data-avia-related-tooltip='Compartir en Twitter' rel=\"noopener\"><span class='avia_hidden_link_text'>Compartir en Twitter<\/span><\/a><\/li><li class='av-share-link av-social-link-whatsapp' ><a target=\"_blank\" aria-label=\"Compartir en Whatsapp\" href='https:\/\/api.whatsapp.com\/send?text=https:\/\/radiorevelacionfm.cl\/?p=14282' aria-hidden='false' data-av_icon='\uf232' data-av_iconfont='entypo-fontello' title='' data-avia-related-tooltip='Compartir en Whatsapp' rel=\"noopener\"><span class='avia_hidden_link_text'>Compartir en Whatsapp<\/span><\/a><\/li><li class='av-share-link av-social-link-linkedin' ><a target=\"_blank\" aria-label=\"Compartir en LinkedIn\" href='https:\/\/linkedin.com\/shareArticle?mini=true&#038;title=Proyecto%20nacido%20en%20la%20Patagonia%20tiene%20su%20debut%20en%20Francia&#038;url=https:\/\/radiorevelacionfm.cl\/?p=14282' aria-hidden='false' data-av_icon='\ue8fc' data-av_iconfont='entypo-fontello' title='' data-avia-related-tooltip='Compartir en LinkedIn' rel=\"noopener\"><span class='avia_hidden_link_text'>Compartir en LinkedIn<\/span><\/a><\/li><li class='av-share-link av-social-link-mail' ><a  aria-label=\"Compartir por correo\" href='mailto:?subject=Proyecto%20nacido%20en%20la%20Patagonia%20tiene%20su%20debut%20en%20Francia&#038;body=https:\/\/radiorevelacionfm.cl\/?p=14282' aria-hidden='false' data-av_icon='\ue805' data-av_iconfont='entypo-fontello' title='' data-avia-related-tooltip='Compartir por correo'><span class='avia_hidden_link_text'>Compartir por correo<\/span><\/a><\/li><\/ul><\/div><\/div>\n<div  style='height:50px' class='hr hr-invisible   avia-builder-el-8  el_after_av_social_share  el_before_av_comments_list '><span class='hr-inner ' ><span class='hr-inner-style'><\/span><\/span><\/div>\n<div  class='av-buildercomment  av-blog-meta-html-info-disabled av-blog-meta-tag-disabled  '><\/div>\n","protected":false},"excerpt":{"rendered":"","protected":false},"author":1,"featured_media":14283,"comment_status":"open","ping_status":"open","sticky":false,"template":"","format":"standard","meta":{"footnotes":""},"categories":[43],"tags":[],"class_list":["post-14282","post","type-post","status-publish","format-standard","has-post-thumbnail","hentry","category-musica"],"jetpack_featured_media_url":"https:\/\/radiorevelacionfm.cl\/wp-content\/uploads\/2022\/03\/emma-2020-2-1_optimized.jpg","_links":{"self":[{"href":"https:\/\/radiorevelacionfm.cl\/index.php?rest_route=\/wp\/v2\/posts\/14282","targetHints":{"allow":["GET"]}}],"collection":[{"href":"https:\/\/radiorevelacionfm.cl\/index.php?rest_route=\/wp\/v2\/posts"}],"about":[{"href":"https:\/\/radiorevelacionfm.cl\/index.php?rest_route=\/wp\/v2\/types\/post"}],"author":[{"embeddable":true,"href":"https:\/\/radiorevelacionfm.cl\/index.php?rest_route=\/wp\/v2\/users\/1"}],"replies":[{"embeddable":true,"href":"https:\/\/radiorevelacionfm.cl\/index.php?rest_route=%2Fwp%2Fv2%2Fcomments&post=14282"}],"version-history":[{"count":2,"href":"https:\/\/radiorevelacionfm.cl\/index.php?rest_route=\/wp\/v2\/posts\/14282\/revisions"}],"predecessor-version":[{"id":14285,"href":"https:\/\/radiorevelacionfm.cl\/index.php?rest_route=\/wp\/v2\/posts\/14282\/revisions\/14285"}],"wp:featuredmedia":[{"embeddable":true,"href":"https:\/\/radiorevelacionfm.cl\/index.php?rest_route=\/wp\/v2\/media\/14283"}],"wp:attachment":[{"href":"https:\/\/radiorevelacionfm.cl\/index.php?rest_route=%2Fwp%2Fv2%2Fmedia&parent=14282"}],"wp:term":[{"taxonomy":"category","embeddable":true,"href":"https:\/\/radiorevelacionfm.cl\/index.php?rest_route=%2Fwp%2Fv2%2Fcategories&post=14282"},{"taxonomy":"post_tag","embeddable":true,"href":"https:\/\/radiorevelacionfm.cl\/index.php?rest_route=%2Fwp%2Fv2%2Ftags&post=14282"}],"curies":[{"name":"wp","href":"https:\/\/api.w.org\/{rel}","templated":true}]}}