{"id":14276,"date":"2022-03-05T11:09:50","date_gmt":"2022-03-05T14:09:50","guid":{"rendered":"https:\/\/radiorevelacionfm.cl\/?p=14276"},"modified":"2022-03-05T11:17:10","modified_gmt":"2022-03-05T14:17:10","slug":"diputado-alinco-hizo-llamado-a-que-seleccion-de-seremis-sea-por-merito-profesional","status":"publish","type":"post","link":"https:\/\/radiorevelacionfm.cl\/?p=14276","title":{"rendered":"Diputado Alinco hizo llamado a que selecci\u00f3n de seremis sea por m\u00e9rito profesional"},"content":{"rendered":"<div class=\"flex_column av_one_full  flex_column_div av-zero-column-padding first  avia-builder-el-0  el_before_av_one_full  avia-builder-el-first  \" style='border-radius:0px; '><div  class='avia-image-container  av-styling-    avia-builder-el-1  avia-builder-el-no-sibling  avia-align-center '  itemprop=\"image\" itemscope=\"itemscope\" itemtype=\"https:\/\/schema.org\/ImageObject\"  ><div class='avia-image-container-inner'><div class='avia-image-overlay-wrap'><img decoding=\"async\" class='wp-image-14280 avia-img-lazy-loading-not-14280 avia_image' src=\"https:\/\/radiorevelacionfm.cl\/wp-content\/uploads\/2022\/03\/diputado-alinco3-2_optimized.jpg\" alt='' title='diputado-alinco3-(2)_optimized' height=\"600\" width=\"865\"  itemprop=\"thumbnailUrl\" srcset=\"https:\/\/radiorevelacionfm.cl\/wp-content\/uploads\/2022\/03\/diputado-alinco3-2_optimized.jpg 865w, https:\/\/radiorevelacionfm.cl\/wp-content\/uploads\/2022\/03\/diputado-alinco3-2_optimized-300x208.jpg 300w, https:\/\/radiorevelacionfm.cl\/wp-content\/uploads\/2022\/03\/diputado-alinco3-2_optimized-768x533.jpg 768w, https:\/\/radiorevelacionfm.cl\/wp-content\/uploads\/2022\/03\/diputado-alinco3-2_optimized-705x489.jpg 705w, https:\/\/radiorevelacionfm.cl\/wp-content\/uploads\/2022\/03\/diputado-alinco3-2_optimized-600x416.jpg 600w\" sizes=\"(max-width: 865px) 100vw, 865px\" \/><\/div><\/div><\/div><\/div><div class=\"flex_column av_one_full  flex_column_div av-zero-column-padding first  avia-builder-el-2  el_after_av_one_full  el_before_av_one_full  column-top-margin\" style='border-radius:0px; '><section class=\"av_textblock_section \"  itemscope=\"itemscope\" itemtype=\"https:\/\/schema.org\/BlogPosting\" itemprop=\"blogPost\" ><div class='avia_textblock  '   itemprop=\"text\" ><p style=\"text-align: center;\"><span style=\"font-size: 18pt;\"><strong>Diputado Alinco hizo llamado a que selecci\u00f3n de seremis sea por m\u00e9rito profesional<\/strong><\/span><\/p>\n<div id=\"gtx-trans\" style=\"position: absolute; left: -50px; top: 4.31534px;\">\n<div class=\"gtx-trans-icon\"><\/div>\n<\/div>\n<\/div><\/section><\/div><\/p>\n<div class=\"flex_column av_one_full  flex_column_div av-zero-column-padding first  avia-builder-el-4  el_after_av_one_full  el_before_av_hr  column-top-margin\" style='border-radius:0px; '><section class=\"av_textblock_section \"  itemscope=\"itemscope\" itemtype=\"https:\/\/schema.org\/BlogPosting\" itemprop=\"blogPost\" ><div class='avia_textblock  '   itemprop=\"text\" ><p style=\"text-align: justify;\">Hace unos d\u00edas, el diputado Ren\u00e9 Alinco Bustos salud\u00f3 y felicit\u00f3 al futuro delegado presidencial regional de Ays\u00e9n, consejero Rodrigo Araya Morales, por su designaci\u00f3n para representar a Gabriel Boric. A trav\u00e9s de una misiva, el parlamentario ofreci\u00f3 su colaboraci\u00f3n y cr\u00edticas constructivas al futuro delegado, de acuerdo con el importante cometido para lo cual ha sido designado.<\/p>\n<p style=\"text-align: justify;\">Alinco resalt\u00f3 que entre las importantes nuevas funciones que debe asumir en gobierno interior, destacan la seguridad p\u00fablica, emergencias y coordinaci\u00f3n de los servicios p\u00fablicos que operan en la regi\u00f3n,\u00a0 es por ello que al nuevo delegado le corresponder\u00e1 la articulaci\u00f3n en los nombramientos de\u00a0 los secretarios regionales ministeriales, trabajo que selecci\u00f3n que se espera para la pr\u00f3xima semana. Ante eso, el diputado sostuvo que \u201cesperamos la conformaci\u00f3n de un\u00a0 gran equipo de profesionales, dado que como es de p\u00fablico conocimiento,\u00a0 es urgente subsanar algunas \u00e1reas\u00a0 y gestiones\u00a0 que han sido deficientes\u201d, expres\u00f3 el parlamentario, a\u00f1adiendo que en la regi\u00f3n existen grandes profesionales que adem\u00e1s de conocer la realidad regional, tienen conocimientos para hacer aportes en determinadas \u00e1reas, m\u00e1s all\u00e1 de pertenecer o no al mundo pol\u00edtico.<\/p>\n<p style=\"text-align: justify;\">Especial atenci\u00f3n requieren las designaci\u00f3n en el Ministerio de Obras P\u00fablicas -coment\u00f3-, \u201cserem\u00eda que tiene un gran presupuesto \u00a0pero una mala ejecuci\u00f3n de sus recursos, donde se han abandonados obras, otras se ejecutan de mala forma y tema preponderante es la mantenci\u00f3n de caminos donde existen ineficacias que es urgente subsanar\u201d.<\/p>\n<p style=\"text-align: justify;\">As\u00ed tambi\u00e9n, Alinco Bustos se refiri\u00f3 a la \u201cdesignaci\u00f3n en\u00a0 el Ministerio de Vivienda, la que igualmente debe ser\u00a0 una prioridad de contar con grandes profesionales que m\u00e1s all\u00e1 de n\u00fameros tambi\u00e9n vean la realidad social. Es necesaria una mejor coordinaci\u00f3n entre Serviu y otras instituciones, tales como Bienes Nacionales y\u00a0 municipios\u201d, resalt\u00f3 y al respecto el diputado adelant\u00f3 que en los pr\u00f3ximos d\u00edas sostendr\u00e1 un reuni\u00f3n con el senador Carlos Montes, futuro ministro de Vivienda y Urbanismo, \u201cpara afianzar la construcci\u00f3n del megaproyecto de viviendas en\u00a0 altura\u201d, que ha impulsado en Coyhaique, planteando\u00a0 la necesidad de una pol\u00edtica de vivienda especial para la regi\u00f3n, acorde a la geograf\u00eda, clima, y otros aspectos, como la falta de terrenos para estos efectos.<\/p>\n<p style=\"text-align: justify;\">Para finalizar, el parlamentario remarc\u00f3 la importancia de que \u201cel criterio en las 19 pr\u00f3ximas designaciones, sean buenos perfiles profesionales con seria disposici\u00f3n de trabajar de manera inclaudicable para los habitantes la regi\u00f3n, sin conflictos de intereses y ojal\u00e1 marcar el camino al fin de los grandes cuoteos pol\u00edticos, que a las finales, generan da\u00f1o\u201d, sentenci\u00f3 Ren\u00e9 Alinco Bustos.<\/p>\n<\/div><\/section><\/div>\n<div  style='height:50px' class='hr hr-invisible   avia-builder-el-6  el_after_av_one_full  el_before_av_social_share '><span class='hr-inner ' ><span class='hr-inner-style'><\/span><\/span><\/div>\n<div  class='av-social-sharing-box  avia-builder-el-7  el_after_av_hr  el_before_av_hr  '><div class='av-share-box'><h5 class='av-share-link-description av-no-toc '>Compartir esta noticia<\/h5><ul class='av-share-box-list noLightbox'><li class='av-share-link av-social-link-facebook' ><a target=\"_blank\" aria-label=\"Compartir en Facebook\" href='https:\/\/www.facebook.com\/sharer.php?u=https:\/\/radiorevelacionfm.cl\/?p=14276&#038;t=Diputado%20Alinco%20hizo%20llamado%20a%20que%20selecci%C3%B3n%20de%20seremis%20sea%20por%20m%C3%A9rito%20profesional' aria-hidden='false' data-av_icon='\ue8f3' data-av_iconfont='entypo-fontello' title='' data-avia-related-tooltip='Compartir en Facebook' rel=\"noopener\"><span class='avia_hidden_link_text'>Compartir en Facebook<\/span><\/a><\/li><li class='av-share-link av-social-link-twitter' ><a target=\"_blank\" aria-label=\"Compartir en Twitter\" href='https:\/\/twitter.com\/share?text=Diputado%20Alinco%20hizo%20llamado%20a%20que%20selecci%C3%B3n%20de%20seremis%20sea%20por%20m%C3%A9rito%20profesional&#038;url=https:\/\/radiorevelacionfm.cl\/?p=14276' aria-hidden='false' data-av_icon='\ue8f1' data-av_iconfont='entypo-fontello' title='' data-avia-related-tooltip='Compartir en Twitter' rel=\"noopener\"><span class='avia_hidden_link_text'>Compartir en Twitter<\/span><\/a><\/li><li class='av-share-link av-social-link-whatsapp' ><a target=\"_blank\" aria-label=\"Compartir en Whatsapp\" href='https:\/\/api.whatsapp.com\/send?text=https:\/\/radiorevelacionfm.cl\/?p=14276' aria-hidden='false' data-av_icon='\uf232' data-av_iconfont='entypo-fontello' title='' data-avia-related-tooltip='Compartir en Whatsapp' rel=\"noopener\"><span class='avia_hidden_link_text'>Compartir en Whatsapp<\/span><\/a><\/li><li class='av-share-link av-social-link-linkedin' ><a target=\"_blank\" aria-label=\"Compartir en LinkedIn\" href='https:\/\/linkedin.com\/shareArticle?mini=true&#038;title=Diputado%20Alinco%20hizo%20llamado%20a%20que%20selecci%C3%B3n%20de%20seremis%20sea%20por%20m%C3%A9rito%20profesional&#038;url=https:\/\/radiorevelacionfm.cl\/?p=14276' aria-hidden='false' data-av_icon='\ue8fc' data-av_iconfont='entypo-fontello' title='' data-avia-related-tooltip='Compartir en LinkedIn' rel=\"noopener\"><span class='avia_hidden_link_text'>Compartir en LinkedIn<\/span><\/a><\/li><li class='av-share-link av-social-link-mail' ><a  aria-label=\"Compartir por correo\" href='mailto:?subject=Diputado%20Alinco%20hizo%20llamado%20a%20que%20selecci%C3%B3n%20de%20seremis%20sea%20por%20m%C3%A9rito%20profesional&#038;body=https:\/\/radiorevelacionfm.cl\/?p=14276' aria-hidden='false' data-av_icon='\ue805' data-av_iconfont='entypo-fontello' title='' data-avia-related-tooltip='Compartir por correo'><span class='avia_hidden_link_text'>Compartir por correo<\/span><\/a><\/li><\/ul><\/div><\/div>\n<div  style='height:50px' class='hr hr-invisible   avia-builder-el-8  el_after_av_social_share  el_before_av_comments_list '><span class='hr-inner ' ><span class='hr-inner-style'><\/span><\/span><\/div>\n<div  class='av-buildercomment  av-blog-meta-html-info-disabled av-blog-meta-tag-disabled  '><\/div>\n","protected":false},"excerpt":{"rendered":"","protected":false},"author":1,"featured_media":14280,"comment_status":"open","ping_status":"open","sticky":false,"template":"","format":"standard","meta":{"footnotes":""},"categories":[35],"tags":[],"class_list":["post-14276","post","type-post","status-publish","format-standard","has-post-thumbnail","hentry","category-politica"],"jetpack_featured_media_url":"https:\/\/radiorevelacionfm.cl\/wp-content\/uploads\/2022\/03\/diputado-alinco3-2_optimized.jpg","_links":{"self":[{"href":"https:\/\/radiorevelacionfm.cl\/index.php?rest_route=\/wp\/v2\/posts\/14276","targetHints":{"allow":["GET"]}}],"collection":[{"href":"https:\/\/radiorevelacionfm.cl\/index.php?rest_route=\/wp\/v2\/posts"}],"about":[{"href":"https:\/\/radiorevelacionfm.cl\/index.php?rest_route=\/wp\/v2\/types\/post"}],"author":[{"embeddable":true,"href":"https:\/\/radiorevelacionfm.cl\/index.php?rest_route=\/wp\/v2\/users\/1"}],"replies":[{"embeddable":true,"href":"https:\/\/radiorevelacionfm.cl\/index.php?rest_route=%2Fwp%2Fv2%2Fcomments&post=14276"}],"version-history":[{"count":3,"href":"https:\/\/radiorevelacionfm.cl\/index.php?rest_route=\/wp\/v2\/posts\/14276\/revisions"}],"predecessor-version":[{"id":14279,"href":"https:\/\/radiorevelacionfm.cl\/index.php?rest_route=\/wp\/v2\/posts\/14276\/revisions\/14279"}],"wp:featuredmedia":[{"embeddable":true,"href":"https:\/\/radiorevelacionfm.cl\/index.php?rest_route=\/wp\/v2\/media\/14280"}],"wp:attachment":[{"href":"https:\/\/radiorevelacionfm.cl\/index.php?rest_route=%2Fwp%2Fv2%2Fmedia&parent=14276"}],"wp:term":[{"taxonomy":"category","embeddable":true,"href":"https:\/\/radiorevelacionfm.cl\/index.php?rest_route=%2Fwp%2Fv2%2Fcategories&post=14276"},{"taxonomy":"post_tag","embeddable":true,"href":"https:\/\/radiorevelacionfm.cl\/index.php?rest_route=%2Fwp%2Fv2%2Ftags&post=14276"}],"curies":[{"name":"wp","href":"https:\/\/api.w.org\/{rel}","templated":true}]}}