{"id":14272,"date":"2022-03-05T10:37:06","date_gmt":"2022-03-05T13:37:06","guid":{"rendered":"https:\/\/radiorevelacionfm.cl\/?p=14272"},"modified":"2022-03-05T10:37:06","modified_gmt":"2022-03-05T13:37:06","slug":"carabineros-aysen-destaca-detenciones-y-decomisos-tras-cierre-del-plan-verano-seguro-2022","status":"publish","type":"post","link":"https:\/\/radiorevelacionfm.cl\/?p=14272","title":{"rendered":"Carabineros Ays\u00e9n destaca detenciones y decomisos tras cierre del plan verano seguro 2022"},"content":{"rendered":"<div class=\"flex_column av_one_full  flex_column_div av-zero-column-padding first  avia-builder-el-0  el_before_av_one_full  avia-builder-el-first  \" style='border-radius:0px; '><div  class='avia-image-container  av-styling-    avia-builder-el-1  avia-builder-el-no-sibling  avia-align-center '  itemprop=\"image\" itemscope=\"itemscope\" itemtype=\"https:\/\/schema.org\/ImageObject\"  ><div class='avia-image-container-inner'><div class='avia-image-overlay-wrap'><img decoding=\"async\" class='wp-image-14273 avia-img-lazy-loading-not-14273 avia_image' src=\"https:\/\/radiorevelacionfm.cl\/wp-content\/uploads\/2022\/03\/carabineros-2022-2-1_optimized.jpg\" alt='' title='carabineros-2022-2-(1)_optimized' height=\"600\" width=\"800\"  itemprop=\"thumbnailUrl\" srcset=\"https:\/\/radiorevelacionfm.cl\/wp-content\/uploads\/2022\/03\/carabineros-2022-2-1_optimized.jpg 800w, https:\/\/radiorevelacionfm.cl\/wp-content\/uploads\/2022\/03\/carabineros-2022-2-1_optimized-300x225.jpg 300w, https:\/\/radiorevelacionfm.cl\/wp-content\/uploads\/2022\/03\/carabineros-2022-2-1_optimized-768x576.jpg 768w, https:\/\/radiorevelacionfm.cl\/wp-content\/uploads\/2022\/03\/carabineros-2022-2-1_optimized-705x529.jpg 705w, https:\/\/radiorevelacionfm.cl\/wp-content\/uploads\/2022\/03\/carabineros-2022-2-1_optimized-600x450.jpg 600w\" sizes=\"(max-width: 800px) 100vw, 800px\" \/><\/div><\/div><\/div><\/div><div class=\"flex_column av_one_full  flex_column_div av-zero-column-padding first  avia-builder-el-2  el_after_av_one_full  el_before_av_one_full  column-top-margin\" style='border-radius:0px; '><section class=\"av_textblock_section \"  itemscope=\"itemscope\" itemtype=\"https:\/\/schema.org\/BlogPosting\" itemprop=\"blogPost\" ><div class='avia_textblock  '   itemprop=\"text\" ><p style=\"text-align: center;\"><span style=\"font-size: 18pt;\"><b><span lang=\"ES\">Carabineros Ays\u00e9n destaca detenciones y decomisos tras cierre del plan verano seguro 2022<\/span><\/b><\/span><\/p>\n<div id=\"gtx-trans\" style=\"position: absolute; left: -50px; top: 4.31534px;\">\n<div class=\"gtx-trans-icon\"><\/div>\n<\/div>\n<\/div><\/section><\/div><div class=\"flex_column av_one_full  flex_column_div av-zero-column-padding first  avia-builder-el-4  el_after_av_one_full  el_before_av_hr  column-top-margin\" style='border-radius:0px; '><section class=\"av_textblock_section \"  itemscope=\"itemscope\" itemtype=\"https:\/\/schema.org\/BlogPosting\" itemprop=\"blogPost\" ><div class='avia_textblock  '   itemprop=\"text\" ><p class=\"v1MsoNormal\" style=\"text-align: justify;\"><span lang=\"ES\">Durante 60 d\u00edas Carabineros en la regi\u00f3n de Ays\u00e9n -al igual que en otras regiones del pa\u00eds- desarroll\u00f3 el \u00abplan verano seguro\u00bb, el cual contempl\u00f3 un reforzamiento operativo de los servicios, as\u00ed como medidas de autocuidado durante la temporada estival.<\/span><\/p>\n<p class=\"v1MsoNormal\" style=\"text-align: justify;\"><span lang=\"ES\">La modalidad se desarroll\u00f3 entre el 28 de diciembre de 2021 al 28 de febrero de 2022 con \u00e9nfasis en zonas tur\u00edsticas tales como Puerto R\u00edo Tranquilo y Caleta Tortel, entre otras localidades costeras y tur\u00edsticas de la regi\u00f3n.<\/span><\/p>\n<p class=\"v1MsoNormal\" style=\"text-align: justify;\"><span lang=\"ES\">\u00abEn estos dos sectores se produjo la detenci\u00f3n \u2013por distintos motivos- de ocho ciudadanos, en comparaci\u00f3n a uno que se registr\u00f3 el a\u00f1o pasado en igual fecha. De estas ocho detenciones, dos son por orden judicial pendiente (&#8230;). Por otra parte, se produjeron 66 denuncias por distintos motivos, entre estas una por robo en lugar no habitado y otra por robo en lugar habitado\u00bb, expres\u00f3 el Teniente Coronel Cristian Morgenstern, Subprefecto de los Servicios de la Prefectura de Carabineros Ays\u00e9n.<\/span><\/p>\n<p class=\"v1MsoNormal\" style=\"text-align: justify;\"><span lang=\"ES\">Durante el plan verano seguro del a\u00f1o reci\u00e9n pasado, se registraron tres denuncias, situaci\u00f3n que se vio incrementada en igual periodo de este a\u00f1o tras la flexibilizaci\u00f3n en los desplazamientos en el contexto de la crisis sanitaria. \u00abDebemos recordar que el a\u00f1o pasado la regi\u00f3n se encontraba en cuarentena por motivo de la pandemia por Covid19. Este a\u00f1o se ha ido normalizando la situaci\u00f3n para los veraneantes y ello produjo que hubiese una mayor cantidad de denuncias\u00bb, expres\u00f3 el Oficial Jefe.<\/span><\/p>\n<p class=\"v1MsoNormal\" style=\"text-align: justify;\"><span lang=\"ES\">\u00a0<\/span><\/p>\n<p class=\"v1MsoNormal\" style=\"text-align: justify;\"><b><span lang=\"ES\">Labor de drogas<\/span><\/b><\/p>\n<p class=\"v1MsoNormal\" style=\"text-align: justify;\"><span lang=\"ES\">Carabineros despleg\u00f3 m\u00faltiples servicios preventivos y de seguridad en diversos sectores de la regi\u00f3n, as\u00ed como en aquellos puntos de acceso al territorio como puertos, aeropuerto Balmaceda y rutas.<\/span><\/p>\n<p class=\"v1MsoNormal\" style=\"text-align: justify;\"><span lang=\"ES\">\u00abPersonal de la Secci\u00f3n OS-7 detuvo a 38 personas por infracci\u00f3n a la ley 20.000 y por distintos tipos de drogas que intentaron ingresar a la regi\u00f3n. Es as\u00ed como se decomis\u00f3 cerca de 1 kilo de coca\u00edna, m\u00e1s de 2 kilos de cannabis sativa, tusi, hongos alucin\u00f3genos, sumado a 38 plantas que fueron decomisadas en distintos procedimientos ocurridos en la regi\u00f3n de Ays\u00e9n (&#8230;). Estos servicios del OS-7 fueron apoyados por los canes Gazu y Dala, ejemplares que cumplieron un rol muy importante para la detenci\u00f3n de estas personas\u00bb, detall\u00f3 el Subprefecto de los Servicios.<\/span><\/p>\n<p class=\"v1MsoNormal\" style=\"text-align: justify;\"><span lang=\"ES\">\u00a0<\/span><\/p>\n<p class=\"v1MsoNormal\" style=\"text-align: justify;\"><b><span lang=\"ES\">Fallecidos\u00a0<\/span><\/b><b><\/b><\/p>\n<p class=\"v1MsoNormal\" style=\"text-align: justify;\"><span lang=\"ES\">Asimismo, el Teniente Coronel Cristian Morgenstern, lament\u00f3 el triste fallecimiento de siete personas durante los dos primeros meses del a\u00f1o, de los cuales uno corresponde a un joven que perdi\u00f3 la vida en el lago Las Ardillas, el deceso de un ciudadano en el Lago Alto, otras tres personas que perdieron la vida en el Lago General Carrera, adem\u00e1s del fallecimiento de un joven en el r\u00edo Ays\u00e9n y el reciente deceso de un menor en el sector Lago Riesco.<\/span><\/p>\n<p class=\"v1MsoNormal\" style=\"text-align: justify;\"><span lang=\"ES\">El Oficial Jefe acot\u00f3 que a lo anterior se suma, el reciente extrav\u00edo de una persona de sexo femenino en el cerro Mackay, lo cual motiv\u00f3 un trabajo apoyado por la Onemi y Bomberos, logrando ser encontrada en buen estado de salud.<\/span><\/p>\n<p class=\"v1MsoNormal\" style=\"text-align: justify;\"><span lang=\"ES\">Carabineros contin\u00faa el desarrollo de servicios orientados a brindar m\u00e1s seguridad a la comunidad, reiterando el llamado a la conducci\u00f3n a la defensiva, adoptar las medidas de protecci\u00f3n y autocuidado, junto con denunciar en forma oportuna la ocurrencia de delitos a trav\u00e9s del nivel de emergencia 133 con la finalidad de iniciar los procesos investigativos y derivar los antecedentes a la Fiscal\u00eda.<\/span><\/p>\n<p class=\"v1MsoNormal\" style=\"text-align: justify;\"><span lang=\"ES\">\u00a0<\/span><\/p>\n<\/div><\/section><\/div><div  style='height:50px' class='hr hr-invisible   avia-builder-el-6  el_after_av_one_full  el_before_av_social_share '><span class='hr-inner ' ><span class='hr-inner-style'><\/span><\/span><\/div><\/p>\n<div  class='av-social-sharing-box  avia-builder-el-7  el_after_av_hr  el_before_av_hr  '><div class='av-share-box'><h5 class='av-share-link-description av-no-toc '>Compartir esta noticia<\/h5><ul class='av-share-box-list noLightbox'><li class='av-share-link av-social-link-facebook' ><a target=\"_blank\" aria-label=\"Compartir en Facebook\" href='https:\/\/www.facebook.com\/sharer.php?u=https:\/\/radiorevelacionfm.cl\/?p=14272&#038;t=Carabineros%20Ays%C3%A9n%20destaca%20detenciones%20y%20decomisos%20tras%20cierre%20del%20plan%20verano%20seguro%202022' aria-hidden='false' data-av_icon='\ue8f3' data-av_iconfont='entypo-fontello' title='' data-avia-related-tooltip='Compartir en Facebook' rel=\"noopener\"><span class='avia_hidden_link_text'>Compartir en Facebook<\/span><\/a><\/li><li class='av-share-link av-social-link-twitter' ><a target=\"_blank\" aria-label=\"Compartir en Twitter\" href='https:\/\/twitter.com\/share?text=Carabineros%20Ays%C3%A9n%20destaca%20detenciones%20y%20decomisos%20tras%20cierre%20del%20plan%20verano%20seguro%202022&#038;url=https:\/\/radiorevelacionfm.cl\/?p=14272' aria-hidden='false' data-av_icon='\ue8f1' data-av_iconfont='entypo-fontello' title='' data-avia-related-tooltip='Compartir en Twitter' rel=\"noopener\"><span class='avia_hidden_link_text'>Compartir en Twitter<\/span><\/a><\/li><li class='av-share-link av-social-link-whatsapp' ><a target=\"_blank\" aria-label=\"Compartir en Whatsapp\" href='https:\/\/api.whatsapp.com\/send?text=https:\/\/radiorevelacionfm.cl\/?p=14272' aria-hidden='false' data-av_icon='\uf232' data-av_iconfont='entypo-fontello' title='' data-avia-related-tooltip='Compartir en Whatsapp' rel=\"noopener\"><span class='avia_hidden_link_text'>Compartir en Whatsapp<\/span><\/a><\/li><li class='av-share-link av-social-link-linkedin' ><a target=\"_blank\" aria-label=\"Compartir en LinkedIn\" href='https:\/\/linkedin.com\/shareArticle?mini=true&#038;title=Carabineros%20Ays%C3%A9n%20destaca%20detenciones%20y%20decomisos%20tras%20cierre%20del%20plan%20verano%20seguro%202022&#038;url=https:\/\/radiorevelacionfm.cl\/?p=14272' aria-hidden='false' data-av_icon='\ue8fc' data-av_iconfont='entypo-fontello' title='' data-avia-related-tooltip='Compartir en LinkedIn' rel=\"noopener\"><span class='avia_hidden_link_text'>Compartir en LinkedIn<\/span><\/a><\/li><li class='av-share-link av-social-link-mail' ><a  aria-label=\"Compartir por correo\" href='mailto:?subject=Carabineros%20Ays%C3%A9n%20destaca%20detenciones%20y%20decomisos%20tras%20cierre%20del%20plan%20verano%20seguro%202022&#038;body=https:\/\/radiorevelacionfm.cl\/?p=14272' aria-hidden='false' data-av_icon='\ue805' data-av_iconfont='entypo-fontello' title='' data-avia-related-tooltip='Compartir por correo'><span class='avia_hidden_link_text'>Compartir por correo<\/span><\/a><\/li><\/ul><\/div><\/div>\n<div  style='height:50px' class='hr hr-invisible   avia-builder-el-8  el_after_av_social_share  el_before_av_comments_list '><span class='hr-inner ' ><span class='hr-inner-style'><\/span><\/span><\/div>\n<div  class='av-buildercomment  av-blog-meta-html-info-disabled av-blog-meta-tag-disabled  '><\/div>\n","protected":false},"excerpt":{"rendered":"","protected":false},"author":1,"featured_media":14273,"comment_status":"open","ping_status":"open","sticky":false,"template":"","format":"standard","meta":{"footnotes":""},"categories":[36],"tags":[],"class_list":["post-14272","post","type-post","status-publish","format-standard","has-post-thumbnail","hentry","category-policial"],"jetpack_featured_media_url":"https:\/\/radiorevelacionfm.cl\/wp-content\/uploads\/2022\/03\/carabineros-2022-2-1_optimized.jpg","_links":{"self":[{"href":"https:\/\/radiorevelacionfm.cl\/index.php?rest_route=\/wp\/v2\/posts\/14272","targetHints":{"allow":["GET"]}}],"collection":[{"href":"https:\/\/radiorevelacionfm.cl\/index.php?rest_route=\/wp\/v2\/posts"}],"about":[{"href":"https:\/\/radiorevelacionfm.cl\/index.php?rest_route=\/wp\/v2\/types\/post"}],"author":[{"embeddable":true,"href":"https:\/\/radiorevelacionfm.cl\/index.php?rest_route=\/wp\/v2\/users\/1"}],"replies":[{"embeddable":true,"href":"https:\/\/radiorevelacionfm.cl\/index.php?rest_route=%2Fwp%2Fv2%2Fcomments&post=14272"}],"version-history":[{"count":2,"href":"https:\/\/radiorevelacionfm.cl\/index.php?rest_route=\/wp\/v2\/posts\/14272\/revisions"}],"predecessor-version":[{"id":14275,"href":"https:\/\/radiorevelacionfm.cl\/index.php?rest_route=\/wp\/v2\/posts\/14272\/revisions\/14275"}],"wp:featuredmedia":[{"embeddable":true,"href":"https:\/\/radiorevelacionfm.cl\/index.php?rest_route=\/wp\/v2\/media\/14273"}],"wp:attachment":[{"href":"https:\/\/radiorevelacionfm.cl\/index.php?rest_route=%2Fwp%2Fv2%2Fmedia&parent=14272"}],"wp:term":[{"taxonomy":"category","embeddable":true,"href":"https:\/\/radiorevelacionfm.cl\/index.php?rest_route=%2Fwp%2Fv2%2Fcategories&post=14272"},{"taxonomy":"post_tag","embeddable":true,"href":"https:\/\/radiorevelacionfm.cl\/index.php?rest_route=%2Fwp%2Fv2%2Ftags&post=14272"}],"curies":[{"name":"wp","href":"https:\/\/api.w.org\/{rel}","templated":true}]}}