{"id":14268,"date":"2022-03-05T10:22:17","date_gmt":"2022-03-05T13:22:17","guid":{"rendered":"https:\/\/radiorevelacionfm.cl\/?p=14268"},"modified":"2022-03-05T10:22:17","modified_gmt":"2022-03-05T13:22:17","slug":"gobernadora-regional-anuncio-que-pondra-en-tabla-proyecto-para-ampliacion-del-cementerio-de-puerto-aysen","status":"publish","type":"post","link":"https:\/\/radiorevelacionfm.cl\/?p=14268","title":{"rendered":"Gobernadora Regional anunci\u00f3 que pondr\u00e1 en tabla proyecto para ampliaci\u00f3n del Cementerio de Puerto Ays\u00e9n"},"content":{"rendered":"<div class=\"flex_column av_one_full  flex_column_div av-zero-column-padding first  avia-builder-el-0  el_before_av_one_full  avia-builder-el-first  \" style='border-radius:0px; '><div  class='avia-image-container  av-styling-    avia-builder-el-1  avia-builder-el-no-sibling  avia-align-center '  itemprop=\"image\" itemscope=\"itemscope\" itemtype=\"https:\/\/schema.org\/ImageObject\"  ><div class='avia-image-container-inner'><div class='avia-image-overlay-wrap'><img decoding=\"async\" class='wp-image-14269 avia-img-lazy-loading-not-14269 avia_image' src=\"https:\/\/radiorevelacionfm.cl\/wp-content\/uploads\/2022\/03\/anuncio-cementerio-goremuni2-1_optimized.jpg\" alt='' title='anuncio-cementerio-goremuni2-(1)_optimized' height=\"600\" width=\"1067\"  itemprop=\"thumbnailUrl\" srcset=\"https:\/\/radiorevelacionfm.cl\/wp-content\/uploads\/2022\/03\/anuncio-cementerio-goremuni2-1_optimized.jpg 1067w, https:\/\/radiorevelacionfm.cl\/wp-content\/uploads\/2022\/03\/anuncio-cementerio-goremuni2-1_optimized-300x169.jpg 300w, https:\/\/radiorevelacionfm.cl\/wp-content\/uploads\/2022\/03\/anuncio-cementerio-goremuni2-1_optimized-1030x579.jpg 1030w, https:\/\/radiorevelacionfm.cl\/wp-content\/uploads\/2022\/03\/anuncio-cementerio-goremuni2-1_optimized-768x432.jpg 768w, https:\/\/radiorevelacionfm.cl\/wp-content\/uploads\/2022\/03\/anuncio-cementerio-goremuni2-1_optimized-705x396.jpg 705w, https:\/\/radiorevelacionfm.cl\/wp-content\/uploads\/2022\/03\/anuncio-cementerio-goremuni2-1_optimized-600x337.jpg 600w\" sizes=\"(max-width: 1067px) 100vw, 1067px\" \/><\/div><\/div><\/div><\/div><div class=\"flex_column av_one_full  flex_column_div av-zero-column-padding first  avia-builder-el-2  el_after_av_one_full  el_before_av_one_full  column-top-margin\" style='border-radius:0px; '><section class=\"av_textblock_section \"  itemscope=\"itemscope\" itemtype=\"https:\/\/schema.org\/BlogPosting\" itemprop=\"blogPost\" ><div class='avia_textblock  '   itemprop=\"text\" ><p style=\"text-align: center;\"><strong><span style=\"font-size: 18pt;\">Gobernadora Regional anunci\u00f3 que pondr\u00e1 en tabla proyecto para ampliaci\u00f3n del Cementerio de Puerto Ays\u00e9n<\/span><\/strong><\/p>\n<div id=\"gtx-trans\" style=\"position: absolute; left: -50px; top: 4.31534px;\">\n<div class=\"gtx-trans-icon\"><\/div>\n<\/div>\n<\/div><\/section><\/div><div class=\"flex_column av_one_full  flex_column_div av-zero-column-padding first  avia-builder-el-4  el_after_av_one_full  el_before_av_hr  column-top-margin\" style='border-radius:0px; '><section class=\"av_textblock_section \"  itemscope=\"itemscope\" itemtype=\"https:\/\/schema.org\/BlogPosting\" itemprop=\"blogPost\" ><div class='avia_textblock  '   itemprop=\"text\" ><p style=\"text-align: justify;\">En medio de la jornada de lanzamiento del Fondo Nacional de Desarrollo Regional, FNDR 7%. La primera autoridad de la regi\u00f3n, Andrea Mac\u00edas Palma, sorprendi\u00f3 a los asistentes anunciando que llevar\u00e1 a discusi\u00f3n el financiamiento de la tan anhelada ampliaci\u00f3n del Cementerio de Puerto Ays\u00e9n. Acci\u00f3n valorada por el alcalde, Julio Uribe Alvarado y el cuerpo de concejales y que podr\u00eda poner fin a la incertidumbre generada ante el colapso que presenta el camposanto y que representa un inminente riesgo a la salud p\u00fablica de la comuna porte\u00f1a. La decisi\u00f3n final quedar\u00e1 en manos de los Consejeros Regionales en el desarrollo de la m\u00e1xima instancia colegiada de la Regi\u00f3n el 9 de marzo.<\/p>\n<p style=\"text-align: justify;\">Sobre el proyecto de ampliaci\u00f3n para el Cementerio comprende faenas por 14 meses con una solicitud de financiamiento por m\u00e1s 2.500 millones de pesos, las cuales brindar\u00e1n 2.849 espacios nuevos distribuidos en 1.074 sitios para Tumbas tradicionales, 682 destinados en Parque, 147 comprendidos Capillas y Mausoleos Familiares y 312 ubicaciones en nichos. Asimismo, posee mejoras sustanciales para la circulaci\u00f3n de personas, ba\u00f1os p\u00fablicos, carros de transporte y descensores de ata\u00fades, entre otras faenas.<\/p>\n<p style=\"text-align: justify;\">Al respecto, la l\u00edder regional, Andrea Mac\u00edas Palma indic\u00f3 que \u201cten\u00edamos un compromiso con la comunidad, lo conversamos con el alcalde, con los Consejeros Regionales hace ya un tiempo y estamos en proceso de revisi\u00f3n presupuestaria para poder garantizar los recursos porque uno no puede tampoco tomar decisiones que sean irresponsables, por lo tanto hoy d\u00eda presupuestariamente el GORE est\u00e1 en condiciones de poder comprometer los 2.700 millones de pesos que significa esta remodelaci\u00f3n del Cementerio y la habilitaci\u00f3n del espacio que actualmente no est\u00e1 en uso, sabemos que es un terreno complejo y en t\u00e9rminos de procedimiento lo primero es la voluntad que como Gobernadora Regional realizar\u00e9 para poner este tema en tabla en el pr\u00f3ximo Core, la pr\u00f3xima semana\u201d<\/p>\n<p style=\"text-align: justify;\">En tanto, la primera autoridad de la comuna de Ays\u00e9n, Julio Uribe Alvarado, detall\u00f3 que \u00a0con esto \u201cse cumple un sue\u00f1o\u201d, ya que desde el primer momento en su administraci\u00f3n fue prioridad esta iniciativa debido al colapso que presenta la zona y que hoy fuerza a enterrar a los deudos en medio de los pasillos del camposanto. \u201cPor lo tanto, hoy d\u00eda que se nos d\u00e9 la noticia despu\u00e9s de tanto insistir, recordar que oficiamos al Gobierno Regional, estuvimos presentes en varias oportunidades, fue todo el Concejo Comunal al Gore y hoy nos dan la noticia de que vamos a tener un nuevo cementerio para Ays\u00e9n\u201d, explic\u00f3 el l\u00edder comunal, quien estar\u00e1 presente en la votaci\u00f3n que determinar\u00e1 el futuro de la iniciativa.<\/p>\n<p style=\"text-align: justify;\">Por su parte, la concejala Rosa Gonz\u00e1lez B\u00f3rquez, detall\u00f3 la felicidad que esto le produce, ya que en sus palabras \u201cest\u00e1bamos planificando las salidas a Coyhaique para poder apoyar a nuestros Cores, a nuestro alcalde, en un grito ya de auxilio\u201d. Con esto, la edil de la comuna porte\u00f1a valor\u00f3 la priorizaci\u00f3n establecida por la Gobernadora Andrea Mac\u00edas, destacando la responsabilidad que esto implica para poder dotar de un nuevo espacio al cementero aysenino.<\/p>\n<p style=\"text-align: justify;\">En la misma l\u00ednea, el tambi\u00e9n integrante del H. Concejo Municipal de Ays\u00e9n, Jorge Figueroa Jara acot\u00f3 las reiteradas oportunidades que abord\u00f3 este tema en la comunidad \u201cse demor\u00f3 un poco y bueno, es lo que esper\u00e1bamos y la comunidad tambi\u00e9n, de que pudi\u00e9ramos tener la tranquilidad de que este proceso empiece y hoy tenemos la aprobaci\u00f3n pol\u00edtica de los recursos, los que llegar\u00e1n en su minuto a medida de que se formalice\u201d. El representante comunal tiene la confianza, tras el anuncio, que el equipo municipal de SECPLAN liderado por Roc\u00edo B\u00f3rquez Jorquera, comenzar\u00e1 r\u00e1pidamente a trabajar en las bases de licitaci\u00f3n para beneficiar a la comunidad.<\/p>\n<p style=\"text-align: justify;\">Finalmente, cabe destacar la uni\u00f3n que ha producido en la comunidad de la localidad porte\u00f1a contar con nuevos espacios en el Cementerio para continuar desarrollando actos f\u00fanebres en el territorio. En este sentido, el proyecto de ampliaci\u00f3n que posee desde hace m\u00e1s de un a\u00f1o la Recomendaci\u00f3n Satisfactoria (RS) del Ministerio de Desarrollo Social y Familia permitir\u00e1 entregar una soluci\u00f3n digna a los habitantes de la comuna de Ays\u00e9n.<\/p>\n<\/div><\/section><\/div><div  style='height:50px' class='hr hr-invisible   avia-builder-el-6  el_after_av_one_full  el_before_av_social_share '><span class='hr-inner ' ><span class='hr-inner-style'><\/span><\/span><\/div><\/p>\n<div  class='av-social-sharing-box  avia-builder-el-7  el_after_av_hr  el_before_av_hr  '><div class='av-share-box'><h5 class='av-share-link-description av-no-toc '>Compartir esta noticia<\/h5><ul class='av-share-box-list noLightbox'><li class='av-share-link av-social-link-facebook' ><a target=\"_blank\" aria-label=\"Compartir en Facebook\" href='https:\/\/www.facebook.com\/sharer.php?u=https:\/\/radiorevelacionfm.cl\/?p=14268&#038;t=Gobernadora%20Regional%20anunci%C3%B3%20que%20pondr%C3%A1%20en%20tabla%20proyecto%20para%20ampliaci%C3%B3n%20del%20Cementerio%20de%20Puerto%20Ays%C3%A9n' aria-hidden='false' data-av_icon='\ue8f3' data-av_iconfont='entypo-fontello' title='' data-avia-related-tooltip='Compartir en Facebook' rel=\"noopener\"><span class='avia_hidden_link_text'>Compartir en Facebook<\/span><\/a><\/li><li class='av-share-link av-social-link-twitter' ><a target=\"_blank\" aria-label=\"Compartir en Twitter\" href='https:\/\/twitter.com\/share?text=Gobernadora%20Regional%20anunci%C3%B3%20que%20pondr%C3%A1%20en%20tabla%20proyecto%20para%20ampliaci%C3%B3n%20del%20Cementerio%20de%20Puerto%20Ays%C3%A9n&#038;url=https:\/\/radiorevelacionfm.cl\/?p=14268' aria-hidden='false' data-av_icon='\ue8f1' data-av_iconfont='entypo-fontello' title='' data-avia-related-tooltip='Compartir en Twitter' rel=\"noopener\"><span class='avia_hidden_link_text'>Compartir en Twitter<\/span><\/a><\/li><li class='av-share-link av-social-link-whatsapp' ><a target=\"_blank\" aria-label=\"Compartir en Whatsapp\" href='https:\/\/api.whatsapp.com\/send?text=https:\/\/radiorevelacionfm.cl\/?p=14268' aria-hidden='false' data-av_icon='\uf232' data-av_iconfont='entypo-fontello' title='' data-avia-related-tooltip='Compartir en Whatsapp' rel=\"noopener\"><span class='avia_hidden_link_text'>Compartir en Whatsapp<\/span><\/a><\/li><li class='av-share-link av-social-link-linkedin' ><a target=\"_blank\" aria-label=\"Compartir en LinkedIn\" href='https:\/\/linkedin.com\/shareArticle?mini=true&#038;title=Gobernadora%20Regional%20anunci%C3%B3%20que%20pondr%C3%A1%20en%20tabla%20proyecto%20para%20ampliaci%C3%B3n%20del%20Cementerio%20de%20Puerto%20Ays%C3%A9n&#038;url=https:\/\/radiorevelacionfm.cl\/?p=14268' aria-hidden='false' data-av_icon='\ue8fc' data-av_iconfont='entypo-fontello' title='' data-avia-related-tooltip='Compartir en LinkedIn' rel=\"noopener\"><span class='avia_hidden_link_text'>Compartir en LinkedIn<\/span><\/a><\/li><li class='av-share-link av-social-link-mail' ><a  aria-label=\"Compartir por correo\" href='mailto:?subject=Gobernadora%20Regional%20anunci%C3%B3%20que%20pondr%C3%A1%20en%20tabla%20proyecto%20para%20ampliaci%C3%B3n%20del%20Cementerio%20de%20Puerto%20Ays%C3%A9n&#038;body=https:\/\/radiorevelacionfm.cl\/?p=14268' aria-hidden='false' data-av_icon='\ue805' data-av_iconfont='entypo-fontello' title='' data-avia-related-tooltip='Compartir por correo'><span class='avia_hidden_link_text'>Compartir por correo<\/span><\/a><\/li><\/ul><\/div><\/div>\n<div  style='height:50px' class='hr hr-invisible   avia-builder-el-8  el_after_av_social_share  el_before_av_comments_list '><span class='hr-inner ' ><span class='hr-inner-style'><\/span><\/span><\/div>\n<div  class='av-buildercomment  av-blog-meta-html-info-disabled av-blog-meta-tag-disabled  '><\/div>\n","protected":false},"excerpt":{"rendered":"","protected":false},"author":1,"featured_media":14269,"comment_status":"open","ping_status":"open","sticky":false,"template":"","format":"standard","meta":{"footnotes":""},"categories":[38],"tags":[],"class_list":["post-14268","post","type-post","status-publish","format-standard","has-post-thumbnail","hentry","category-regional"],"jetpack_featured_media_url":"https:\/\/radiorevelacionfm.cl\/wp-content\/uploads\/2022\/03\/anuncio-cementerio-goremuni2-1_optimized.jpg","_links":{"self":[{"href":"https:\/\/radiorevelacionfm.cl\/index.php?rest_route=\/wp\/v2\/posts\/14268","targetHints":{"allow":["GET"]}}],"collection":[{"href":"https:\/\/radiorevelacionfm.cl\/index.php?rest_route=\/wp\/v2\/posts"}],"about":[{"href":"https:\/\/radiorevelacionfm.cl\/index.php?rest_route=\/wp\/v2\/types\/post"}],"author":[{"embeddable":true,"href":"https:\/\/radiorevelacionfm.cl\/index.php?rest_route=\/wp\/v2\/users\/1"}],"replies":[{"embeddable":true,"href":"https:\/\/radiorevelacionfm.cl\/index.php?rest_route=%2Fwp%2Fv2%2Fcomments&post=14268"}],"version-history":[{"count":2,"href":"https:\/\/radiorevelacionfm.cl\/index.php?rest_route=\/wp\/v2\/posts\/14268\/revisions"}],"predecessor-version":[{"id":14271,"href":"https:\/\/radiorevelacionfm.cl\/index.php?rest_route=\/wp\/v2\/posts\/14268\/revisions\/14271"}],"wp:featuredmedia":[{"embeddable":true,"href":"https:\/\/radiorevelacionfm.cl\/index.php?rest_route=\/wp\/v2\/media\/14269"}],"wp:attachment":[{"href":"https:\/\/radiorevelacionfm.cl\/index.php?rest_route=%2Fwp%2Fv2%2Fmedia&parent=14268"}],"wp:term":[{"taxonomy":"category","embeddable":true,"href":"https:\/\/radiorevelacionfm.cl\/index.php?rest_route=%2Fwp%2Fv2%2Fcategories&post=14268"},{"taxonomy":"post_tag","embeddable":true,"href":"https:\/\/radiorevelacionfm.cl\/index.php?rest_route=%2Fwp%2Fv2%2Ftags&post=14268"}],"curies":[{"name":"wp","href":"https:\/\/api.w.org\/{rel}","templated":true}]}}