{"id":14249,"date":"2022-03-04T13:06:40","date_gmt":"2022-03-04T16:06:40","guid":{"rendered":"https:\/\/radiorevelacionfm.cl\/?p=14249"},"modified":"2022-03-04T16:28:56","modified_gmt":"2022-03-04T19:28:56","slug":"fondo-del-patrimonio-cultural-financiara-87-proyectos-por-mas-de-1-700-millones-de-pesos","status":"publish","type":"post","link":"https:\/\/radiorevelacionfm.cl\/?p=14249","title":{"rendered":"Fondo del Patrimonio Cultural financiar\u00e1 87 proyectos por m\u00e1s de 1.700 millones en las 16 regiones"},"content":{"rendered":"<div class=\"flex_column av_one_full  flex_column_div av-zero-column-padding first  avia-builder-el-0  el_before_av_one_full  avia-builder-el-first  \" style='border-radius:0px; '><div  class='avia-image-container  av-styling-    avia-builder-el-1  avia-builder-el-no-sibling  avia-align-center '  itemprop=\"image\" itemscope=\"itemscope\" itemtype=\"https:\/\/schema.org\/ImageObject\"  ><div class='avia-image-container-inner'><div class='avia-image-overlay-wrap'><img decoding=\"async\" class='wp-image-14250 avia-img-lazy-loading-not-14250 avia_image' src=\"https:\/\/radiorevelacionfm.cl\/wp-content\/uploads\/2022\/03\/Vitrales-taller-britanico-Lavers-Westlake_Iglesia-Saint-Paul_-Valparaiso-4-1.jpg\" alt='' title='Vitrales taller brit\u00e1nico Lavers &amp; Westlake_Iglesia Saint Paul_ Valpara\u00edso (4) (1)' height=\"600\" width=\"800\"  itemprop=\"thumbnailUrl\" srcset=\"https:\/\/radiorevelacionfm.cl\/wp-content\/uploads\/2022\/03\/Vitrales-taller-britanico-Lavers-Westlake_Iglesia-Saint-Paul_-Valparaiso-4-1.jpg 800w, https:\/\/radiorevelacionfm.cl\/wp-content\/uploads\/2022\/03\/Vitrales-taller-britanico-Lavers-Westlake_Iglesia-Saint-Paul_-Valparaiso-4-1-300x225.jpg 300w, https:\/\/radiorevelacionfm.cl\/wp-content\/uploads\/2022\/03\/Vitrales-taller-britanico-Lavers-Westlake_Iglesia-Saint-Paul_-Valparaiso-4-1-768x576.jpg 768w, https:\/\/radiorevelacionfm.cl\/wp-content\/uploads\/2022\/03\/Vitrales-taller-britanico-Lavers-Westlake_Iglesia-Saint-Paul_-Valparaiso-4-1-705x529.jpg 705w, https:\/\/radiorevelacionfm.cl\/wp-content\/uploads\/2022\/03\/Vitrales-taller-britanico-Lavers-Westlake_Iglesia-Saint-Paul_-Valparaiso-4-1-600x450.jpg 600w\" sizes=\"(max-width: 800px) 100vw, 800px\" \/><\/div><\/div><\/div><\/div>\n<div class=\"flex_column av_one_full  flex_column_div av-zero-column-padding first  avia-builder-el-2  el_after_av_one_full  el_before_av_one_full  column-top-margin\" style='border-radius:0px; '><section class=\"av_textblock_section \"  itemscope=\"itemscope\" itemtype=\"https:\/\/schema.org\/BlogPosting\" itemprop=\"blogPost\" ><div class='avia_textblock  '   itemprop=\"text\" ><p style=\"text-align: center;\"><strong><span style=\"font-size: 18pt;\">Fondo del Patrimonio Cultural financiar\u00e1 87 proyectos por m\u00e1s de 1.700 millones en las 16 regiones\u00a0<\/span><\/strong><\/p>\n<div id=\"gtx-trans\" style=\"position: absolute; left: -50px; top: 4.31534px;\">\n<div class=\"gtx-trans-icon\"><\/div>\n<\/div>\n<\/div><\/section><\/div><div class=\"flex_column av_one_full  flex_column_div av-zero-column-padding first  avia-builder-el-4  el_after_av_one_full  el_before_av_hr  column-top-margin\" style='border-radius:0px; '><section class=\"av_textblock_section \"  itemscope=\"itemscope\" itemtype=\"https:\/\/schema.org\/BlogPosting\" itemprop=\"blogPost\" ><div class='avia_textblock  '   itemprop=\"text\" ><p class=\"v1x_MsoNormal\" style=\"text-align: justify;\"><span lang=\"ES-CL\">Con un 87,3% de proyectos provenientes de regiones distintas a la Metropolitana (76), el Fondo del Patrimonio Cultural del Ministerio de las Culturas, las Artes y el Patrimonio anuncia la entrega de $1.737.281.472 millones de pesos para el financiamiento de 87 iniciativas de todo el pa\u00eds, las que consideran obras de restauraci\u00f3n y conservaci\u00f3n, investigaci\u00f3n, registro y levantamiento de patrimonio cultural y elaboraci\u00f3n de material did\u00e1ctico.<\/span><\/p>\n<p class=\"v1x_MsoNormal\" style=\"text-align: justify;\"><span lang=\"ES-CL\">Esta tercera entrega, que corresponde a la convocatoria 2021, destinar\u00e1 $1.513.296.266 a proyectos de regiones distintas a la RM, lo que representa 87% del total del financiamiento. La regi\u00f3n con mayor cantidad de proyectos seleccionados es Valpara\u00edso (19), seguida por la Metropolitana (11) y Coquimbo y Los R\u00edos, cada una con 7 iniciativas.<\/span><\/p>\n<p class=\"v1x_MsoNormal\" style=\"text-align: justify;\"><span lang=\"ES-CL\">\u00abDesde 2019, el Fondo del Patrimonio Cultural nos ha permitido financiar 346 proyectos patrimoniales de todo el pa\u00eds, por m\u00e1s de $7.600 millones. Junto con ello, el incremento de las postulaciones, que para esta \u00faltima edici\u00f3n alcanz\u00f3 las 374 propuestas, favoreci\u00f3 la heterogeneidad territorial y la diversidad de \u00e1mbitos de acci\u00f3n sobre el patrimonio cultural que nos interesa cuidar y preservar\u00bb, dijo la ministra de las Culturas Consuelo Vald\u00e9s.<\/span><\/p>\n<p class=\"v1x_MsoNormal\" style=\"text-align: justify;\"><span lang=\"ES-CL\">El Fondo del Patrimonio Cultural cuenta con dos grandes l\u00edneas de postulaci\u00f3n: el concurso nacional, que seleccion\u00f3 ocho proyectos patrimoniales, de los cuales siete se implementar\u00e1n en regiones distintas a la Metropolitana; y el concurso regional, que seleccion\u00f3 79 proyectos, de los que 76 se ejecutan fuera de RM.<\/span><\/p>\n<p class=\"v1x_MsoNormal\" style=\"text-align: justify;\"><span lang=\"ES-CL\">\u00a0<\/span><\/p>\n<p class=\"v1x_MsoNormal\" style=\"text-align: justify;\"><strong><span lang=\"ES-CL\">Proyectos destacados<\/span><\/strong><\/p>\n<p class=\"v1x_MsoNormal\" style=\"text-align: justify;\"><span lang=\"ES-CL\">Entre los proyectos seleccionados destaca la puesta en valor de los seis vitrales ubicados en la nave de la Iglesia anglicana Saint Paul, situada en el cerro Concepci\u00f3n de Valpara\u00edso. Los vitrales, caracter\u00edsticos de este Monumento Hist\u00f3rico, fueron fabricados en Londres por el taller Lavers &amp; Westlake. La Fundaci\u00f3n Centro Latinoamericano del Vitral postul\u00f3 esta iniciativa.<\/span><\/p>\n<p class=\"v1x_MsoNormal\" style=\"text-align: justify;\"><span lang=\"ES-CL\">Se asignaron adem\u00e1s recursos para la conservaci\u00f3n de espacios patrimoniales ampliamente conocidos, como\u00a0 el sector Sur de la Plaza Hundida, que integra el Foro Abierto de la Universidad de Concepci\u00f3n; la restauraci\u00f3n de la techumbre de la Iglesia de Calen y obras de emergencia en la Iglesia de Chonchi, ambas situadas en Chilo\u00e9, y la segunda incluida en la lista de Patrimonio Mundial de la Unesco.<\/span><\/p>\n<p class=\"v1x_MsoNormal\" style=\"text-align: justify;\"><span lang=\"ES-CL\">El Mercado Dolores Otero de Putaendo tambi\u00e9n obtuvo fondos para su restauraci\u00f3n gracias a una iniciativa de la Fundaci\u00f3n ProCultura, que busca recuperar este antiguo y consistorial edificio, que es uno de los iconos de la arquitectura colonial en esta comuna.<\/span><\/p>\n<p class=\"v1x_MsoNormal\" style=\"text-align: justify;\"><span lang=\"ES-CL\">La elaboraci\u00f3n de murales y juegos did\u00e1cticos sobre Gabriela Mistral en el colegio que lleva su nombre en la comuna de Machal\u00ed tambi\u00e9n destaca entre las ganadoras. Este innovador proyecto busca fortalecer la convergencia de la comunidad educativa con el legado de la poeta, mediante murales y juegos did\u00e1cticos que ponen en valor su imagen y obra dirigida a la infancia, la educaci\u00f3n y la naturaleza.<\/span><\/p>\n<p class=\"v1x_MsoNormal\" style=\"text-align: justify;\"><span lang=\"ES-CL\">\u00a0<\/span><\/p>\n<\/div><\/section><\/div><\/p>\n<div  style='height:50px' class='hr hr-invisible   avia-builder-el-6  el_after_av_one_full  el_before_av_social_share '><span class='hr-inner ' ><span class='hr-inner-style'><\/span><\/span><\/div>\n<div  class='av-social-sharing-box  avia-builder-el-7  el_after_av_hr  el_before_av_hr  '><div class='av-share-box'><h5 class='av-share-link-description av-no-toc '>Compartir esta noticia<\/h5><ul class='av-share-box-list noLightbox'><li class='av-share-link av-social-link-facebook' ><a target=\"_blank\" aria-label=\"Compartir en Facebook\" href='https:\/\/www.facebook.com\/sharer.php?u=https:\/\/radiorevelacionfm.cl\/?p=14249&#038;t=Fondo%20del%20Patrimonio%20Cultural%20financiar%C3%A1%2087%20proyectos%20por%20m%C3%A1s%20de%201.700%20millones%20en%20las%2016%20regiones' aria-hidden='false' data-av_icon='\ue8f3' data-av_iconfont='entypo-fontello' title='' data-avia-related-tooltip='Compartir en Facebook' rel=\"noopener\"><span class='avia_hidden_link_text'>Compartir en Facebook<\/span><\/a><\/li><li class='av-share-link av-social-link-twitter' ><a target=\"_blank\" aria-label=\"Compartir en Twitter\" href='https:\/\/twitter.com\/share?text=Fondo%20del%20Patrimonio%20Cultural%20financiar%C3%A1%2087%20proyectos%20por%20m%C3%A1s%20de%201.700%20millones%20en%20las%2016%20regiones&#038;url=https:\/\/radiorevelacionfm.cl\/?p=14249' aria-hidden='false' data-av_icon='\ue8f1' data-av_iconfont='entypo-fontello' title='' data-avia-related-tooltip='Compartir en Twitter' rel=\"noopener\"><span class='avia_hidden_link_text'>Compartir en Twitter<\/span><\/a><\/li><li class='av-share-link av-social-link-whatsapp' ><a target=\"_blank\" aria-label=\"Compartir en Whatsapp\" href='https:\/\/api.whatsapp.com\/send?text=https:\/\/radiorevelacionfm.cl\/?p=14249' aria-hidden='false' data-av_icon='\uf232' data-av_iconfont='entypo-fontello' title='' data-avia-related-tooltip='Compartir en Whatsapp' rel=\"noopener\"><span class='avia_hidden_link_text'>Compartir en Whatsapp<\/span><\/a><\/li><li class='av-share-link av-social-link-linkedin' ><a target=\"_blank\" aria-label=\"Compartir en LinkedIn\" href='https:\/\/linkedin.com\/shareArticle?mini=true&#038;title=Fondo%20del%20Patrimonio%20Cultural%20financiar%C3%A1%2087%20proyectos%20por%20m%C3%A1s%20de%201.700%20millones%20en%20las%2016%20regiones&#038;url=https:\/\/radiorevelacionfm.cl\/?p=14249' aria-hidden='false' data-av_icon='\ue8fc' data-av_iconfont='entypo-fontello' title='' data-avia-related-tooltip='Compartir en LinkedIn' rel=\"noopener\"><span class='avia_hidden_link_text'>Compartir en LinkedIn<\/span><\/a><\/li><li class='av-share-link av-social-link-mail' ><a  aria-label=\"Compartir por correo\" href='mailto:?subject=Fondo%20del%20Patrimonio%20Cultural%20financiar%C3%A1%2087%20proyectos%20por%20m%C3%A1s%20de%201.700%20millones%20en%20las%2016%20regiones&#038;body=https:\/\/radiorevelacionfm.cl\/?p=14249' aria-hidden='false' data-av_icon='\ue805' data-av_iconfont='entypo-fontello' title='' data-avia-related-tooltip='Compartir por correo'><span class='avia_hidden_link_text'>Compartir por correo<\/span><\/a><\/li><\/ul><\/div><\/div>\n<div  style='height:50px' class='hr hr-invisible   avia-builder-el-8  el_after_av_social_share  el_before_av_comments_list '><span class='hr-inner ' ><span class='hr-inner-style'><\/span><\/span><\/div>\n<div  class='av-buildercomment  av-blog-meta-html-info-disabled av-blog-meta-tag-disabled  '><\/div>\n","protected":false},"excerpt":{"rendered":"","protected":false},"author":1,"featured_media":14250,"comment_status":"open","ping_status":"open","sticky":false,"template":"","format":"standard","meta":{"footnotes":""},"categories":[52],"tags":[],"class_list":["post-14249","post","type-post","status-publish","format-standard","has-post-thumbnail","hentry","category-cultura"],"jetpack_featured_media_url":"https:\/\/radiorevelacionfm.cl\/wp-content\/uploads\/2022\/03\/Vitrales-taller-britanico-Lavers-Westlake_Iglesia-Saint-Paul_-Valparaiso-4-1.jpg","_links":{"self":[{"href":"https:\/\/radiorevelacionfm.cl\/index.php?rest_route=\/wp\/v2\/posts\/14249","targetHints":{"allow":["GET"]}}],"collection":[{"href":"https:\/\/radiorevelacionfm.cl\/index.php?rest_route=\/wp\/v2\/posts"}],"about":[{"href":"https:\/\/radiorevelacionfm.cl\/index.php?rest_route=\/wp\/v2\/types\/post"}],"author":[{"embeddable":true,"href":"https:\/\/radiorevelacionfm.cl\/index.php?rest_route=\/wp\/v2\/users\/1"}],"replies":[{"embeddable":true,"href":"https:\/\/radiorevelacionfm.cl\/index.php?rest_route=%2Fwp%2Fv2%2Fcomments&post=14249"}],"version-history":[{"count":5,"href":"https:\/\/radiorevelacionfm.cl\/index.php?rest_route=\/wp\/v2\/posts\/14249\/revisions"}],"predecessor-version":[{"id":14259,"href":"https:\/\/radiorevelacionfm.cl\/index.php?rest_route=\/wp\/v2\/posts\/14249\/revisions\/14259"}],"wp:featuredmedia":[{"embeddable":true,"href":"https:\/\/radiorevelacionfm.cl\/index.php?rest_route=\/wp\/v2\/media\/14250"}],"wp:attachment":[{"href":"https:\/\/radiorevelacionfm.cl\/index.php?rest_route=%2Fwp%2Fv2%2Fmedia&parent=14249"}],"wp:term":[{"taxonomy":"category","embeddable":true,"href":"https:\/\/radiorevelacionfm.cl\/index.php?rest_route=%2Fwp%2Fv2%2Fcategories&post=14249"},{"taxonomy":"post_tag","embeddable":true,"href":"https:\/\/radiorevelacionfm.cl\/index.php?rest_route=%2Fwp%2Fv2%2Ftags&post=14249"}],"curies":[{"name":"wp","href":"https:\/\/api.w.org\/{rel}","templated":true}]}}