{"id":14242,"date":"2022-03-04T10:03:20","date_gmt":"2022-03-04T13:03:20","guid":{"rendered":"https:\/\/radiorevelacionfm.cl\/?p=14242"},"modified":"2022-03-04T10:03:20","modified_gmt":"2022-03-04T13:03:20","slug":"conmemoran-el-dia-mundial-de-la-vida-silvestre","status":"publish","type":"post","link":"https:\/\/radiorevelacionfm.cl\/?p=14242","title":{"rendered":"Conmemoran el D\u00eda Mundial de la Vida Silvestre"},"content":{"rendered":"<div class=\"flex_column av_one_full  flex_column_div av-zero-column-padding first  avia-builder-el-0  el_before_av_one_full  avia-builder-el-first  \" style='border-radius:0px; '><div  class='avia-image-container  av-styling-    avia-builder-el-1  avia-builder-el-no-sibling  avia-align-center '  itemprop=\"image\" itemscope=\"itemscope\" itemtype=\"https:\/\/schema.org\/ImageObject\"  ><div class='avia-image-container-inner'><div class='avia-image-overlay-wrap'><img decoding=\"async\" class='wp-image-14243 avia-img-lazy-loading-not-14243 avia_image' src=\"https:\/\/radiorevelacionfm.cl\/wp-content\/uploads\/2022\/03\/img_4418-1_optimized.jpg\" alt='' title='img_4418-(1)_optimized' height=\"600\" width=\"900\"  itemprop=\"thumbnailUrl\" srcset=\"https:\/\/radiorevelacionfm.cl\/wp-content\/uploads\/2022\/03\/img_4418-1_optimized.jpg 900w, https:\/\/radiorevelacionfm.cl\/wp-content\/uploads\/2022\/03\/img_4418-1_optimized-300x200.jpg 300w, https:\/\/radiorevelacionfm.cl\/wp-content\/uploads\/2022\/03\/img_4418-1_optimized-768x512.jpg 768w, https:\/\/radiorevelacionfm.cl\/wp-content\/uploads\/2022\/03\/img_4418-1_optimized-705x470.jpg 705w, https:\/\/radiorevelacionfm.cl\/wp-content\/uploads\/2022\/03\/img_4418-1_optimized-600x400.jpg 600w\" sizes=\"(max-width: 900px) 100vw, 900px\" \/><\/div><\/div><\/div><\/div><div class=\"flex_column av_one_full  flex_column_div av-zero-column-padding first  avia-builder-el-2  el_after_av_one_full  el_before_av_one_full  column-top-margin\" style='border-radius:0px; '><section class=\"av_textblock_section \"  itemscope=\"itemscope\" itemtype=\"https:\/\/schema.org\/BlogPosting\" itemprop=\"blogPost\" ><div class='avia_textblock  '   itemprop=\"text\" ><p style=\"text-align: center;\"><strong><span style=\"font-size: 18pt;\"> Conmemoran el D\u00eda Mundial de la Vida Silvestre<\/span><\/strong><\/p>\n<div id=\"gtx-trans\" style=\"position: absolute; left: -50px; top: 4.31534px;\">\n<div class=\"gtx-trans-icon\"><\/div>\n<\/div>\n<\/div><\/section><\/div><div class=\"flex_column av_one_full  flex_column_div av-zero-column-padding first  avia-builder-el-4  el_after_av_one_full  el_before_av_hr  column-top-margin\" style='border-radius:0px; '><section class=\"av_textblock_section \"  itemscope=\"itemscope\" itemtype=\"https:\/\/schema.org\/BlogPosting\" itemprop=\"blogPost\" ><div class='avia_textblock  '   itemprop=\"text\" ><p style=\"text-align: justify;\">El 20 de diciembre del 2013 la ONU decide proclamar el d\u00eda 3 de marzo como el D\u00eda Mundial de la Vida Silvestre en conmemoraci\u00f3n al aniversario de la aprobaci\u00f3n de la\u00a0 <strong>Convenci\u00f3n sobre el Comercio Internacional de Especies Amenazadas de Fauna y Flora Silvestres<\/strong> (CITES) en el a\u00f1o 1973, con el objetivo de sensibilizar a la poblaci\u00f3n mundial acerca del valor, aportes y beneficios de la fauna y flora silvestre.<\/p>\n<p style=\"text-align: justify;\">Este d\u00eda nos brinda la ocasi\u00f3n de realzar la importancia de cada especie dentro del entorno natural donde se encuentra, su existencia e interacci\u00f3n hace posible la vida en el planeta, y por su puesto nos sostiene como humanidad.<\/p>\n<p style=\"text-align: justify;\">Los animales y plantas silvestres adem\u00e1s de su valor intr\u00ednseco, contribuyen a los aspectos ecol\u00f3gicos, gen\u00e9ticos, educativos, sociales, cient\u00edficos, econ\u00f3micos,\u00a0 culturales, recreativos y de bienestar humano y al desarrollo sostenible.<\/p>\n<p style=\"text-align: justify;\">Este a\u00f1o, el D\u00eda Mundial de la Vida Silvestre se celebra bajo el tema: \u00abRecuperar a las especies clave para la restauraci\u00f3n de ecosistemas\u00bb con el fin de crear conciencia sobre el estado de las especies silvestre en peligro y en peligro cr\u00edtico y resaltar el poder de los esfuerzos de conservaci\u00f3n alrededor del mundo, con el objetivo de apoyar la restauraci\u00f3n de sus h\u00e1bitats y ecosistemas, promoviendo un uso sostenible por parte de la humanidad<\/p>\n<p style=\"text-align: justify;\">Esto se ajusta a los Objetivos de Desarrollo Sostenible (ODS) de las Naciones Unidas 1, 2,12, 13, 14 y 15, y a sus amplios compromisos de aliviar la pobreza, asegurar el uso sostenible de los recursos y conservar la vida en la tierra.<\/p>\n<p style=\"text-align: justify;\">El ODS 15 se centra en detener la p\u00e9rdida de biodiversidad\u00a0 a trav\u00e9s de \u201cGestionar sosteniblemente los bosques, luchar contra la desertificaci\u00f3n, detener e invertir la degradaci\u00f3n de las tierras, detener la p\u00e9rdida de biodiversidad\u201d<\/p>\n<p style=\"text-align: justify;\">Nuestra regi\u00f3n de Ays\u00e9n, posee un importante patrimonio natural y cultural, albergando una variedad de ecosistemas tanto terrestres como marinos con las especies que lo conforman. En los ecosistemas terrestres encontramos bosque (caducifolio y siempreverde), zona de matorral, praderas, turberas, humedales, estepa patag\u00f3nica y glaciares, \u00a0albergando diversas especies de anfibios como la ranita de Darwin (<em>Rhinoderma darwinii), <\/em>mam\u00edferos como nuestro her\u00e1ldico huemul (<em>Hippocamelus bisulcus<\/em>), reptiles como las desconocidas lagartijas que alberga la estepa, aves \u00a0como el carpintero negro (<em>Campephilus magellanicus<\/em>) e invertebrados como la cant\u00e1rida (<em>Chiasognathus grantii<\/em>).<\/p>\n<p style=\"text-align: justify;\">En cuanto a los ecosistemas marinos presente en nuestra regi\u00f3n, estos conforman ecosistemas \u00fanicos para una gran diversidad de especies, albergando una alta densidad de peces y crust\u00e1ceos, aves marinas como los albatros y cormoranes, mam\u00edferos emblem\u00e1ticos como la imponente ballena azul (<em>Balaenoptera musculus<\/em>), y el delf\u00edn chileno (<em>Cephalorhynchus eutropia<\/em>) el \u00fanico mam\u00edfero marino end\u00e9mico y diversos h\u00e1bitats como praderas de macroalgas como el huiro\u00a0 (<em>Macrocystis pyrifera<\/em>) y coloridos arrecifes de agua fr\u00eda.<\/p>\n<p style=\"text-align: justify;\">Este patrimonio nos llama y recuerda la necesidad de conservar y proteger para que las generaciones actuales y futuras puedan gozar y beneficiarse de la vida silvestre. Para ello tenemos que contrarrestar los m\u00faltiples factores de amenazas que poseen, tales como la degradaci\u00f3n y fragmentaci\u00f3n del h\u00e1bitat, deforestaci\u00f3n, introducci\u00f3n y expansi\u00f3n de especies ex\u00f3ticas invasoras, caza furtiva y pesca excesiva, contaminaci\u00f3n, atropellos de fauna, tenencia irresponsable de mascotas, entre otros.<\/p>\n<p style=\"text-align: justify;\">CONAF hace un llamando a cuidar y conservar el bosque nativo, realizando un uso sustentable de este ecosistema, como tambi\u00e9n a resguardar el patrimonio natural y cultural que albergan las 19 \u00c1reas Silvestres Protegidas que posee la regi\u00f3n a trav\u00e9s de la interacci\u00f3n respetuosa con la naturaleza, evitando los incendios forestales, no ingresando con mascotas, entre otros, \u00a0la vida silvestre depende de nosotros, pero nuestra subsistencia depende de ella, respet\u00e9mosla.<\/p>\n<\/div><\/section><\/div><div  style='height:50px' class='hr hr-invisible   avia-builder-el-6  el_after_av_one_full  el_before_av_social_share '><span class='hr-inner ' ><span class='hr-inner-style'><\/span><\/span><\/div><\/p>\n<div  class='av-social-sharing-box  avia-builder-el-7  el_after_av_hr  el_before_av_hr  '><div class='av-share-box'><h5 class='av-share-link-description av-no-toc '>Compartir esta noticia<\/h5><ul class='av-share-box-list noLightbox'><li class='av-share-link av-social-link-facebook' ><a target=\"_blank\" aria-label=\"Compartir en Facebook\" href='https:\/\/www.facebook.com\/sharer.php?u=https:\/\/radiorevelacionfm.cl\/?p=14242&#038;t=Conmemoran%20el%20D%C3%ADa%20Mundial%20de%20la%20Vida%20Silvestre' aria-hidden='false' data-av_icon='\ue8f3' data-av_iconfont='entypo-fontello' title='' data-avia-related-tooltip='Compartir en Facebook' rel=\"noopener\"><span class='avia_hidden_link_text'>Compartir en Facebook<\/span><\/a><\/li><li class='av-share-link av-social-link-twitter' ><a target=\"_blank\" aria-label=\"Compartir en Twitter\" href='https:\/\/twitter.com\/share?text=Conmemoran%20el%20D%C3%ADa%20Mundial%20de%20la%20Vida%20Silvestre&#038;url=https:\/\/radiorevelacionfm.cl\/?p=14242' aria-hidden='false' data-av_icon='\ue8f1' data-av_iconfont='entypo-fontello' title='' data-avia-related-tooltip='Compartir en Twitter' rel=\"noopener\"><span class='avia_hidden_link_text'>Compartir en Twitter<\/span><\/a><\/li><li class='av-share-link av-social-link-whatsapp' ><a target=\"_blank\" aria-label=\"Compartir en Whatsapp\" href='https:\/\/api.whatsapp.com\/send?text=https:\/\/radiorevelacionfm.cl\/?p=14242' aria-hidden='false' data-av_icon='\uf232' data-av_iconfont='entypo-fontello' title='' data-avia-related-tooltip='Compartir en Whatsapp' rel=\"noopener\"><span class='avia_hidden_link_text'>Compartir en Whatsapp<\/span><\/a><\/li><li class='av-share-link av-social-link-linkedin' ><a target=\"_blank\" aria-label=\"Compartir en LinkedIn\" href='https:\/\/linkedin.com\/shareArticle?mini=true&#038;title=Conmemoran%20el%20D%C3%ADa%20Mundial%20de%20la%20Vida%20Silvestre&#038;url=https:\/\/radiorevelacionfm.cl\/?p=14242' aria-hidden='false' data-av_icon='\ue8fc' data-av_iconfont='entypo-fontello' title='' data-avia-related-tooltip='Compartir en LinkedIn' rel=\"noopener\"><span class='avia_hidden_link_text'>Compartir en LinkedIn<\/span><\/a><\/li><li class='av-share-link av-social-link-mail' ><a  aria-label=\"Compartir por correo\" href='mailto:?subject=Conmemoran%20el%20D%C3%ADa%20Mundial%20de%20la%20Vida%20Silvestre&#038;body=https:\/\/radiorevelacionfm.cl\/?p=14242' aria-hidden='false' data-av_icon='\ue805' data-av_iconfont='entypo-fontello' title='' data-avia-related-tooltip='Compartir por correo'><span class='avia_hidden_link_text'>Compartir por correo<\/span><\/a><\/li><\/ul><\/div><\/div>\n<div  style='height:50px' class='hr hr-invisible   avia-builder-el-8  el_after_av_social_share  el_before_av_comments_list '><span class='hr-inner ' ><span class='hr-inner-style'><\/span><\/span><\/div>\n<div  class='av-buildercomment  av-blog-meta-html-info-disabled av-blog-meta-tag-disabled  '><\/div>\n","protected":false},"excerpt":{"rendered":"","protected":false},"author":1,"featured_media":14243,"comment_status":"open","ping_status":"open","sticky":false,"template":"","format":"standard","meta":{"footnotes":""},"categories":[38],"tags":[],"class_list":["post-14242","post","type-post","status-publish","format-standard","has-post-thumbnail","hentry","category-regional"],"jetpack_featured_media_url":"https:\/\/radiorevelacionfm.cl\/wp-content\/uploads\/2022\/03\/img_4418-1_optimized.jpg","_links":{"self":[{"href":"https:\/\/radiorevelacionfm.cl\/index.php?rest_route=\/wp\/v2\/posts\/14242","targetHints":{"allow":["GET"]}}],"collection":[{"href":"https:\/\/radiorevelacionfm.cl\/index.php?rest_route=\/wp\/v2\/posts"}],"about":[{"href":"https:\/\/radiorevelacionfm.cl\/index.php?rest_route=\/wp\/v2\/types\/post"}],"author":[{"embeddable":true,"href":"https:\/\/radiorevelacionfm.cl\/index.php?rest_route=\/wp\/v2\/users\/1"}],"replies":[{"embeddable":true,"href":"https:\/\/radiorevelacionfm.cl\/index.php?rest_route=%2Fwp%2Fv2%2Fcomments&post=14242"}],"version-history":[{"count":2,"href":"https:\/\/radiorevelacionfm.cl\/index.php?rest_route=\/wp\/v2\/posts\/14242\/revisions"}],"predecessor-version":[{"id":14245,"href":"https:\/\/radiorevelacionfm.cl\/index.php?rest_route=\/wp\/v2\/posts\/14242\/revisions\/14245"}],"wp:featuredmedia":[{"embeddable":true,"href":"https:\/\/radiorevelacionfm.cl\/index.php?rest_route=\/wp\/v2\/media\/14243"}],"wp:attachment":[{"href":"https:\/\/radiorevelacionfm.cl\/index.php?rest_route=%2Fwp%2Fv2%2Fmedia&parent=14242"}],"wp:term":[{"taxonomy":"category","embeddable":true,"href":"https:\/\/radiorevelacionfm.cl\/index.php?rest_route=%2Fwp%2Fv2%2Fcategories&post=14242"},{"taxonomy":"post_tag","embeddable":true,"href":"https:\/\/radiorevelacionfm.cl\/index.php?rest_route=%2Fwp%2Fv2%2Ftags&post=14242"}],"curies":[{"name":"wp","href":"https:\/\/api.w.org\/{rel}","templated":true}]}}