{"id":14239,"date":"2022-03-04T10:09:30","date_gmt":"2022-03-04T13:09:30","guid":{"rendered":"https:\/\/radiorevelacionfm.cl\/?p=14239"},"modified":"2022-03-04T10:09:30","modified_gmt":"2022-03-04T13:09:30","slug":"en-cochrane-lanzan-proceso-de-postulacion-a-beca-municipal-para-educacion-superior","status":"publish","type":"post","link":"https:\/\/radiorevelacionfm.cl\/?p=14239","title":{"rendered":"En Cochrane lanzan proceso de postulaci\u00f3n a Beca Municipal para Educaci\u00f3n Superior"},"content":{"rendered":"<div class=\"flex_column av_one_full  flex_column_div av-zero-column-padding first  avia-builder-el-0  el_before_av_one_full  avia-builder-el-first  \" style='border-radius:0px; '><div  class='avia-image-container  av-styling-    avia-builder-el-1  avia-builder-el-no-sibling  avia-align-center '  itemprop=\"image\" itemscope=\"itemscope\" itemtype=\"https:\/\/schema.org\/ImageObject\"  ><div class='avia-image-container-inner'><div class='avia-image-overlay-wrap'><img decoding=\"async\" class='wp-image-14240 avia-img-lazy-loading-not-14240 avia_image' src=\"https:\/\/radiorevelacionfm.cl\/wp-content\/uploads\/2022\/03\/alcalde-cochrane-1_optimized.jpg\" alt='' title='alcalde-cochrane-(1)_optimized' height=\"600\" width=\"897\"  itemprop=\"thumbnailUrl\" srcset=\"https:\/\/radiorevelacionfm.cl\/wp-content\/uploads\/2022\/03\/alcalde-cochrane-1_optimized.jpg 897w, https:\/\/radiorevelacionfm.cl\/wp-content\/uploads\/2022\/03\/alcalde-cochrane-1_optimized-300x201.jpg 300w, https:\/\/radiorevelacionfm.cl\/wp-content\/uploads\/2022\/03\/alcalde-cochrane-1_optimized-768x514.jpg 768w, https:\/\/radiorevelacionfm.cl\/wp-content\/uploads\/2022\/03\/alcalde-cochrane-1_optimized-705x472.jpg 705w, https:\/\/radiorevelacionfm.cl\/wp-content\/uploads\/2022\/03\/alcalde-cochrane-1_optimized-600x401.jpg 600w\" sizes=\"(max-width: 897px) 100vw, 897px\" \/><\/div><\/div><\/div><\/div><div class=\"flex_column av_one_full  flex_column_div av-zero-column-padding first  avia-builder-el-2  el_after_av_one_full  el_before_av_one_full  column-top-margin\" style='border-radius:0px; '><section class=\"av_textblock_section \"  itemscope=\"itemscope\" itemtype=\"https:\/\/schema.org\/BlogPosting\" itemprop=\"blogPost\" ><div class='avia_textblock  '   itemprop=\"text\" ><p style=\"text-align: center;\"><strong><span style=\"font-size: 18pt;\">En Cochrane lanzan proceso de postulaci\u00f3n a Beca Municipal para Educaci\u00f3n Superior<\/span><\/strong><\/p>\n<div id=\"gtx-trans\" style=\"position: absolute; left: -50px; top: 4.31534px;\">\n<div class=\"gtx-trans-icon\"><\/div>\n<\/div>\n<\/div><\/section><\/div><div class=\"flex_column av_one_full  flex_column_div av-zero-column-padding first  avia-builder-el-4  el_after_av_one_full  el_before_av_hr  column-top-margin\" style='border-radius:0px; '><section class=\"av_textblock_section \"  itemscope=\"itemscope\" itemtype=\"https:\/\/schema.org\/BlogPosting\" itemprop=\"blogPost\" ><div class='avia_textblock  '   itemprop=\"text\" ><p style=\"text-align: justify;\">En el frontis de la Direcci\u00f3n de Desarrollo Comunitario municipal y junto al equipo del Departamento social se dio a conocer un importante aporte a los estudiantes cochraninos y sus familias.<\/p>\n<p style=\"text-align: justify;\">En una breve presentaci\u00f3n el alcalde de Cochrane, Jorge Calder\u00f3n N\u00fa\u00f1ez, junto a la concejala Nilda Soto Mansilla, presentaron la Beca y el formulario de postulaci\u00f3n aprobada por el Concejo municipal, ocasi\u00f3n en que manifestaron su satisfacci\u00f3n por poner a disposici\u00f3n de los y de las cochraninas una beca de estudio de educaci\u00f3n superior financiada con recursos municipales.<\/p>\n<p style=\"text-align: justify;\">El alcalde de Cochrane destac\u00f3 la voluntad del Concejo municipal en aprobar los recursos necesarios que permitir\u00e1n ampliar la cobertura y generar un proceso de postulaci\u00f3n y selecci\u00f3n de beneficiarios m\u00e1s objetivo.<\/p>\n<p style=\"text-align: justify;\">\u201cEstamos muy contentos porque gracias a un trabajo junto a la Direcci\u00f3n de Desarrollo Comunitario y el Departamento Social, por primera vez vamos a tener una beca con un proceso objetivo y transparente de postulaci\u00f3n. Y esto significa que todos quienes quieran postular a este beneficio van a tener claridad respecto de las fechas, formas y los requisitos. Y eso es importante de resaltar\u201d.<\/p>\n<p style=\"text-align: justify;\">Agreg\u00f3 que la Beca Municipal de Educaci\u00f3n Superior ampl\u00eda la cobertura, pudiendo beneficiar no solo a j\u00f3venes reci\u00e9n egresados de la educaci\u00f3n media o alumnos matriculados que cursan en modo presencial.<\/p>\n<p style=\"text-align: justify;\">\u201cEstamos muy contentos tambi\u00e9n porque adem\u00e1s esta beca permitir\u00e1 que estudiantes de educaci\u00f3n superior que lo hagan de modo online tambi\u00e9n puedan postular a este beneficio. Por lo tanto, no solo los alumnos que vienen saliendo de ense\u00f1anza media sino que personas adultas que han terminado sus estudios en a\u00f1os anteriores y que hoy insertados en el mundo laboral quieran buscar nuevas expectativas. Existe la posibilidad cierta de postular a este beneficio, una beca municipal que abrimos y que esperamos tenga la mayor difusi\u00f3n posible para que todas y todos los habitantes de Cochrane interesados en optar a este beneficio cuenten con la informaci\u00f3n para poder hacerlo\u201d.<\/p>\n<p style=\"text-align: justify;\">Las bases de postulaci\u00f3n y el formulario est\u00e1n disponibles y ya pueden descargarse desde el sitio web\u00a0<a href=\"http:\/\/www.municochrane.cl\/\">www.municochrane.cl<\/a>.<\/p>\n<\/div><\/section><\/div><div  style='height:50px' class='hr hr-invisible   avia-builder-el-6  el_after_av_one_full  el_before_av_social_share '><span class='hr-inner ' ><span class='hr-inner-style'><\/span><\/span><\/div><\/p>\n<div  class='av-social-sharing-box  avia-builder-el-7  el_after_av_hr  el_before_av_hr  '><div class='av-share-box'><h5 class='av-share-link-description av-no-toc '>Compartir esta noticia<\/h5><ul class='av-share-box-list noLightbox'><li class='av-share-link av-social-link-facebook' ><a target=\"_blank\" aria-label=\"Compartir en Facebook\" href='https:\/\/www.facebook.com\/sharer.php?u=https:\/\/radiorevelacionfm.cl\/?p=14239&#038;t=En%20Cochrane%20lanzan%20proceso%20de%20postulaci%C3%B3n%20a%20Beca%20Municipal%20para%20Educaci%C3%B3n%20Superior' aria-hidden='false' data-av_icon='\ue8f3' data-av_iconfont='entypo-fontello' title='' data-avia-related-tooltip='Compartir en Facebook' rel=\"noopener\"><span class='avia_hidden_link_text'>Compartir en Facebook<\/span><\/a><\/li><li class='av-share-link av-social-link-twitter' ><a target=\"_blank\" aria-label=\"Compartir en Twitter\" href='https:\/\/twitter.com\/share?text=En%20Cochrane%20lanzan%20proceso%20de%20postulaci%C3%B3n%20a%20Beca%20Municipal%20para%20Educaci%C3%B3n%20Superior&#038;url=https:\/\/radiorevelacionfm.cl\/?p=14239' aria-hidden='false' data-av_icon='\ue8f1' data-av_iconfont='entypo-fontello' title='' data-avia-related-tooltip='Compartir en Twitter' rel=\"noopener\"><span class='avia_hidden_link_text'>Compartir en Twitter<\/span><\/a><\/li><li class='av-share-link av-social-link-whatsapp' ><a target=\"_blank\" aria-label=\"Compartir en Whatsapp\" href='https:\/\/api.whatsapp.com\/send?text=https:\/\/radiorevelacionfm.cl\/?p=14239' aria-hidden='false' data-av_icon='\uf232' data-av_iconfont='entypo-fontello' title='' data-avia-related-tooltip='Compartir en Whatsapp' rel=\"noopener\"><span class='avia_hidden_link_text'>Compartir en Whatsapp<\/span><\/a><\/li><li class='av-share-link av-social-link-linkedin' ><a target=\"_blank\" aria-label=\"Compartir en LinkedIn\" href='https:\/\/linkedin.com\/shareArticle?mini=true&#038;title=En%20Cochrane%20lanzan%20proceso%20de%20postulaci%C3%B3n%20a%20Beca%20Municipal%20para%20Educaci%C3%B3n%20Superior&#038;url=https:\/\/radiorevelacionfm.cl\/?p=14239' aria-hidden='false' data-av_icon='\ue8fc' data-av_iconfont='entypo-fontello' title='' data-avia-related-tooltip='Compartir en LinkedIn' rel=\"noopener\"><span class='avia_hidden_link_text'>Compartir en LinkedIn<\/span><\/a><\/li><li class='av-share-link av-social-link-mail' ><a  aria-label=\"Compartir por correo\" href='mailto:?subject=En%20Cochrane%20lanzan%20proceso%20de%20postulaci%C3%B3n%20a%20Beca%20Municipal%20para%20Educaci%C3%B3n%20Superior&#038;body=https:\/\/radiorevelacionfm.cl\/?p=14239' aria-hidden='false' data-av_icon='\ue805' data-av_iconfont='entypo-fontello' title='' data-avia-related-tooltip='Compartir por correo'><span class='avia_hidden_link_text'>Compartir por correo<\/span><\/a><\/li><\/ul><\/div><\/div>\n<div  style='height:50px' class='hr hr-invisible   avia-builder-el-8  el_after_av_social_share  el_before_av_comments_list '><span class='hr-inner ' ><span class='hr-inner-style'><\/span><\/span><\/div>\n<div  class='av-buildercomment  av-blog-meta-html-info-disabled av-blog-meta-tag-disabled  '><\/div>\n","protected":false},"excerpt":{"rendered":"","protected":false},"author":1,"featured_media":14240,"comment_status":"open","ping_status":"open","sticky":false,"template":"","format":"standard","meta":{"footnotes":""},"categories":[38],"tags":[],"class_list":["post-14239","post","type-post","status-publish","format-standard","has-post-thumbnail","hentry","category-regional"],"jetpack_featured_media_url":"https:\/\/radiorevelacionfm.cl\/wp-content\/uploads\/2022\/03\/alcalde-cochrane-1_optimized.jpg","_links":{"self":[{"href":"https:\/\/radiorevelacionfm.cl\/index.php?rest_route=\/wp\/v2\/posts\/14239","targetHints":{"allow":["GET"]}}],"collection":[{"href":"https:\/\/radiorevelacionfm.cl\/index.php?rest_route=\/wp\/v2\/posts"}],"about":[{"href":"https:\/\/radiorevelacionfm.cl\/index.php?rest_route=\/wp\/v2\/types\/post"}],"author":[{"embeddable":true,"href":"https:\/\/radiorevelacionfm.cl\/index.php?rest_route=\/wp\/v2\/users\/1"}],"replies":[{"embeddable":true,"href":"https:\/\/radiorevelacionfm.cl\/index.php?rest_route=%2Fwp%2Fv2%2Fcomments&post=14239"}],"version-history":[{"count":2,"href":"https:\/\/radiorevelacionfm.cl\/index.php?rest_route=\/wp\/v2\/posts\/14239\/revisions"}],"predecessor-version":[{"id":14246,"href":"https:\/\/radiorevelacionfm.cl\/index.php?rest_route=\/wp\/v2\/posts\/14239\/revisions\/14246"}],"wp:featuredmedia":[{"embeddable":true,"href":"https:\/\/radiorevelacionfm.cl\/index.php?rest_route=\/wp\/v2\/media\/14240"}],"wp:attachment":[{"href":"https:\/\/radiorevelacionfm.cl\/index.php?rest_route=%2Fwp%2Fv2%2Fmedia&parent=14239"}],"wp:term":[{"taxonomy":"category","embeddable":true,"href":"https:\/\/radiorevelacionfm.cl\/index.php?rest_route=%2Fwp%2Fv2%2Fcategories&post=14239"},{"taxonomy":"post_tag","embeddable":true,"href":"https:\/\/radiorevelacionfm.cl\/index.php?rest_route=%2Fwp%2Fv2%2Ftags&post=14239"}],"curies":[{"name":"wp","href":"https:\/\/api.w.org\/{rel}","templated":true}]}}