{"id":14228,"date":"2022-03-03T11:45:24","date_gmt":"2022-03-03T14:45:24","guid":{"rendered":"https:\/\/radiorevelacionfm.cl\/?p=14228"},"modified":"2022-03-03T11:45:24","modified_gmt":"2022-03-03T14:45:24","slug":"calisto-insiste-con-necesidad-de-eliminar-el-impuesto-especifico-a-los-combustibles-en-las-zonas-extremas-ante-posibles-alzas-de-precios","status":"publish","type":"post","link":"https:\/\/radiorevelacionfm.cl\/?p=14228","title":{"rendered":"Calisto insiste con necesidad de eliminar el impuesto espec\u00edfico a los combustibles en las zonas extremas ante posibles alzas de precios"},"content":{"rendered":"<div class=\"flex_column av_one_full  flex_column_div av-zero-column-padding first  avia-builder-el-0  el_before_av_one_full  avia-builder-el-first  \" style='border-radius:0px; '><div  class='avia-image-container  av-styling-    avia-builder-el-1  avia-builder-el-no-sibling  avia-align-center '  itemprop=\"image\" itemscope=\"itemscope\" itemtype=\"https:\/\/schema.org\/ImageObject\"  ><div class='avia-image-container-inner'><div class='avia-image-overlay-wrap'><img decoding=\"async\" class='wp-image-6047 avia-img-lazy-loading-not-6047 avia_image' src=\"https:\/\/radiorevelacionfm.cl\/wp-content\/uploads\/2021\/07\/Combustibles.jpg\" alt='' title='Combustibles' height=\"600\" width=\"900\"  itemprop=\"thumbnailUrl\" srcset=\"https:\/\/radiorevelacionfm.cl\/wp-content\/uploads\/2021\/07\/Combustibles.jpg 900w, https:\/\/radiorevelacionfm.cl\/wp-content\/uploads\/2021\/07\/Combustibles-300x200.jpg 300w, https:\/\/radiorevelacionfm.cl\/wp-content\/uploads\/2021\/07\/Combustibles-768x512.jpg 768w, https:\/\/radiorevelacionfm.cl\/wp-content\/uploads\/2021\/07\/Combustibles-705x470.jpg 705w, https:\/\/radiorevelacionfm.cl\/wp-content\/uploads\/2021\/07\/Combustibles-600x400.jpg 600w\" sizes=\"(max-width: 900px) 100vw, 900px\" \/><\/div><\/div><\/div><\/div><div class=\"flex_column av_one_full  flex_column_div av-zero-column-padding first  avia-builder-el-2  el_after_av_one_full  el_before_av_one_full  column-top-margin\" style='border-radius:0px; '><section class=\"av_textblock_section \"  itemscope=\"itemscope\" itemtype=\"https:\/\/schema.org\/BlogPosting\" itemprop=\"blogPost\" ><div class='avia_textblock  '   itemprop=\"text\" ><p style=\"text-align: center;\"><span style=\"font-size: 18pt;\"><b><span lang=\"ES\">Calisto insiste con necesidad de eliminar el impuesto espec\u00edfico a los combustibles en las zonas extremas ante posibles alzas de precios<\/span><\/b><\/span><\/p>\n<div id=\"gtx-trans\" style=\"position: absolute; left: -50px; top: 4.31534px;\">\n<div class=\"gtx-trans-icon\"><\/div>\n<\/div>\n<\/div><\/section><\/div><div class=\"flex_column av_one_full  flex_column_div av-zero-column-padding first  avia-builder-el-4  el_after_av_one_full  el_before_av_hr  column-top-margin\" style='border-radius:0px; '><section class=\"av_textblock_section \"  itemscope=\"itemscope\" itemtype=\"https:\/\/schema.org\/BlogPosting\" itemprop=\"blogPost\" ><div class='avia_textblock  '   itemprop=\"text\" ><p style=\"font-weight: 400; text-align: justify;\">Consciente del alto precio que se paga por el litro de bencina en la regi\u00f3n de Ays\u00e9n y ad portas de una posible nueva alza en los precios por la guerra entre Rusia y Ucrania, el diputado Miguel \u00c1ngel Calisto insisti\u00f3 con la necesidad de eliminar el impuesto espec\u00edfico a los combustibles en las zonas extremas, por lo que hizo un llamado al futuro presidente, Gabriel Boric, a que considere esta opci\u00f3n.<\/p>\n<p style=\"font-weight: 400; text-align: justify;\">Seg\u00fan el legislador, \u201cestamos muy preocupados por la informaci\u00f3n que ha circulado por parte del Gobierno respecto a la nueva alza en el precio de los combustibles, a prop\u00f3sito de la guerra que hoy se est\u00e1 desatando entre Rusia y Ucrania, y que aumentar\u00eda el valor en $250\u201d.<\/p>\n<p style=\"font-weight: 400; text-align: justify;\">\u201cEn la regi\u00f3n de Ays\u00e9n vale al menos $1100 el litro. Si le sumamos la nueva alza, el da\u00f1o a las ayseninas, ayseninos, y en general quienes viven en Zonas Extremas, ser\u00e1 tremendo. Estamos pidiendo que se elimine el impuesto espec\u00edfico en las Zonas Extremas, considerando que pr\u00e1cticamente el 50% de lo que pagamos por un litro de bencina es impuesto\u201d, indic\u00f3.<\/p>\n<p style=\"font-weight: 400; text-align: justify;\">Calisto agreg\u00f3 que \u201ccreemos que se tiene que abordar el tema con un tratamiento especial para quienes viven m\u00e1s distantes del centro del pa\u00eds. Hemos insistido con este Gobierno, pero tambi\u00e9n con las nuevas autoridades del futuro Gobierno. Personalmente habl\u00e9 con el Presidente electo, Gabriel Boric, respecto de la necesidad de eliminar este impuesto espec\u00edfico. \u00c9l se comprometi\u00f3 a buscar una herramienta, un mecanismo para atender esta problem\u00e1tica que nos afecta a aquellos que vivimos en zonas extremas\u201d.<\/p>\n<p style=\"font-weight: 400; text-align: justify;\">\u201cEl a\u00f1o pasado, frente a la situaci\u00f3n de pandemia, presentamos varios proyectos relacionados a este tema, el primero para disminuir en un 50% el impuesto espec\u00edfico, el que fue rechazado en la comisi\u00f3n de Hacienda. Despu\u00e9s presentamos uno que eliminaba este gravamen en todo Chile, rechazado tambi\u00e9n. El tercero buscaba eliminar el impuesto espec\u00edfico en las zonas extremas, el que tambi\u00e9n se rechaz\u00f3, incluso con el voto del Presidente Boric cuando ejerc\u00eda como diputado\u201d, indic\u00f3.<\/p>\n<p style=\"font-weight: 400; text-align: justify;\">Finalmente, Miguel \u00c1ngel Calisto se\u00f1al\u00f3 que \u201ctodos los diputados de la regi\u00f3n tenemos una posici\u00f3n clara frente a esto. Si la gente de Santiago quiere promocionar el uso de la bicicleta, muy bien por ellos, fant\u00e1stico, pero la gente de las ciudades grandes no entiende la realidad de los territorios. El precio del combustible es insostenible, por lo que vamos a insistir de manera fuerte para eliminar este gravamen. No podemos seguir siendo castigados quienes estamos haciendo patria en las zonas extremas\u201d.<\/p>\n<\/div><\/section><\/div><div  style='height:50px' class='hr hr-invisible   avia-builder-el-6  el_after_av_one_full  el_before_av_social_share '><span class='hr-inner ' ><span class='hr-inner-style'><\/span><\/span><\/div><\/p>\n<div  class='av-social-sharing-box  avia-builder-el-7  el_after_av_hr  el_before_av_hr  '><div class='av-share-box'><h5 class='av-share-link-description av-no-toc '>Compartir esta noticia<\/h5><ul class='av-share-box-list noLightbox'><li class='av-share-link av-social-link-facebook' ><a target=\"_blank\" aria-label=\"Compartir en Facebook\" href='https:\/\/www.facebook.com\/sharer.php?u=https:\/\/radiorevelacionfm.cl\/?p=14228&#038;t=Calisto%20insiste%20con%20necesidad%20de%20eliminar%20el%20impuesto%20espec%C3%ADfico%20a%20los%20combustibles%20en%20las%20zonas%20extremas%20ante%20posibles%20alzas%20de%20precios' aria-hidden='false' data-av_icon='\ue8f3' data-av_iconfont='entypo-fontello' title='' data-avia-related-tooltip='Compartir en Facebook' rel=\"noopener\"><span class='avia_hidden_link_text'>Compartir en Facebook<\/span><\/a><\/li><li class='av-share-link av-social-link-twitter' ><a target=\"_blank\" aria-label=\"Compartir en Twitter\" href='https:\/\/twitter.com\/share?text=Calisto%20insiste%20con%20necesidad%20de%20eliminar%20el%20impuesto%20espec%C3%ADfico%20a%20los%20combustibles%20en%20las%20zonas%20extremas%20ante%20posibles%20alzas%20de%20precios&#038;url=https:\/\/radiorevelacionfm.cl\/?p=14228' aria-hidden='false' data-av_icon='\ue8f1' data-av_iconfont='entypo-fontello' title='' data-avia-related-tooltip='Compartir en Twitter' rel=\"noopener\"><span class='avia_hidden_link_text'>Compartir en Twitter<\/span><\/a><\/li><li class='av-share-link av-social-link-whatsapp' ><a target=\"_blank\" aria-label=\"Compartir en Whatsapp\" href='https:\/\/api.whatsapp.com\/send?text=https:\/\/radiorevelacionfm.cl\/?p=14228' aria-hidden='false' data-av_icon='\uf232' data-av_iconfont='entypo-fontello' title='' data-avia-related-tooltip='Compartir en Whatsapp' rel=\"noopener\"><span class='avia_hidden_link_text'>Compartir en Whatsapp<\/span><\/a><\/li><li class='av-share-link av-social-link-linkedin' ><a target=\"_blank\" aria-label=\"Compartir en LinkedIn\" href='https:\/\/linkedin.com\/shareArticle?mini=true&#038;title=Calisto%20insiste%20con%20necesidad%20de%20eliminar%20el%20impuesto%20espec%C3%ADfico%20a%20los%20combustibles%20en%20las%20zonas%20extremas%20ante%20posibles%20alzas%20de%20precios&#038;url=https:\/\/radiorevelacionfm.cl\/?p=14228' aria-hidden='false' data-av_icon='\ue8fc' data-av_iconfont='entypo-fontello' title='' data-avia-related-tooltip='Compartir en LinkedIn' rel=\"noopener\"><span class='avia_hidden_link_text'>Compartir en LinkedIn<\/span><\/a><\/li><li class='av-share-link av-social-link-mail' ><a  aria-label=\"Compartir por correo\" href='mailto:?subject=Calisto%20insiste%20con%20necesidad%20de%20eliminar%20el%20impuesto%20espec%C3%ADfico%20a%20los%20combustibles%20en%20las%20zonas%20extremas%20ante%20posibles%20alzas%20de%20precios&#038;body=https:\/\/radiorevelacionfm.cl\/?p=14228' aria-hidden='false' data-av_icon='\ue805' data-av_iconfont='entypo-fontello' title='' data-avia-related-tooltip='Compartir por correo'><span class='avia_hidden_link_text'>Compartir por correo<\/span><\/a><\/li><\/ul><\/div><\/div>\n<div  style='height:50px' class='hr hr-invisible   avia-builder-el-8  el_after_av_social_share  el_before_av_comments_list '><span class='hr-inner ' ><span class='hr-inner-style'><\/span><\/span><\/div>\n<div  class='av-buildercomment  av-blog-meta-html-info-disabled av-blog-meta-tag-disabled  '><\/div>\n","protected":false},"excerpt":{"rendered":"","protected":false},"author":1,"featured_media":6047,"comment_status":"open","ping_status":"open","sticky":false,"template":"","format":"standard","meta":{"footnotes":""},"categories":[35],"tags":[],"class_list":["post-14228","post","type-post","status-publish","format-standard","has-post-thumbnail","hentry","category-politica"],"jetpack_featured_media_url":"https:\/\/radiorevelacionfm.cl\/wp-content\/uploads\/2021\/07\/Combustibles.jpg","_links":{"self":[{"href":"https:\/\/radiorevelacionfm.cl\/index.php?rest_route=\/wp\/v2\/posts\/14228","targetHints":{"allow":["GET"]}}],"collection":[{"href":"https:\/\/radiorevelacionfm.cl\/index.php?rest_route=\/wp\/v2\/posts"}],"about":[{"href":"https:\/\/radiorevelacionfm.cl\/index.php?rest_route=\/wp\/v2\/types\/post"}],"author":[{"embeddable":true,"href":"https:\/\/radiorevelacionfm.cl\/index.php?rest_route=\/wp\/v2\/users\/1"}],"replies":[{"embeddable":true,"href":"https:\/\/radiorevelacionfm.cl\/index.php?rest_route=%2Fwp%2Fv2%2Fcomments&post=14228"}],"version-history":[{"count":2,"href":"https:\/\/radiorevelacionfm.cl\/index.php?rest_route=\/wp\/v2\/posts\/14228\/revisions"}],"predecessor-version":[{"id":14230,"href":"https:\/\/radiorevelacionfm.cl\/index.php?rest_route=\/wp\/v2\/posts\/14228\/revisions\/14230"}],"wp:featuredmedia":[{"embeddable":true,"href":"https:\/\/radiorevelacionfm.cl\/index.php?rest_route=\/wp\/v2\/media\/6047"}],"wp:attachment":[{"href":"https:\/\/radiorevelacionfm.cl\/index.php?rest_route=%2Fwp%2Fv2%2Fmedia&parent=14228"}],"wp:term":[{"taxonomy":"category","embeddable":true,"href":"https:\/\/radiorevelacionfm.cl\/index.php?rest_route=%2Fwp%2Fv2%2Fcategories&post=14228"},{"taxonomy":"post_tag","embeddable":true,"href":"https:\/\/radiorevelacionfm.cl\/index.php?rest_route=%2Fwp%2Fv2%2Ftags&post=14228"}],"curies":[{"name":"wp","href":"https:\/\/api.w.org\/{rel}","templated":true}]}}