{"id":14217,"date":"2022-03-03T09:33:25","date_gmt":"2022-03-03T12:33:25","guid":{"rendered":"https:\/\/radiorevelacionfm.cl\/?p=14217"},"modified":"2022-03-03T09:33:25","modified_gmt":"2022-03-03T12:33:25","slug":"en-aysen-culmino-de-manera-exitosa-decimo-cuarta-version-de-programa-en-ayuda-a-las-personas-mayores","status":"publish","type":"post","link":"https:\/\/radiorevelacionfm.cl\/?p=14217","title":{"rendered":"En Ays\u00e9n culmin\u00f3 de manera exitosa d\u00e9cimo cuarta versi\u00f3n de programa en ayuda a las personas mayores"},"content":{"rendered":"<div class=\"flex_column av_one_full  flex_column_div av-zero-column-padding first  avia-builder-el-0  el_before_av_one_full  avia-builder-el-first  \" style='border-radius:0px; '><div  class='avia-image-container  av-styling-    avia-builder-el-1  avia-builder-el-no-sibling  avia-align-center '  itemprop=\"image\" itemscope=\"itemscope\" itemtype=\"https:\/\/schema.org\/ImageObject\"  ><div class='avia-image-container-inner'><div class='avia-image-overlay-wrap'><img decoding=\"async\" class='wp-image-14218 avia-img-lazy-loading-not-14218 avia_image' src=\"https:\/\/radiorevelacionfm.cl\/wp-content\/uploads\/2022\/03\/vinculos-muniaysen2-1-1.jpeg\" alt='' title='vinculos-muniaysen2 (1) (1)' height=\"600\" width=\"996\"  itemprop=\"thumbnailUrl\" srcset=\"https:\/\/radiorevelacionfm.cl\/wp-content\/uploads\/2022\/03\/vinculos-muniaysen2-1-1.jpeg 996w, https:\/\/radiorevelacionfm.cl\/wp-content\/uploads\/2022\/03\/vinculos-muniaysen2-1-1-300x181.jpeg 300w, https:\/\/radiorevelacionfm.cl\/wp-content\/uploads\/2022\/03\/vinculos-muniaysen2-1-1-768x463.jpeg 768w, https:\/\/radiorevelacionfm.cl\/wp-content\/uploads\/2022\/03\/vinculos-muniaysen2-1-1-705x425.jpeg 705w, https:\/\/radiorevelacionfm.cl\/wp-content\/uploads\/2022\/03\/vinculos-muniaysen2-1-1-600x361.jpeg 600w\" sizes=\"(max-width: 996px) 100vw, 996px\" \/><\/div><\/div><\/div><\/div><div class=\"flex_column av_one_full  flex_column_div av-zero-column-padding first  avia-builder-el-2  el_after_av_one_full  el_before_av_one_full  column-top-margin\" style='border-radius:0px; '><section class=\"av_textblock_section \"  itemscope=\"itemscope\" itemtype=\"https:\/\/schema.org\/BlogPosting\" itemprop=\"blogPost\" ><div class='avia_textblock  '   itemprop=\"text\" ><p style=\"text-align: center;\"><strong><span style=\"font-size: 18pt;\">En Ays\u00e9n culmin\u00f3 de manera exitosa d\u00e9cimo cuarta versi\u00f3n de programa en ayuda a las personas mayores <\/span><\/strong><\/p>\n<div id=\"gtx-trans\" style=\"position: absolute; left: -50px; top: 4.31534px;\">\n<div class=\"gtx-trans-icon\"><\/div>\n<\/div>\n<\/div><\/section><\/div><div class=\"flex_column av_one_full  flex_column_div av-zero-column-padding first  avia-builder-el-4  el_after_av_one_full  el_before_av_hr  column-top-margin\" style='border-radius:0px; '><section class=\"av_textblock_section \"  itemscope=\"itemscope\" itemtype=\"https:\/\/schema.org\/BlogPosting\" itemprop=\"blogPost\" ><div class='avia_textblock  '   itemprop=\"text\" ><p style=\"text-align: justify;\">Con la presencia de beneficiarios se efectu\u00f3 en dependencias de la Ilustre Municipalidad de Ays\u00e9n la ceremonia de clausura de la d\u00e9cimo cuarta versi\u00f3n del Programa \u201cV\u00ednculos\u201d que ejecuta la casa edilicia a trav\u00e9s de la Direcci\u00f3n de Desarrollo Comunitario (Dideco) en convenio con el Servicio Nacional del Adulto Mayor (Senama).\u00a0 En el encuentro el alcalde, Julio Uribe Alvarado, valor\u00f3 el trabajo desarrollado en los 24 meses que contempla la intervenci\u00f3n que busca aportar a la autonom\u00eda de las personas mayores dot\u00e1ndolas de herramientas y acompa\u00f1amiento efectivo para generar redes de protecci\u00f3n. El financiamiento asociado para ejecutar estas labores super\u00f3 los 21 millones de pesos.<\/p>\n<p style=\"text-align: justify;\">La primera autoridad de la comuna porte\u00f1a, Julio Uribe Alvarado, junto con expresar su alegr\u00eda por la labor efectuada con las personas mayores, agradeci\u00f3 la colaboraci\u00f3n de Senama en esta materia en coordinaci\u00f3n estrecha con el municipio aysenino para llevar adelante esta y otras nuevas iniciativas para ejecutar durante el 2022, \u201ces muy importante el trabajo con nuestros vecinos mayores y estamos interesados en que este grupo de edad tenga y contenga sus energ\u00edas para que puedan seguir aportando a la sociedad\u201d, explic\u00f3.<\/p>\n<p style=\"text-align: justify;\">Por su parte, uno de los representantes de Senama en el encuentro, Eugenio Canales, adem\u00e1s de destacar las medidas sanitarias adoptadas en la instancia realiz\u00f3 un hincapi\u00e9 en trabajo efectuado por la Oficina del Adulto Mayor y la Discapacidad, as\u00ed como tambi\u00e9n de la Dideco y el alcalde en \u201cenfocar y desplegar el programa V\u00ednculos, el cual acompa\u00f1a a las personas mayores que hoy m\u00e1s lo requieren\u201d valorando positivamente lo obrado en pos de nuevos convenios entre ambas instituciones.<\/p>\n<p style=\"text-align: justify;\">Luis Hern\u00e1ndez Vargas, uno de los 40 beneficiarios contemplados en la d\u00e9cimo cuarta versi\u00f3n\u00a0 coment\u00f3 que \u201clo he pasado muy bien con la se\u00f1ora Martita, se ha portado muy bien con nosotros, a mi cuando comenz\u00f3 todo esto fueron a mi casa y me propusieron la opci\u00f3n de ingresar al programa V\u00ednculos y de ah\u00ed puede conocer tanto a la monitora y otras personas m\u00e1s y de lo cual estoy muy agradecido, principalmente por haber participado en esta iniciativa, ojal\u00e1 pueda seguir haci\u00e9ndose y enfocado en otras personas que realmente tambi\u00e9n lo necesitan, as\u00ed es que, ojal\u00e1 se siga as\u00ed\u201d explic\u00f3 el aysenino, tras los dos a\u00f1os de ejecuci\u00f3n que contempla el acompa\u00f1amiento.<\/p>\n<p style=\"text-align: justify;\">Cabe destacar que el ingreso a estas actividades no requiere de inscripci\u00f3n previa, pues la n\u00f3mina de beneficiarios es un trabajo mancomunado entre el Senama y el Ministerio de Desarrollo Social y Familia a trav\u00e9s de la caracterizaci\u00f3n socioecon\u00f3mica de las personas que proviene del Registro Social de Hogares (RSH).<\/p>\n<\/div><\/section><\/div><div  style='height:50px' class='hr hr-invisible   avia-builder-el-6  el_after_av_one_full  el_before_av_social_share '><span class='hr-inner ' ><span class='hr-inner-style'><\/span><\/span><\/div><\/p>\n<div  class='av-social-sharing-box  avia-builder-el-7  el_after_av_hr  el_before_av_hr  '><div class='av-share-box'><h5 class='av-share-link-description av-no-toc '>Compartir esta noticia<\/h5><ul class='av-share-box-list noLightbox'><li class='av-share-link av-social-link-facebook' ><a target=\"_blank\" aria-label=\"Compartir en Facebook\" href='https:\/\/www.facebook.com\/sharer.php?u=https:\/\/radiorevelacionfm.cl\/?p=14217&#038;t=En%20Ays%C3%A9n%20culmin%C3%B3%20de%20manera%20exitosa%20d%C3%A9cimo%20cuarta%20versi%C3%B3n%20de%20programa%20en%20ayuda%20a%20las%20personas%20mayores' aria-hidden='false' data-av_icon='\ue8f3' data-av_iconfont='entypo-fontello' title='' data-avia-related-tooltip='Compartir en Facebook' rel=\"noopener\"><span class='avia_hidden_link_text'>Compartir en Facebook<\/span><\/a><\/li><li class='av-share-link av-social-link-twitter' ><a target=\"_blank\" aria-label=\"Compartir en Twitter\" href='https:\/\/twitter.com\/share?text=En%20Ays%C3%A9n%20culmin%C3%B3%20de%20manera%20exitosa%20d%C3%A9cimo%20cuarta%20versi%C3%B3n%20de%20programa%20en%20ayuda%20a%20las%20personas%20mayores&#038;url=https:\/\/radiorevelacionfm.cl\/?p=14217' aria-hidden='false' data-av_icon='\ue8f1' data-av_iconfont='entypo-fontello' title='' data-avia-related-tooltip='Compartir en Twitter' rel=\"noopener\"><span class='avia_hidden_link_text'>Compartir en Twitter<\/span><\/a><\/li><li class='av-share-link av-social-link-whatsapp' ><a target=\"_blank\" aria-label=\"Compartir en Whatsapp\" href='https:\/\/api.whatsapp.com\/send?text=https:\/\/radiorevelacionfm.cl\/?p=14217' aria-hidden='false' data-av_icon='\uf232' data-av_iconfont='entypo-fontello' title='' data-avia-related-tooltip='Compartir en Whatsapp' rel=\"noopener\"><span class='avia_hidden_link_text'>Compartir en Whatsapp<\/span><\/a><\/li><li class='av-share-link av-social-link-linkedin' ><a target=\"_blank\" aria-label=\"Compartir en LinkedIn\" href='https:\/\/linkedin.com\/shareArticle?mini=true&#038;title=En%20Ays%C3%A9n%20culmin%C3%B3%20de%20manera%20exitosa%20d%C3%A9cimo%20cuarta%20versi%C3%B3n%20de%20programa%20en%20ayuda%20a%20las%20personas%20mayores&#038;url=https:\/\/radiorevelacionfm.cl\/?p=14217' aria-hidden='false' data-av_icon='\ue8fc' data-av_iconfont='entypo-fontello' title='' data-avia-related-tooltip='Compartir en LinkedIn' rel=\"noopener\"><span class='avia_hidden_link_text'>Compartir en LinkedIn<\/span><\/a><\/li><li class='av-share-link av-social-link-mail' ><a  aria-label=\"Compartir por correo\" href='mailto:?subject=En%20Ays%C3%A9n%20culmin%C3%B3%20de%20manera%20exitosa%20d%C3%A9cimo%20cuarta%20versi%C3%B3n%20de%20programa%20en%20ayuda%20a%20las%20personas%20mayores&#038;body=https:\/\/radiorevelacionfm.cl\/?p=14217' aria-hidden='false' data-av_icon='\ue805' data-av_iconfont='entypo-fontello' title='' data-avia-related-tooltip='Compartir por correo'><span class='avia_hidden_link_text'>Compartir por correo<\/span><\/a><\/li><\/ul><\/div><\/div>\n<div  style='height:50px' class='hr hr-invisible   avia-builder-el-8  el_after_av_social_share  el_before_av_comments_list '><span class='hr-inner ' ><span class='hr-inner-style'><\/span><\/span><\/div>\n<div  class='av-buildercomment  av-blog-meta-html-info-disabled av-blog-meta-tag-disabled  '><\/div>\n","protected":false},"excerpt":{"rendered":"","protected":false},"author":1,"featured_media":14218,"comment_status":"open","ping_status":"open","sticky":false,"template":"","format":"standard","meta":{"footnotes":""},"categories":[38],"tags":[],"class_list":["post-14217","post","type-post","status-publish","format-standard","has-post-thumbnail","hentry","category-regional"],"jetpack_featured_media_url":"https:\/\/radiorevelacionfm.cl\/wp-content\/uploads\/2022\/03\/vinculos-muniaysen2-1-1.jpeg","_links":{"self":[{"href":"https:\/\/radiorevelacionfm.cl\/index.php?rest_route=\/wp\/v2\/posts\/14217","targetHints":{"allow":["GET"]}}],"collection":[{"href":"https:\/\/radiorevelacionfm.cl\/index.php?rest_route=\/wp\/v2\/posts"}],"about":[{"href":"https:\/\/radiorevelacionfm.cl\/index.php?rest_route=\/wp\/v2\/types\/post"}],"author":[{"embeddable":true,"href":"https:\/\/radiorevelacionfm.cl\/index.php?rest_route=\/wp\/v2\/users\/1"}],"replies":[{"embeddable":true,"href":"https:\/\/radiorevelacionfm.cl\/index.php?rest_route=%2Fwp%2Fv2%2Fcomments&post=14217"}],"version-history":[{"count":2,"href":"https:\/\/radiorevelacionfm.cl\/index.php?rest_route=\/wp\/v2\/posts\/14217\/revisions"}],"predecessor-version":[{"id":14225,"href":"https:\/\/radiorevelacionfm.cl\/index.php?rest_route=\/wp\/v2\/posts\/14217\/revisions\/14225"}],"wp:featuredmedia":[{"embeddable":true,"href":"https:\/\/radiorevelacionfm.cl\/index.php?rest_route=\/wp\/v2\/media\/14218"}],"wp:attachment":[{"href":"https:\/\/radiorevelacionfm.cl\/index.php?rest_route=%2Fwp%2Fv2%2Fmedia&parent=14217"}],"wp:term":[{"taxonomy":"category","embeddable":true,"href":"https:\/\/radiorevelacionfm.cl\/index.php?rest_route=%2Fwp%2Fv2%2Fcategories&post=14217"},{"taxonomy":"post_tag","embeddable":true,"href":"https:\/\/radiorevelacionfm.cl\/index.php?rest_route=%2Fwp%2Fv2%2Ftags&post=14217"}],"curies":[{"name":"wp","href":"https:\/\/api.w.org\/{rel}","templated":true}]}}