{"id":14213,"date":"2022-03-03T09:32:49","date_gmt":"2022-03-03T12:32:49","guid":{"rendered":"https:\/\/radiorevelacionfm.cl\/?p=14213"},"modified":"2022-03-03T09:32:49","modified_gmt":"2022-03-03T12:32:49","slug":"carabineros-implementa-servicio-de-seguridad-y-transito-fuera-de-colegios-por-retorno-a-clases","status":"publish","type":"post","link":"https:\/\/radiorevelacionfm.cl\/?p=14213","title":{"rendered":"Carabineros implementa servicio de seguridad y tr\u00e1nsito fuera de colegios por retorno a clases"},"content":{"rendered":"<div class=\"flex_column av_one_full  flex_column_div av-zero-column-padding first  avia-builder-el-0  el_before_av_one_full  avia-builder-el-first  \" style='border-radius:0px; '><div  class='avia-image-container  av-styling-    avia-builder-el-1  avia-builder-el-no-sibling  avia-align-center '  itemprop=\"image\" itemscope=\"itemscope\" itemtype=\"https:\/\/schema.org\/ImageObject\"  ><div class='avia-image-container-inner'><div class='avia-image-overlay-wrap'><img decoding=\"async\" class='wp-image-14214 avia-img-lazy-loading-not-14214 avia_image' src=\"https:\/\/radiorevelacionfm.cl\/wp-content\/uploads\/2022\/03\/CAR_retorno-clases4-1-1.jpg\" alt='' title='CAR_retorno clases4 (1) (1)' height=\"600\" width=\"802\"  itemprop=\"thumbnailUrl\" srcset=\"https:\/\/radiorevelacionfm.cl\/wp-content\/uploads\/2022\/03\/CAR_retorno-clases4-1-1.jpg 802w, https:\/\/radiorevelacionfm.cl\/wp-content\/uploads\/2022\/03\/CAR_retorno-clases4-1-1-300x224.jpg 300w, https:\/\/radiorevelacionfm.cl\/wp-content\/uploads\/2022\/03\/CAR_retorno-clases4-1-1-768x575.jpg 768w, https:\/\/radiorevelacionfm.cl\/wp-content\/uploads\/2022\/03\/CAR_retorno-clases4-1-1-705x527.jpg 705w, https:\/\/radiorevelacionfm.cl\/wp-content\/uploads\/2022\/03\/CAR_retorno-clases4-1-1-600x449.jpg 600w\" sizes=\"(max-width: 802px) 100vw, 802px\" \/><\/div><\/div><\/div><\/div><div class=\"flex_column av_one_full  flex_column_div av-zero-column-padding first  avia-builder-el-2  el_after_av_one_full  el_before_av_one_full  column-top-margin\" style='border-radius:0px; '><section class=\"av_textblock_section \"  itemscope=\"itemscope\" itemtype=\"https:\/\/schema.org\/BlogPosting\" itemprop=\"blogPost\" ><div class='avia_textblock  '   itemprop=\"text\" ><p style=\"text-align: center;\"><span style=\"font-size: 18pt;\"><b>Carabineros implementa servicio de seguridad y tr\u00e1nsito fuera de colegios por retorno a clases<\/b><\/span><\/p>\n<div id=\"gtx-trans\" style=\"position: absolute; left: -50px; top: 4.31534px;\">\n<div class=\"gtx-trans-icon\"><\/div>\n<\/div>\n<\/div><\/section><\/div><div class=\"flex_column av_one_full  flex_column_div av-zero-column-padding first  avia-builder-el-4  el_after_av_one_full  el_before_av_hr  column-top-margin\" style='border-radius:0px; '><section class=\"av_textblock_section \"  itemscope=\"itemscope\" itemtype=\"https:\/\/schema.org\/BlogPosting\" itemprop=\"blogPost\" ><div class='avia_textblock  '   itemprop=\"text\" ><p class=\"v1MsoNormal\" style=\"text-align: justify;\">Un servicio de seguridad y tr\u00e1nsito dispuso Carabineros en la regi\u00f3n de Ays\u00e9n, con la finalidad de garantizar el normal retorno de los estudiantes de manera presencial en el primer d\u00eda de clases del a\u00f1o 2022.<\/p>\n<p class=\"v1MsoNormal\" style=\"text-align: justify;\">En tal sentido, la Secci\u00f3n de Investigaci\u00f3n de Accidentes del Tr\u00e1nsito (SIAT) de Carabineros Ays\u00e9n realiz\u00f3 un despliegue de personal junto a Carabineros de la 1ra. Comisar\u00eda de Coyhaique, 2da. de Puerto Ays\u00e9n, 3ra. Chile Chico (F) y 4ta. Cochrane (F) -entre otras localidades- en las inmediaciones de los colegios, efectuando las regulaciones de tr\u00e1nsito respectivas, con la finalidad de dar las facilidades y brindar seguridad durante el horario de ingreso a clases.<\/p>\n<p class=\"v1MsoNormal\" style=\"text-align: justify;\">\u00abEste servicio no solo va estar el d\u00eda de hoy, sino que durante todo el a\u00f1o, cubriendo gran parte de los colegios de Coyhaique, lo cual se va a implementar de igual forma en las distintas comunas de la regi\u00f3n\u00bb, expres\u00f3 el Capit\u00e1n Osvaldo Mellado, Jefe de la SIAT de Carabineros Ays\u00e9n.<\/p>\n<p class=\"v1MsoNormal\" style=\"text-align: justify;\">\u00abEn Coyhaique \u2013continu\u00f3 diciendo- se cubri\u00f3 16 colegios con personal apostado en los ingresos, con la finalidad de brindar protecci\u00f3n a los estudiantes que hoy d\u00eda est\u00e1n realizando su retorno a clases\u00bb.<\/p>\n<p class=\"v1MsoNormal\" style=\"text-align: justify;\">Durante la primera jornada se registr\u00f3 congesti\u00f3n en los accesos dada la presencia de veh\u00edculos particulares, situaci\u00f3n que se espera disminuya en los pr\u00f3ximos d\u00edas con el uso del transporte escolar y prevenir las aglomeraciones.<\/p>\n<p class=\"v1MsoNormal\" style=\"text-align: justify;\">Asimismo el Capit\u00e1n Mellado destac\u00f3 la ausencia de accidentes por parte de veh\u00edculos del transporte escolar o de alg\u00fan menor involucrado.<\/p>\n<p class=\"v1MsoNormal\" style=\"text-align: justify;\"><b>Fiscalizaci\u00f3n al transporte escolar<\/b><\/p>\n<p class=\"v1MsoNormal\" style=\"text-align: justify;\">El pr\u00f3ximo mi\u00e9rcoles 9 de marzo Carabineros ha proyectado una fiscalizaci\u00f3n y certificaci\u00f3n de los veh\u00edculos de transporte escolar, con la finalidad de verificar que el m\u00f3vil se encuentre en las condiciones que la ley exige para la prestaci\u00f3n de este servicio, esto es que se encuentre en condiciones mec\u00e1nicas, de seguridad y con la documentaci\u00f3n exigida.<\/p>\n<p class=\"v1MsoNormal\" style=\"text-align: justify;\">Asimismo el Jefe de la SIAT indic\u00f3 que se verificar\u00e1 la existencia o no de alguna prohibici\u00f3n por parte de conductores o ayudantes que eventualmente los pueda inhabilitar para el trabajo con menores de edad, permitiendo de esta forma brindar las garant\u00edas e informaci\u00f3n necesaria a los padres al momento de contratar un servicio de transporte escolar.<\/p>\n<\/div><\/section><\/div><div  style='height:50px' class='hr hr-invisible   avia-builder-el-6  el_after_av_one_full  el_before_av_social_share '><span class='hr-inner ' ><span class='hr-inner-style'><\/span><\/span><\/div><\/p>\n<div  class='av-social-sharing-box  avia-builder-el-7  el_after_av_hr  el_before_av_hr  '><div class='av-share-box'><h5 class='av-share-link-description av-no-toc '>Compartir esta noticia<\/h5><ul class='av-share-box-list noLightbox'><li class='av-share-link av-social-link-facebook' ><a target=\"_blank\" aria-label=\"Compartir en Facebook\" href='https:\/\/www.facebook.com\/sharer.php?u=https:\/\/radiorevelacionfm.cl\/?p=14213&#038;t=Carabineros%20implementa%20servicio%20de%20seguridad%20y%20tr%C3%A1nsito%20fuera%20de%20colegios%20por%20retorno%20a%20clases' aria-hidden='false' data-av_icon='\ue8f3' data-av_iconfont='entypo-fontello' title='' data-avia-related-tooltip='Compartir en Facebook' rel=\"noopener\"><span class='avia_hidden_link_text'>Compartir en Facebook<\/span><\/a><\/li><li class='av-share-link av-social-link-twitter' ><a target=\"_blank\" aria-label=\"Compartir en Twitter\" href='https:\/\/twitter.com\/share?text=Carabineros%20implementa%20servicio%20de%20seguridad%20y%20tr%C3%A1nsito%20fuera%20de%20colegios%20por%20retorno%20a%20clases&#038;url=https:\/\/radiorevelacionfm.cl\/?p=14213' aria-hidden='false' data-av_icon='\ue8f1' data-av_iconfont='entypo-fontello' title='' data-avia-related-tooltip='Compartir en Twitter' rel=\"noopener\"><span class='avia_hidden_link_text'>Compartir en Twitter<\/span><\/a><\/li><li class='av-share-link av-social-link-whatsapp' ><a target=\"_blank\" aria-label=\"Compartir en Whatsapp\" href='https:\/\/api.whatsapp.com\/send?text=https:\/\/radiorevelacionfm.cl\/?p=14213' aria-hidden='false' data-av_icon='\uf232' data-av_iconfont='entypo-fontello' title='' data-avia-related-tooltip='Compartir en Whatsapp' rel=\"noopener\"><span class='avia_hidden_link_text'>Compartir en Whatsapp<\/span><\/a><\/li><li class='av-share-link av-social-link-linkedin' ><a target=\"_blank\" aria-label=\"Compartir en LinkedIn\" href='https:\/\/linkedin.com\/shareArticle?mini=true&#038;title=Carabineros%20implementa%20servicio%20de%20seguridad%20y%20tr%C3%A1nsito%20fuera%20de%20colegios%20por%20retorno%20a%20clases&#038;url=https:\/\/radiorevelacionfm.cl\/?p=14213' aria-hidden='false' data-av_icon='\ue8fc' data-av_iconfont='entypo-fontello' title='' data-avia-related-tooltip='Compartir en LinkedIn' rel=\"noopener\"><span class='avia_hidden_link_text'>Compartir en LinkedIn<\/span><\/a><\/li><li class='av-share-link av-social-link-mail' ><a  aria-label=\"Compartir por correo\" href='mailto:?subject=Carabineros%20implementa%20servicio%20de%20seguridad%20y%20tr%C3%A1nsito%20fuera%20de%20colegios%20por%20retorno%20a%20clases&#038;body=https:\/\/radiorevelacionfm.cl\/?p=14213' aria-hidden='false' data-av_icon='\ue805' data-av_iconfont='entypo-fontello' title='' data-avia-related-tooltip='Compartir por correo'><span class='avia_hidden_link_text'>Compartir por correo<\/span><\/a><\/li><\/ul><\/div><\/div>\n<div  style='height:50px' class='hr hr-invisible   avia-builder-el-8  el_after_av_social_share  el_before_av_comments_list '><span class='hr-inner ' ><span class='hr-inner-style'><\/span><\/span><\/div>\n<div  class='av-buildercomment  av-blog-meta-html-info-disabled av-blog-meta-tag-disabled  '><\/div>\n","protected":false},"excerpt":{"rendered":"","protected":false},"author":1,"featured_media":14214,"comment_status":"open","ping_status":"open","sticky":false,"template":"","format":"standard","meta":{"footnotes":""},"categories":[36],"tags":[],"class_list":["post-14213","post","type-post","status-publish","format-standard","has-post-thumbnail","hentry","category-policial"],"jetpack_featured_media_url":"https:\/\/radiorevelacionfm.cl\/wp-content\/uploads\/2022\/03\/CAR_retorno-clases4-1-1.jpg","_links":{"self":[{"href":"https:\/\/radiorevelacionfm.cl\/index.php?rest_route=\/wp\/v2\/posts\/14213","targetHints":{"allow":["GET"]}}],"collection":[{"href":"https:\/\/radiorevelacionfm.cl\/index.php?rest_route=\/wp\/v2\/posts"}],"about":[{"href":"https:\/\/radiorevelacionfm.cl\/index.php?rest_route=\/wp\/v2\/types\/post"}],"author":[{"embeddable":true,"href":"https:\/\/radiorevelacionfm.cl\/index.php?rest_route=\/wp\/v2\/users\/1"}],"replies":[{"embeddable":true,"href":"https:\/\/radiorevelacionfm.cl\/index.php?rest_route=%2Fwp%2Fv2%2Fcomments&post=14213"}],"version-history":[{"count":2,"href":"https:\/\/radiorevelacionfm.cl\/index.php?rest_route=\/wp\/v2\/posts\/14213\/revisions"}],"predecessor-version":[{"id":14224,"href":"https:\/\/radiorevelacionfm.cl\/index.php?rest_route=\/wp\/v2\/posts\/14213\/revisions\/14224"}],"wp:featuredmedia":[{"embeddable":true,"href":"https:\/\/radiorevelacionfm.cl\/index.php?rest_route=\/wp\/v2\/media\/14214"}],"wp:attachment":[{"href":"https:\/\/radiorevelacionfm.cl\/index.php?rest_route=%2Fwp%2Fv2%2Fmedia&parent=14213"}],"wp:term":[{"taxonomy":"category","embeddable":true,"href":"https:\/\/radiorevelacionfm.cl\/index.php?rest_route=%2Fwp%2Fv2%2Fcategories&post=14213"},{"taxonomy":"post_tag","embeddable":true,"href":"https:\/\/radiorevelacionfm.cl\/index.php?rest_route=%2Fwp%2Fv2%2Ftags&post=14213"}],"curies":[{"name":"wp","href":"https:\/\/api.w.org\/{rel}","templated":true}]}}