{"id":14206,"date":"2022-03-03T09:11:18","date_gmt":"2022-03-03T12:11:18","guid":{"rendered":"https:\/\/radiorevelacionfm.cl\/?p=14206"},"modified":"2022-03-03T09:11:18","modified_gmt":"2022-03-03T12:11:18","slug":"retorno-a-clases-establecimientos-municipales-de-la-comuna-de-aysen-abren-sus-puertas-despues-de-dos-anos","status":"publish","type":"post","link":"https:\/\/radiorevelacionfm.cl\/?p=14206","title":{"rendered":"Retorno a clases: establecimientos municipales de la comuna de Ays\u00e9n abren sus puertas despu\u00e9s de dos a\u00f1os"},"content":{"rendered":"<div class=\"flex_column av_one_full  flex_column_div av-zero-column-padding first  avia-builder-el-0  el_before_av_one_full  avia-builder-el-first  \" style='border-radius:0px; '><div  class='avia-image-container  av-styling-    avia-builder-el-1  avia-builder-el-no-sibling  avia-align-center '  itemprop=\"image\" itemscope=\"itemscope\" itemtype=\"https:\/\/schema.org\/ImageObject\"  ><div class='avia-image-container-inner'><div class='avia-image-overlay-wrap'><img decoding=\"async\" class='wp-image-14207 avia-img-lazy-loading-not-14207 avia_image' src=\"https:\/\/radiorevelacionfm.cl\/wp-content\/uploads\/2022\/03\/foto-1-12-1_optimized.jpg\" alt='' title='foto-1-(12)-(1)_optimized' height=\"600\" width=\"901\"  itemprop=\"thumbnailUrl\" srcset=\"https:\/\/radiorevelacionfm.cl\/wp-content\/uploads\/2022\/03\/foto-1-12-1_optimized.jpg 901w, https:\/\/radiorevelacionfm.cl\/wp-content\/uploads\/2022\/03\/foto-1-12-1_optimized-300x200.jpg 300w, https:\/\/radiorevelacionfm.cl\/wp-content\/uploads\/2022\/03\/foto-1-12-1_optimized-768x511.jpg 768w, https:\/\/radiorevelacionfm.cl\/wp-content\/uploads\/2022\/03\/foto-1-12-1_optimized-705x469.jpg 705w, https:\/\/radiorevelacionfm.cl\/wp-content\/uploads\/2022\/03\/foto-1-12-1_optimized-600x400.jpg 600w\" sizes=\"(max-width: 901px) 100vw, 901px\" \/><\/div><\/div><\/div><\/div><div class=\"flex_column av_one_full  flex_column_div av-zero-column-padding first  avia-builder-el-2  el_after_av_one_full  el_before_av_one_full  column-top-margin\" style='border-radius:0px; '><section class=\"av_textblock_section \"  itemscope=\"itemscope\" itemtype=\"https:\/\/schema.org\/BlogPosting\" itemprop=\"blogPost\" ><div class='avia_textblock  '   itemprop=\"text\" ><p style=\"text-align: center;\"><span style=\"font-size: 18pt;\"><strong>Retorno a clases: establecimientos municipales de la comuna de Ays\u00e9n abren sus puertas despu\u00e9s de dos a\u00f1os <\/strong><\/span><\/p>\n<div id=\"gtx-trans\" style=\"position: absolute; left: -50px; top: 4.31534px;\">\n<div class=\"gtx-trans-icon\"><\/div>\n<\/div>\n<\/div><\/section><\/div><div class=\"flex_column av_one_full  flex_column_div av-zero-column-padding first  avia-builder-el-4  el_after_av_one_full  el_before_av_hr  column-top-margin\" style='border-radius:0px; '><section class=\"av_textblock_section \"  itemscope=\"itemscope\" itemtype=\"https:\/\/schema.org\/BlogPosting\" itemprop=\"blogPost\" ><div class='avia_textblock  '   itemprop=\"text\" ><p style=\"text-align: justify;\">Este mi\u00e9rcoles, en medio de acto solemne encabezado por el alcalde Julio Uribe Alvarado, concejales y quien lidera la Direcci\u00f3n de Educaci\u00f3n Municipal (DEM), Tamara Villegas Rendilch, se dio inicio al a\u00f1o escolar 2022 en el marco del retorno seguro a clases junto a docentes y autoridades de la Escuela Litoral Austral.<\/p>\n<p style=\"text-align: justify;\">Despu\u00e9s de dos a\u00f1os de pandemia, en que el gobierno tomara la medida de cerrar los establecimientos educacionales en todo Chile adaptando las aulas a modalidad remota y bajo una din\u00e1mica digital, esta semana, conforme a la disposici\u00f3n emitida por el Ministerio de Educaci\u00f3n en que se establece el retorno presencial obligatorio de la comunidad acad\u00e9mica, autoridades municipales y el equipo del DEM tomaron todas las medidas necesarias para resguardar la salud de ni\u00f1as y ni\u00f1os de la red municipal de educaci\u00f3n.<\/p>\n<p style=\"text-align: justify;\">\u201cAyer por la tarde hicimos un recorrido a los establecimientos para ver las condiciones en que \u00edbamos a afrontar este d\u00eda, donde estaban todos los protocolos de seguridad para nuestros alumnos\u201d, coment\u00f3 la primera autoridad edilicia, destacando el trabajo efectuado por el personal de cada colegio que pr\u00f3ximamente pasar\u00e1n a un sistema de Servicio Local de Educaci\u00f3n. \u201cEstamos muy conforme con el trabajo hecho durante estos siete meses de abordar las diferentes tem\u00e1ticas que tiene relaci\u00f3n con nuestra educaci\u00f3n municipal y d\u00e1ndole el apoyo a cada director para que este a\u00f1o escolar puedan contar con todo lo necesario\u201d, detall\u00f3.<\/p>\n<p style=\"text-align: justify;\">Entretanto, desde el DEM, Villegas hizo el llamado a la tranquilidad y a confiar en las medidas de precauci\u00f3n implementadas, tras la ejecuci\u00f3n de los protocolos del Ministerio de Educaci\u00f3n. \u201cHemos estado preparando los establecimientos educacionales en cuanto a infraestructura, las salas de clases, los elementos de seguridad con el \u00e1rea de transporte escolar a fin de que los estudiantes puedan tener los buses de acercamiento a su disposici\u00f3n desde el primer d\u00eda de clases\u201d, consign\u00f3 la directora. A lo anterior se suma la entrega de servicios alimenticios por parte de la Junta Nacional de Auxilio Escolar y Beca (JUNAEB).<\/p>\n<p style=\"text-align: justify;\">Adem\u00e1s, otro de los hitos significativos de la ceremonia fue el reconocimiento a las profesoras Ana Rojas \u00c1vila, Yasna Tenorio Soto y Yessica P\u00e9rez Padilla por su compromiso en la formaci\u00f3n de j\u00f3venes, siendo destacadas como las mejores docentes del sistema educativo de la comuna de Ays\u00e9n, correspondiente al a\u00f1o 2021. \u201cCon mis colegas estamos muy contestas. Muy sorprendidas por el reconocimiento a nivel municipal, as\u00ed que con ganas de seguir trabajando y esforz\u00e1ndose. Tambi\u00e9n darle las gracias a los colegas que nos apoyaron en el proceso porque es un trabajo colaborativo\u201d, cerr\u00f3 Tenorio.<\/p>\n<\/div><\/section><\/div><div  style='height:50px' class='hr hr-invisible   avia-builder-el-6  el_after_av_one_full  el_before_av_social_share '><span class='hr-inner ' ><span class='hr-inner-style'><\/span><\/span><\/div><\/p>\n<div  class='av-social-sharing-box  avia-builder-el-7  el_after_av_hr  el_before_av_hr  '><div class='av-share-box'><h5 class='av-share-link-description av-no-toc '>Compartir esta noticia<\/h5><ul class='av-share-box-list noLightbox'><li class='av-share-link av-social-link-facebook' ><a target=\"_blank\" aria-label=\"Compartir en Facebook\" href='https:\/\/www.facebook.com\/sharer.php?u=https:\/\/radiorevelacionfm.cl\/?p=14206&#038;t=Retorno%20a%20clases%3A%20establecimientos%20municipales%20de%20la%20comuna%20de%20Ays%C3%A9n%20abren%20sus%20puertas%20despu%C3%A9s%20de%20dos%20a%C3%B1os' aria-hidden='false' data-av_icon='\ue8f3' data-av_iconfont='entypo-fontello' title='' data-avia-related-tooltip='Compartir en Facebook' rel=\"noopener\"><span class='avia_hidden_link_text'>Compartir en Facebook<\/span><\/a><\/li><li class='av-share-link av-social-link-twitter' ><a target=\"_blank\" aria-label=\"Compartir en Twitter\" href='https:\/\/twitter.com\/share?text=Retorno%20a%20clases%3A%20establecimientos%20municipales%20de%20la%20comuna%20de%20Ays%C3%A9n%20abren%20sus%20puertas%20despu%C3%A9s%20de%20dos%20a%C3%B1os&#038;url=https:\/\/radiorevelacionfm.cl\/?p=14206' aria-hidden='false' data-av_icon='\ue8f1' data-av_iconfont='entypo-fontello' title='' data-avia-related-tooltip='Compartir en Twitter' rel=\"noopener\"><span class='avia_hidden_link_text'>Compartir en Twitter<\/span><\/a><\/li><li class='av-share-link av-social-link-whatsapp' ><a target=\"_blank\" aria-label=\"Compartir en Whatsapp\" href='https:\/\/api.whatsapp.com\/send?text=https:\/\/radiorevelacionfm.cl\/?p=14206' aria-hidden='false' data-av_icon='\uf232' data-av_iconfont='entypo-fontello' title='' data-avia-related-tooltip='Compartir en Whatsapp' rel=\"noopener\"><span class='avia_hidden_link_text'>Compartir en Whatsapp<\/span><\/a><\/li><li class='av-share-link av-social-link-linkedin' ><a target=\"_blank\" aria-label=\"Compartir en LinkedIn\" href='https:\/\/linkedin.com\/shareArticle?mini=true&#038;title=Retorno%20a%20clases%3A%20establecimientos%20municipales%20de%20la%20comuna%20de%20Ays%C3%A9n%20abren%20sus%20puertas%20despu%C3%A9s%20de%20dos%20a%C3%B1os&#038;url=https:\/\/radiorevelacionfm.cl\/?p=14206' aria-hidden='false' data-av_icon='\ue8fc' data-av_iconfont='entypo-fontello' title='' data-avia-related-tooltip='Compartir en LinkedIn' rel=\"noopener\"><span class='avia_hidden_link_text'>Compartir en LinkedIn<\/span><\/a><\/li><li class='av-share-link av-social-link-mail' ><a  aria-label=\"Compartir por correo\" href='mailto:?subject=Retorno%20a%20clases%3A%20establecimientos%20municipales%20de%20la%20comuna%20de%20Ays%C3%A9n%20abren%20sus%20puertas%20despu%C3%A9s%20de%20dos%20a%C3%B1os&#038;body=https:\/\/radiorevelacionfm.cl\/?p=14206' aria-hidden='false' data-av_icon='\ue805' data-av_iconfont='entypo-fontello' title='' data-avia-related-tooltip='Compartir por correo'><span class='avia_hidden_link_text'>Compartir por correo<\/span><\/a><\/li><\/ul><\/div><\/div>\n<div  style='height:50px' class='hr hr-invisible   avia-builder-el-8  el_after_av_social_share  el_before_av_comments_list '><span class='hr-inner ' ><span class='hr-inner-style'><\/span><\/span><\/div>\n<div  class='av-buildercomment  av-blog-meta-html-info-disabled av-blog-meta-tag-disabled  '><\/div>\n","protected":false},"excerpt":{"rendered":"","protected":false},"author":1,"featured_media":14207,"comment_status":"open","ping_status":"open","sticky":false,"template":"","format":"standard","meta":{"footnotes":""},"categories":[49],"tags":[],"class_list":["post-14206","post","type-post","status-publish","format-standard","has-post-thumbnail","hentry","category-educacion"],"jetpack_featured_media_url":"https:\/\/radiorevelacionfm.cl\/wp-content\/uploads\/2022\/03\/foto-1-12-1_optimized.jpg","_links":{"self":[{"href":"https:\/\/radiorevelacionfm.cl\/index.php?rest_route=\/wp\/v2\/posts\/14206","targetHints":{"allow":["GET"]}}],"collection":[{"href":"https:\/\/radiorevelacionfm.cl\/index.php?rest_route=\/wp\/v2\/posts"}],"about":[{"href":"https:\/\/radiorevelacionfm.cl\/index.php?rest_route=\/wp\/v2\/types\/post"}],"author":[{"embeddable":true,"href":"https:\/\/radiorevelacionfm.cl\/index.php?rest_route=\/wp\/v2\/users\/1"}],"replies":[{"embeddable":true,"href":"https:\/\/radiorevelacionfm.cl\/index.php?rest_route=%2Fwp%2Fv2%2Fcomments&post=14206"}],"version-history":[{"count":2,"href":"https:\/\/radiorevelacionfm.cl\/index.php?rest_route=\/wp\/v2\/posts\/14206\/revisions"}],"predecessor-version":[{"id":14220,"href":"https:\/\/radiorevelacionfm.cl\/index.php?rest_route=\/wp\/v2\/posts\/14206\/revisions\/14220"}],"wp:featuredmedia":[{"embeddable":true,"href":"https:\/\/radiorevelacionfm.cl\/index.php?rest_route=\/wp\/v2\/media\/14207"}],"wp:attachment":[{"href":"https:\/\/radiorevelacionfm.cl\/index.php?rest_route=%2Fwp%2Fv2%2Fmedia&parent=14206"}],"wp:term":[{"taxonomy":"category","embeddable":true,"href":"https:\/\/radiorevelacionfm.cl\/index.php?rest_route=%2Fwp%2Fv2%2Fcategories&post=14206"},{"taxonomy":"post_tag","embeddable":true,"href":"https:\/\/radiorevelacionfm.cl\/index.php?rest_route=%2Fwp%2Fv2%2Ftags&post=14206"}],"curies":[{"name":"wp","href":"https:\/\/api.w.org\/{rel}","templated":true}]}}