{"id":14200,"date":"2022-03-02T19:13:39","date_gmt":"2022-03-02T22:13:39","guid":{"rendered":"https:\/\/radiorevelacionfm.cl\/?p=14200"},"modified":"2022-03-03T11:10:07","modified_gmt":"2022-03-03T14:10:07","slug":"carabineros-del-reten-rio-cisnes-acompanaron-a-solitario-alumno-junto-a-su-unico-profesor-en-inicio-del-ano-escolar-en-la-escuela-rural-soberania","status":"publish","type":"post","link":"https:\/\/radiorevelacionfm.cl\/?p=14200","title":{"rendered":"Carabineros del Ret\u00e9n R\u00edo Cisnes acompa\u00f1aron a solitario alumno junto a su \u00fanico profesor en inicio del a\u00f1o escolar en la Escuela Rural Soberan\u00eda"},"content":{"rendered":"<div class=\"flex_column av_one_full  flex_column_div av-zero-column-padding first  avia-builder-el-0  el_before_av_one_full  avia-builder-el-first  \" style='border-radius:0px; '><div  class='avia-image-container  av-styling-    avia-builder-el-1  avia-builder-el-no-sibling  avia-align-center '  itemprop=\"image\" itemscope=\"itemscope\" itemtype=\"https:\/\/schema.org\/ImageObject\"  ><div class='avia-image-container-inner'><div class='avia-image-overlay-wrap'><img decoding=\"async\" class='wp-image-14204 avia-img-lazy-loading-not-14204 avia_image' src=\"https:\/\/radiorevelacionfm.cl\/wp-content\/uploads\/2022\/03\/fm2nwnmwuae5iob-2-1_optimized.jpg\" alt='' title='fm2nwnmwuae5iob-(2)-(1)_optimized' height=\"600\" width=\"1012\"  itemprop=\"thumbnailUrl\" srcset=\"https:\/\/radiorevelacionfm.cl\/wp-content\/uploads\/2022\/03\/fm2nwnmwuae5iob-2-1_optimized.jpg 1012w, https:\/\/radiorevelacionfm.cl\/wp-content\/uploads\/2022\/03\/fm2nwnmwuae5iob-2-1_optimized-300x178.jpg 300w, https:\/\/radiorevelacionfm.cl\/wp-content\/uploads\/2022\/03\/fm2nwnmwuae5iob-2-1_optimized-768x455.jpg 768w, https:\/\/radiorevelacionfm.cl\/wp-content\/uploads\/2022\/03\/fm2nwnmwuae5iob-2-1_optimized-705x418.jpg 705w, https:\/\/radiorevelacionfm.cl\/wp-content\/uploads\/2022\/03\/fm2nwnmwuae5iob-2-1_optimized-600x356.jpg 600w\" sizes=\"(max-width: 1012px) 100vw, 1012px\" \/><\/div><\/div><\/div><\/div>\n<div class=\"flex_column av_one_full  flex_column_div av-zero-column-padding first  avia-builder-el-2  el_after_av_one_full  el_before_av_one_full  column-top-margin\" style='border-radius:0px; '><section class=\"av_textblock_section \"  itemscope=\"itemscope\" itemtype=\"https:\/\/schema.org\/BlogPosting\" itemprop=\"blogPost\" ><div class='avia_textblock  '   itemprop=\"text\" ><p style=\"text-align: center;\"><strong><span style=\"font-size: 18pt;\">Carabineros del Ret\u00e9n R\u00edo Cisnes acompa\u00f1aron a solitario alumno junto a su \u00fanico profesor en inicio del a\u00f1o escolar en la Escuela Rural Soberan\u00eda<\/span><\/strong><\/p>\n<div id=\"gtx-trans\" style=\"position: absolute; left: -50px; top: 4.31534px;\">\n<div class=\"gtx-trans-icon\"><\/div>\n<\/div>\n<\/div><\/section><\/div>\n<div class=\"flex_column av_one_full  flex_column_div av-zero-column-padding first  avia-builder-el-4  el_after_av_one_full  el_before_av_hr  column-top-margin\" style='border-radius:0px; '><section class=\"av_textblock_section \"  itemscope=\"itemscope\" itemtype=\"https:\/\/schema.org\/BlogPosting\" itemprop=\"blogPost\" ><div class='avia_textblock  '   itemprop=\"text\" ><p class=\"v1MsoNormal\" style=\"text-align: justify;\">En la soledad, la lejan\u00eda y el fr\u00edo de la patag\u00f3nica, un solitario alumno junto a su \u00fanico profesor iniciaron hoy el a\u00f1o escolar en la Escuela Rural Soberan\u00eda R\u00edo Cisnes en la regi\u00f3n de Ays\u00e9n.<\/p>\n<p class=\"v1MsoNormal\" style=\"text-align: justify;\">Hasta este sector ubicado a unos 20 km de la frontera con Argentina y distante a unos 212 km. al norte de la ciudad de Coyhaique, se traslad\u00f3 esta ma\u00f1ana el Suboficial Mayor de Carabineros Jos\u00e9 C\u00e9spedes Montanares, Jefe del Ret\u00e9n R\u00edo Cisnes (F) junto al Suboficial Francisco Moraga Lillo, con la finalidad de saludar al alumno de 8 a\u00f1os de edad y su profesor, Sigisfredo Figueroa, en su primer d\u00eda del retorno a clases.<\/p>\n<p class=\"v1MsoNormal\" style=\"text-align: justify;\">Carabineros mantiene una estrecha relaci\u00f3n con la comunidad y con quienes hacen patria en estos apartados sectores de la Patagonia y especialmente con el \u00fanico alumno de este establecimiento, impartiendo charlas preventivas en el \u00e1mbito de drogas, tr\u00e1nsito, bullying, entre otras materias.<\/p>\n<p class=\"v1MsoNormal\" style=\"text-align: justify;\">Dado lo apartado del sector \u2013y como cada a\u00f1o- el profesor se traslada desde la localidad de Villa La Tapera, ubicada a 40 km. del lugar, pernoctando durante la semana en el establecimiento con la finalidad de impartir clases al alumno que cursa su tercer a\u00f1o de ense\u00f1anza b\u00e1sica.<\/p>\n<p class=\"v1MsoNormal\" style=\"text-align: justify;\">El estudiante -quien vive junto a su madre y sus hermanos menores en este apartado rinc\u00f3n de la Patagonia- aprob\u00f3 el segundo a\u00f1o con promedio de nota 6,6 y con un 96% de asistencia.<\/p>\n<p class=\"v1MsoNormal\" style=\"text-align: justify;\">Durante la jornada, Carabineros de Ret\u00e9n R\u00edo Cisnes, salud\u00f3 al profesor y su alumno, dando a ambos la bienvenida al a\u00f1o escolar junto con efectuar las coordinaciones en el \u00e1mbito de la prevenci\u00f3n para el presente a\u00f1o escolar.<\/p>\n<\/div><\/section><\/div><div  style='height:50px' class='hr hr-invisible   avia-builder-el-6  el_after_av_one_full  el_before_av_social_share '><span class='hr-inner ' ><span class='hr-inner-style'><\/span><\/span><\/div><\/p>\n<div  class='av-social-sharing-box  avia-builder-el-7  el_after_av_hr  el_before_av_hr  '><div class='av-share-box'><h5 class='av-share-link-description av-no-toc '>Compartir esta noticia<\/h5><ul class='av-share-box-list noLightbox'><li class='av-share-link av-social-link-facebook' ><a target=\"_blank\" aria-label=\"Compartir en Facebook\" href='https:\/\/www.facebook.com\/sharer.php?u=https:\/\/radiorevelacionfm.cl\/?p=14200&#038;t=Carabineros%20del%20Ret%C3%A9n%20R%C3%ADo%20Cisnes%20acompa%C3%B1aron%20a%20solitario%20alumno%20junto%20a%20su%20%C3%BAnico%20profesor%20en%20inicio%20del%20a%C3%B1o%20escolar%20en%20la%20Escuela%20Rural%20Soberan%C3%ADa' aria-hidden='false' data-av_icon='\ue8f3' data-av_iconfont='entypo-fontello' title='' data-avia-related-tooltip='Compartir en Facebook' rel=\"noopener\"><span class='avia_hidden_link_text'>Compartir en Facebook<\/span><\/a><\/li><li class='av-share-link av-social-link-twitter' ><a target=\"_blank\" aria-label=\"Compartir en Twitter\" href='https:\/\/twitter.com\/share?text=Carabineros%20del%20Ret%C3%A9n%20R%C3%ADo%20Cisnes%20acompa%C3%B1aron%20a%20solitario%20alumno%20junto%20a%20su%20%C3%BAnico%20profesor%20en%20inicio%20del%20a%C3%B1o%20escolar%20en%20la%20Escuela%20Rural%20Soberan%C3%ADa&#038;url=https:\/\/radiorevelacionfm.cl\/?p=14200' aria-hidden='false' data-av_icon='\ue8f1' data-av_iconfont='entypo-fontello' title='' data-avia-related-tooltip='Compartir en Twitter' rel=\"noopener\"><span class='avia_hidden_link_text'>Compartir en Twitter<\/span><\/a><\/li><li class='av-share-link av-social-link-whatsapp' ><a target=\"_blank\" aria-label=\"Compartir en Whatsapp\" href='https:\/\/api.whatsapp.com\/send?text=https:\/\/radiorevelacionfm.cl\/?p=14200' aria-hidden='false' data-av_icon='\uf232' data-av_iconfont='entypo-fontello' title='' data-avia-related-tooltip='Compartir en Whatsapp' rel=\"noopener\"><span class='avia_hidden_link_text'>Compartir en Whatsapp<\/span><\/a><\/li><li class='av-share-link av-social-link-linkedin' ><a target=\"_blank\" aria-label=\"Compartir en LinkedIn\" href='https:\/\/linkedin.com\/shareArticle?mini=true&#038;title=Carabineros%20del%20Ret%C3%A9n%20R%C3%ADo%20Cisnes%20acompa%C3%B1aron%20a%20solitario%20alumno%20junto%20a%20su%20%C3%BAnico%20profesor%20en%20inicio%20del%20a%C3%B1o%20escolar%20en%20la%20Escuela%20Rural%20Soberan%C3%ADa&#038;url=https:\/\/radiorevelacionfm.cl\/?p=14200' aria-hidden='false' data-av_icon='\ue8fc' data-av_iconfont='entypo-fontello' title='' data-avia-related-tooltip='Compartir en LinkedIn' rel=\"noopener\"><span class='avia_hidden_link_text'>Compartir en LinkedIn<\/span><\/a><\/li><li class='av-share-link av-social-link-mail' ><a  aria-label=\"Compartir por correo\" href='mailto:?subject=Carabineros%20del%20Ret%C3%A9n%20R%C3%ADo%20Cisnes%20acompa%C3%B1aron%20a%20solitario%20alumno%20junto%20a%20su%20%C3%BAnico%20profesor%20en%20inicio%20del%20a%C3%B1o%20escolar%20en%20la%20Escuela%20Rural%20Soberan%C3%ADa&#038;body=https:\/\/radiorevelacionfm.cl\/?p=14200' aria-hidden='false' data-av_icon='\ue805' data-av_iconfont='entypo-fontello' title='' data-avia-related-tooltip='Compartir por correo'><span class='avia_hidden_link_text'>Compartir por correo<\/span><\/a><\/li><\/ul><\/div><\/div>\n<div  style='height:50px' class='hr hr-invisible   avia-builder-el-8  el_after_av_social_share  el_before_av_comments_list '><span class='hr-inner ' ><span class='hr-inner-style'><\/span><\/span><\/div>\n<div  class='av-buildercomment  av-blog-meta-html-info-disabled av-blog-meta-tag-disabled  '><\/div>\n","protected":false},"excerpt":{"rendered":"","protected":false},"author":1,"featured_media":14204,"comment_status":"open","ping_status":"open","sticky":false,"template":"","format":"standard","meta":{"footnotes":""},"categories":[38],"tags":[],"class_list":["post-14200","post","type-post","status-publish","format-standard","has-post-thumbnail","hentry","category-regional"],"jetpack_featured_media_url":"https:\/\/radiorevelacionfm.cl\/wp-content\/uploads\/2022\/03\/fm2nwnmwuae5iob-2-1_optimized.jpg","_links":{"self":[{"href":"https:\/\/radiorevelacionfm.cl\/index.php?rest_route=\/wp\/v2\/posts\/14200","targetHints":{"allow":["GET"]}}],"collection":[{"href":"https:\/\/radiorevelacionfm.cl\/index.php?rest_route=\/wp\/v2\/posts"}],"about":[{"href":"https:\/\/radiorevelacionfm.cl\/index.php?rest_route=\/wp\/v2\/types\/post"}],"author":[{"embeddable":true,"href":"https:\/\/radiorevelacionfm.cl\/index.php?rest_route=\/wp\/v2\/users\/1"}],"replies":[{"embeddable":true,"href":"https:\/\/radiorevelacionfm.cl\/index.php?rest_route=%2Fwp%2Fv2%2Fcomments&post=14200"}],"version-history":[{"count":4,"href":"https:\/\/radiorevelacionfm.cl\/index.php?rest_route=\/wp\/v2\/posts\/14200\/revisions"}],"predecessor-version":[{"id":14226,"href":"https:\/\/radiorevelacionfm.cl\/index.php?rest_route=\/wp\/v2\/posts\/14200\/revisions\/14226"}],"wp:featuredmedia":[{"embeddable":true,"href":"https:\/\/radiorevelacionfm.cl\/index.php?rest_route=\/wp\/v2\/media\/14204"}],"wp:attachment":[{"href":"https:\/\/radiorevelacionfm.cl\/index.php?rest_route=%2Fwp%2Fv2%2Fmedia&parent=14200"}],"wp:term":[{"taxonomy":"category","embeddable":true,"href":"https:\/\/radiorevelacionfm.cl\/index.php?rest_route=%2Fwp%2Fv2%2Fcategories&post=14200"},{"taxonomy":"post_tag","embeddable":true,"href":"https:\/\/radiorevelacionfm.cl\/index.php?rest_route=%2Fwp%2Fv2%2Ftags&post=14200"}],"curies":[{"name":"wp","href":"https:\/\/api.w.org\/{rel}","templated":true}]}}