{"id":14196,"date":"2022-03-02T18:13:53","date_gmt":"2022-03-02T21:13:53","guid":{"rendered":"https:\/\/radiorevelacionfm.cl\/?p=14196"},"modified":"2022-03-02T18:13:53","modified_gmt":"2022-03-02T21:13:53","slug":"region-de-aysen-inicio-oficialmente-el-ano-escolar-2022","status":"publish","type":"post","link":"https:\/\/radiorevelacionfm.cl\/?p=14196","title":{"rendered":"Regi\u00f3n de Ays\u00e9n inici\u00f3 oficialmente el A\u00f1o Escolar 2022"},"content":{"rendered":"<div class=\"flex_column av_one_full  flex_column_div av-zero-column-padding first  avia-builder-el-0  el_before_av_one_full  avia-builder-el-first  \" style='border-radius:0px; '><div  class='avia-image-container  av-styling-    avia-builder-el-1  avia-builder-el-no-sibling  avia-align-center '  itemprop=\"image\" itemscope=\"itemscope\" itemtype=\"https:\/\/schema.org\/ImageObject\"  ><div class='avia-image-container-inner'><div class='avia-image-overlay-wrap'><img decoding=\"async\" class='wp-image-14197 avia-img-lazy-loading-not-14197 avia_image' src=\"https:\/\/radiorevelacionfm.cl\/wp-content\/uploads\/2022\/03\/Inicio-Ano-Escolar-2022-1-1.jpeg\" alt='' title='Inicio A\u00f1o Escolar 2022 (1) (1)' height=\"600\" width=\"1269\"  itemprop=\"thumbnailUrl\" srcset=\"https:\/\/radiorevelacionfm.cl\/wp-content\/uploads\/2022\/03\/Inicio-Ano-Escolar-2022-1-1.jpeg 1269w, https:\/\/radiorevelacionfm.cl\/wp-content\/uploads\/2022\/03\/Inicio-Ano-Escolar-2022-1-1-300x142.jpeg 300w, https:\/\/radiorevelacionfm.cl\/wp-content\/uploads\/2022\/03\/Inicio-Ano-Escolar-2022-1-1-1030x487.jpeg 1030w, https:\/\/radiorevelacionfm.cl\/wp-content\/uploads\/2022\/03\/Inicio-Ano-Escolar-2022-1-1-768x363.jpeg 768w, https:\/\/radiorevelacionfm.cl\/wp-content\/uploads\/2022\/03\/Inicio-Ano-Escolar-2022-1-1-705x333.jpeg 705w, https:\/\/radiorevelacionfm.cl\/wp-content\/uploads\/2022\/03\/Inicio-Ano-Escolar-2022-1-1-600x284.jpeg 600w\" sizes=\"(max-width: 1269px) 100vw, 1269px\" \/><\/div><\/div><\/div><\/div><div class=\"flex_column av_one_full  flex_column_div av-zero-column-padding first  avia-builder-el-2  el_after_av_one_full  el_before_av_one_full  column-top-margin\" style='border-radius:0px; '><section class=\"av_textblock_section \"  itemscope=\"itemscope\" itemtype=\"https:\/\/schema.org\/BlogPosting\" itemprop=\"blogPost\" ><div class='avia_textblock  '   itemprop=\"text\" ><p style=\"text-align: center;\"><strong><span style=\"font-size: 18pt;\">Regi\u00f3n de Ays\u00e9n inici\u00f3 oficialmente el A\u00f1o Escolar 2022<\/span><\/strong><\/p>\n<div id=\"gtx-trans\" style=\"position: absolute; left: -50px; top: 4.31534px;\">\n<div class=\"gtx-trans-icon\"><\/div>\n<\/div>\n<\/div><\/section><\/div><div class=\"flex_column av_one_full  flex_column_div av-zero-column-padding first  avia-builder-el-4  el_after_av_one_full  el_before_av_hr  column-top-margin\" style='border-radius:0px; '><section class=\"av_textblock_section \"  itemscope=\"itemscope\" itemtype=\"https:\/\/schema.org\/BlogPosting\" itemprop=\"blogPost\" ><div class='avia_textblock  '   itemprop=\"text\" ><p style=\"text-align: justify;\">Hasta el colegio Antoine de Saint Exupery de Coyhaique y la escuela Litoral Austral de Puerto Ays\u00e9n se trasladaron diversas autoridades regionales \u2013 encabezadas por la Delegada Presidencial Regional, Margarita Ossa \u2013 para dar inicio al A\u00f1o Escolar 2022, proceso que esta semana espera recibir presencialmente a los alumnos en 80 colegios y 19 jardines infantiles.<\/p>\n<p style=\"text-align: justify;\">Tras un recorrido por el establecimiento Antoine de Saint Exupery, la Delegada Presidencial Regional Margarita Ossa les expres\u00f3 a sus directivos, cuerpo docente y alumnos su gratitud por regresar y haber resistido a una pandemia con todo lo que ello implic\u00f3.<\/p>\n<p style=\"text-align: justify;\">\u201cLa verdad es que llega bien profundo porque dejaron atr\u00e1s las clases hibridas y es producto del esfuerzo que han hecho todos y demuestra la enorme vocaci\u00f3n que han mantenido durante toda esta pandemia, donde nadie sab\u00eda c\u00f3mo y qu\u00e9 hacer\u201d, agregando que el hecho de haber pasado por esta pandemia los convierte \u201cen una generaci\u00f3n bastante especial, de haber resistido y pasado por este proceso que nos obliga a encerrarnos, quit\u00e1ndoles este espacio (por el colegio) por tanto tiempo y sin duda que es dif\u00edcil y me imagino que este a\u00f1o va estar muy cargado de emociones y quiero que sepan que como gobierno hemos un esfuerzo enorme para que podamos estar hoy d\u00eda sentados, educarnos y que puedan cerrar esta etapa\u201d.<\/p>\n<p style=\"text-align: justify;\">Sin duda que el retorno masivo a las aulas \u2013 aunque la regi\u00f3n de Ays\u00e9n el a\u00f1o pasado fue la primera en tener un 100% de clases presenciales \u2013 fue bien recibido por las autoridades de los establecimientos, ya que la pandemia igual los afect\u00f3.<\/p>\n<p style=\"text-align: justify;\">La directora del colegio Antoine de Saint Exupery de Coyhaique, Bella Punocura, explic\u00f3 que \u201cel a\u00f1o pasado estuvimos todo el a\u00f1o con clases presenciales \u2013 lo \u00fanico es que ten\u00edamos en grupos diferidos \u2013 pero nuestra preparaci\u00f3n para este a\u00f1o sigui\u00f3 siendo con la misma motivaci\u00f3n, mantenemos los protocolos que corresponden \u2013 uso obligatorio de mascarilla dentro de la sala \u2013 aplicarse alcohol gel y as\u00ed aplicar las medidas de autocuidado\u201d indicando adem\u00e1s que como entidad mantienen mucha comunicaci\u00f3n \u201ccon los apoderados, se remite informaci\u00f3n, hacemos talleres de sensibilizaci\u00f3n para darle la importancia y relevancia que tiene la asistencia a clases con responsabilidad\u201d.<\/p>\n<p style=\"text-align: justify;\">Desde la seremi de Educaci\u00f3n por su parte, la subrogante Laura Ramos destac\u00f3 el alto grado de presencialidad al interior de las aulas, se\u00f1alando que es \u201cun tremendo orgullo poder presenciar a los estudiantes. Acabamos de estar en un curso completo, con todos los estudiantes, con una sensaci\u00f3n muy agradable de inicio donde creemos se pueden recuperar el tema socioemocional y que hoy cobra una real importancia ya que se valora el esfuerzo de los docentes y apoderados como lo vimos en el colegio Antoine de Saint Exupery donde todo ha fluido de manera muy especial\u201d, indic\u00f3.<\/p>\n<p style=\"text-align: justify;\">Ramos adem\u00e1s, destac\u00f3 las cifras de vacunaci\u00f3n entre los ni\u00f1os de 6 a 17 a\u00f1os, las que alcanzan el 91% de cobertura eso s\u00ed; hizo un llamado a los padres de los ni\u00f1os de 3 a 5 a\u00f1os para que asistan a los centros de vacunaci\u00f3n para cuando les toque asistir presencialmente lo hagan de forma m\u00e1s segura.<\/p>\n<p style=\"text-align: justify;\"><strong>Puerto Ays\u00e9n<\/strong><\/p>\n<p style=\"text-align: justify;\">En Puerto Ays\u00e9n la seremi de Educaci\u00f3n(s) particip\u00f3 en un acto de inicio de A\u00f1o escolar en la Escuela Municipal Litoral Austral, el que cont\u00f3 con la presencia del Alcalde de la comuna Julio Uribe, concejales y la comunidad educativa.<\/p>\n<p style=\"text-align: justify;\">En la oportunidad Laura Ramos destac\u00f3 las acciones impulsadas por el Mineduc durante la pandemia con m\u00e1s de 50 acciones concretas para asegurar la continuidad de los aprendizajes y tambi\u00e9n los avances en educaci\u00f3n concertados durante los cuatro a\u00f1os de Gobierno; entre ellos 6 nuevos liceos Bicentenario, inversi\u00f3n en infraestructura escolar por m\u00e1s de 14 mil millones de pesos. Tambi\u00e9n implementamos programas pioneros y destacados internacionalmente como Leo y Sumo Primero, y Escuelas Arriba; instauramos un nuevo sistema de acceso a la educaci\u00f3n superior, creamos una nueva prueba de acceso; e impulsamos importantes proyectos para la educaci\u00f3n inicial.<\/p>\n<p style=\"text-align: justify;\">El director de la Escuela Litoral Austral Carlos Alarc\u00f3n destac\u00f3 que \u201cel inicio de clases en nuestro establecimiento fue muy emocionante y tuvimos este primer d\u00eda una excelente asistencia de nuestros estudiantes. Los ni\u00f1os est\u00e1n muy motivados y todos quer\u00edan volver a clases. Fue un tremendo inicio de clases muy motivador para nuestra comunidad educativa ya que tambi\u00e9n fueron reconocidas por el sostenedor tres docentes que obtuvieron un desempe\u00f1o destacado en el \u00faltimo proceso de evaluaci\u00f3n docente\u201d.<\/p>\n<\/div><\/section><\/div><div  style='height:50px' class='hr hr-invisible   avia-builder-el-6  el_after_av_one_full  el_before_av_social_share '><span class='hr-inner ' ><span class='hr-inner-style'><\/span><\/span><\/div><\/p>\n<div  class='av-social-sharing-box  avia-builder-el-7  el_after_av_hr  el_before_av_hr  '><div class='av-share-box'><h5 class='av-share-link-description av-no-toc '>Compartir esta noticia<\/h5><ul class='av-share-box-list noLightbox'><li class='av-share-link av-social-link-facebook' ><a target=\"_blank\" aria-label=\"Compartir en Facebook\" href='https:\/\/www.facebook.com\/sharer.php?u=https:\/\/radiorevelacionfm.cl\/?p=14196&#038;t=Regi%C3%B3n%20de%20Ays%C3%A9n%20inici%C3%B3%20oficialmente%20el%20A%C3%B1o%20Escolar%202022' aria-hidden='false' data-av_icon='\ue8f3' data-av_iconfont='entypo-fontello' title='' data-avia-related-tooltip='Compartir en Facebook' rel=\"noopener\"><span class='avia_hidden_link_text'>Compartir en Facebook<\/span><\/a><\/li><li class='av-share-link av-social-link-twitter' ><a target=\"_blank\" aria-label=\"Compartir en Twitter\" href='https:\/\/twitter.com\/share?text=Regi%C3%B3n%20de%20Ays%C3%A9n%20inici%C3%B3%20oficialmente%20el%20A%C3%B1o%20Escolar%202022&#038;url=https:\/\/radiorevelacionfm.cl\/?p=14196' aria-hidden='false' data-av_icon='\ue8f1' data-av_iconfont='entypo-fontello' title='' data-avia-related-tooltip='Compartir en Twitter' rel=\"noopener\"><span class='avia_hidden_link_text'>Compartir en Twitter<\/span><\/a><\/li><li class='av-share-link av-social-link-whatsapp' ><a target=\"_blank\" aria-label=\"Compartir en Whatsapp\" href='https:\/\/api.whatsapp.com\/send?text=https:\/\/radiorevelacionfm.cl\/?p=14196' aria-hidden='false' data-av_icon='\uf232' data-av_iconfont='entypo-fontello' title='' data-avia-related-tooltip='Compartir en Whatsapp' rel=\"noopener\"><span class='avia_hidden_link_text'>Compartir en Whatsapp<\/span><\/a><\/li><li class='av-share-link av-social-link-linkedin' ><a target=\"_blank\" aria-label=\"Compartir en LinkedIn\" href='https:\/\/linkedin.com\/shareArticle?mini=true&#038;title=Regi%C3%B3n%20de%20Ays%C3%A9n%20inici%C3%B3%20oficialmente%20el%20A%C3%B1o%20Escolar%202022&#038;url=https:\/\/radiorevelacionfm.cl\/?p=14196' aria-hidden='false' data-av_icon='\ue8fc' data-av_iconfont='entypo-fontello' title='' data-avia-related-tooltip='Compartir en LinkedIn' rel=\"noopener\"><span class='avia_hidden_link_text'>Compartir en LinkedIn<\/span><\/a><\/li><li class='av-share-link av-social-link-mail' ><a  aria-label=\"Compartir por correo\" href='mailto:?subject=Regi%C3%B3n%20de%20Ays%C3%A9n%20inici%C3%B3%20oficialmente%20el%20A%C3%B1o%20Escolar%202022&#038;body=https:\/\/radiorevelacionfm.cl\/?p=14196' aria-hidden='false' data-av_icon='\ue805' data-av_iconfont='entypo-fontello' title='' data-avia-related-tooltip='Compartir por correo'><span class='avia_hidden_link_text'>Compartir por correo<\/span><\/a><\/li><\/ul><\/div><\/div>\n<div  style='height:50px' class='hr hr-invisible   avia-builder-el-8  el_after_av_social_share  el_before_av_comments_list '><span class='hr-inner ' ><span class='hr-inner-style'><\/span><\/span><\/div>\n<div  class='av-buildercomment  av-blog-meta-html-info-disabled av-blog-meta-tag-disabled  '><\/div>\n","protected":false},"excerpt":{"rendered":"","protected":false},"author":1,"featured_media":14197,"comment_status":"open","ping_status":"open","sticky":false,"template":"","format":"standard","meta":{"footnotes":""},"categories":[38],"tags":[],"class_list":["post-14196","post","type-post","status-publish","format-standard","has-post-thumbnail","hentry","category-regional"],"jetpack_featured_media_url":"https:\/\/radiorevelacionfm.cl\/wp-content\/uploads\/2022\/03\/Inicio-Ano-Escolar-2022-1-1.jpeg","_links":{"self":[{"href":"https:\/\/radiorevelacionfm.cl\/index.php?rest_route=\/wp\/v2\/posts\/14196","targetHints":{"allow":["GET"]}}],"collection":[{"href":"https:\/\/radiorevelacionfm.cl\/index.php?rest_route=\/wp\/v2\/posts"}],"about":[{"href":"https:\/\/radiorevelacionfm.cl\/index.php?rest_route=\/wp\/v2\/types\/post"}],"author":[{"embeddable":true,"href":"https:\/\/radiorevelacionfm.cl\/index.php?rest_route=\/wp\/v2\/users\/1"}],"replies":[{"embeddable":true,"href":"https:\/\/radiorevelacionfm.cl\/index.php?rest_route=%2Fwp%2Fv2%2Fcomments&post=14196"}],"version-history":[{"count":2,"href":"https:\/\/radiorevelacionfm.cl\/index.php?rest_route=\/wp\/v2\/posts\/14196\/revisions"}],"predecessor-version":[{"id":14199,"href":"https:\/\/radiorevelacionfm.cl\/index.php?rest_route=\/wp\/v2\/posts\/14196\/revisions\/14199"}],"wp:featuredmedia":[{"embeddable":true,"href":"https:\/\/radiorevelacionfm.cl\/index.php?rest_route=\/wp\/v2\/media\/14197"}],"wp:attachment":[{"href":"https:\/\/radiorevelacionfm.cl\/index.php?rest_route=%2Fwp%2Fv2%2Fmedia&parent=14196"}],"wp:term":[{"taxonomy":"category","embeddable":true,"href":"https:\/\/radiorevelacionfm.cl\/index.php?rest_route=%2Fwp%2Fv2%2Fcategories&post=14196"},{"taxonomy":"post_tag","embeddable":true,"href":"https:\/\/radiorevelacionfm.cl\/index.php?rest_route=%2Fwp%2Fv2%2Ftags&post=14196"}],"curies":[{"name":"wp","href":"https:\/\/api.w.org\/{rel}","templated":true}]}}