{"id":14193,"date":"2022-03-03T09:22:50","date_gmt":"2022-03-03T12:22:50","guid":{"rendered":"https:\/\/radiorevelacionfm.cl\/?p=14193"},"modified":"2022-03-03T09:22:50","modified_gmt":"2022-03-03T12:22:50","slug":"organizaciones-ciudadanas-manifiestan-rotundo-rechazo-a-iniciativa-de-gobierno-que-busca-impulsar-concesiones-acuicolas-al-interior-de-areas-protegidas","status":"publish","type":"post","link":"https:\/\/radiorevelacionfm.cl\/?p=14193","title":{"rendered":"Organizaciones ciudadanas manifiestan rotundo rechazo a iniciativa de Gobierno que busca impulsar concesiones acu\u00edcolas al interior de \u00e1reas protegidas"},"content":{"rendered":"<div class=\"flex_column av_one_full  flex_column_div av-zero-column-padding first  avia-builder-el-0  el_before_av_one_full  avia-builder-el-first  \" style='border-radius:0px; '><div  class='avia-image-container  av-styling-    avia-builder-el-1  avia-builder-el-no-sibling  avia-align-center '  itemprop=\"image\" itemscope=\"itemscope\" itemtype=\"https:\/\/schema.org\/ImageObject\"  ><div class='avia-image-container-inner'><div class='avia-image-overlay-wrap'><img decoding=\"async\" class='wp-image-14194 avia-img-lazy-loading-not-14194 avia_image' src=\"https:\/\/radiorevelacionfm.cl\/wp-content\/uploads\/2022\/03\/sal_optimized.aysen_.jpeg\" alt='' title='sal_optimized.aysen' height=\"600\" width=\"1103\"  itemprop=\"thumbnailUrl\" srcset=\"https:\/\/radiorevelacionfm.cl\/wp-content\/uploads\/2022\/03\/sal_optimized.aysen_.jpeg 1103w, https:\/\/radiorevelacionfm.cl\/wp-content\/uploads\/2022\/03\/sal_optimized.aysen_-300x163.jpeg 300w, https:\/\/radiorevelacionfm.cl\/wp-content\/uploads\/2022\/03\/sal_optimized.aysen_-1030x560.jpeg 1030w, https:\/\/radiorevelacionfm.cl\/wp-content\/uploads\/2022\/03\/sal_optimized.aysen_-768x418.jpeg 768w, https:\/\/radiorevelacionfm.cl\/wp-content\/uploads\/2022\/03\/sal_optimized.aysen_-705x383.jpeg 705w, https:\/\/radiorevelacionfm.cl\/wp-content\/uploads\/2022\/03\/sal_optimized.aysen_-600x326.jpeg 600w\" sizes=\"(max-width: 1103px) 100vw, 1103px\" \/><\/div><\/div><\/div><\/div><div class=\"flex_column av_one_full  flex_column_div av-zero-column-padding first  avia-builder-el-2  el_after_av_one_full  el_before_av_one_full  column-top-margin\" style='border-radius:0px; '><section class=\"av_textblock_section \"  itemscope=\"itemscope\" itemtype=\"https:\/\/schema.org\/BlogPosting\" itemprop=\"blogPost\" ><div class='avia_textblock  '   itemprop=\"text\" ><p style=\"text-align: center;\"><strong><span style=\"font-size: 18pt;\">Organizaciones ciudadanas manifiestan rotundo rechazo a iniciativa de Gobierno que busca impulsar concesiones acu\u00edcolas al interior de \u00e1reas protegidas<\/span><\/strong><\/p>\n<div id=\"gtx-trans\" style=\"position: absolute; left: -50px; top: 4.31534px;\">\n<div class=\"gtx-trans-icon\"><\/div>\n<\/div>\n<\/div><\/section><\/div><div class=\"flex_column av_one_full  flex_column_div av-zero-column-padding first  avia-builder-el-4  el_after_av_one_full  el_before_av_hr  column-top-margin\" style='border-radius:0px; '><section class=\"av_textblock_section \"  itemscope=\"itemscope\" itemtype=\"https:\/\/schema.org\/BlogPosting\" itemprop=\"blogPost\" ><div class='avia_textblock  '   itemprop=\"text\" ><p class=\"v1MsoNormal\" style=\"text-align: justify;\"><span lang=\"ES\">El gobierno saliente del presidente Sebasti\u00e1n Pi\u00f1era, ha ingresado al Senado un Proyecto que modifica la Ley General de Pesca y Acuicultura (Bolet\u00edn 14.811-21), para permitir que las concesiones de acuicultura puedan seguir existiendo al interior de \u00e1reas marinas protegidas.<span class=\"v1gmail-Apple-converted-space\">\u00a0<\/span><\/span><\/p>\n<p class=\"v1MsoNormal\" style=\"text-align: justify;\"><span lang=\"ES\">Si bien el ejecutivo puede hacer uso de sus facultades hasta el \u00faltimo d\u00eda, llama la atenci\u00f3n que no se haya tomado en consideraci\u00f3n la existencia de una iniciativa parlamentaria que fue apoyada por cerca de 60 organizaciones ambientales cuyo objetivo es totalmente contrario.<span class=\"v1gmail-Apple-converted-space\">\u00a0<\/span><\/span><\/p>\n<p class=\"v1MsoNormal\" style=\"text-align: justify;\"><span lang=\"ES\">Creemos que este \u00faltimo intento del gobierno para otorgar una autorizaci\u00f3n irrestricta a la salmonicultura para establecerse de forma definitiva en \u00e1reas protegidas no tiene m\u00e1s sustento que la desmedida presi\u00f3n de la industria salmonera y su casi inexistente preocupaci\u00f3n por los efectos negativos que genera. Es incomprensible que, en el presente, ante la crisis clim\u00e1tica y de p\u00e9rdida de biodiversidad en la que nos encontramos, se entreguen concesiones para el uso intensivo, espec\u00edficamente para el desarrollo de la salmonicultura, dentro de \u00e1reas protegidas, poniendo en riesgo sus objetos de conservaci\u00f3n y haciendo caso omiso a la evidente incompatibilidad de ambas actividades.\u00a0<span class=\"v1gmail-Apple-converted-space\">\u00a0<\/span><\/span><\/p>\n<p class=\"v1MsoNormal\" style=\"text-align: justify;\"><span lang=\"ES\">Adicionalmente, el proyecto de ley del gobierno saliente se contrapone al proyecto de ley que crea el Servicio de Biodiversidad y \u00c1reas Protegidas SBAP\u00bb, cuesti\u00f3n bastante particular pues SBAP ha sido impulsado con mucha fuerza por el Ministerio de Medio Ambiente y organizaciones de la sociedad civil durante estos 4 a\u00f1os de gobierno.\u00a0<span class=\"v1gmail-Apple-converted-space\">\u00a0<\/span>Al respecto, hemos identificado las siguientes incompatibilidades: El proyecto de ley SBAP presenta al menos 10 art\u00edculos (N\u00ba57, 58, 59, 60, 61, 62, 63, 79, 92 y 93) que proh\u00edben expl\u00edcitamente la realizaci\u00f3n de actividades industriales dentro de \u00e1reas protegidas, en coherencia con las directrices de la Convenci\u00f3n de Washington, de la Uni\u00f3n Internacional de Conservaci\u00f3n de la Naturaleza (UICN) e incluso de la Ley de Pesca vigente.<\/span><\/p>\n<p class=\"v1MsoNormal\" style=\"text-align: justify;\"><span lang=\"ES\">La misma UICN recomienda no realizar actividades de acuicultura en varias de sus categor\u00edas de \u00e1reas protegidas (Ia, reserva natural estricta; Ib, \u00e1rea natural silvestre; II, parque nacional; y III, monumento natural). En particular para cultivos de peces en jaulas en altas densidades, como la salmonicultura, y en las dem\u00e1s categor\u00edas de \u00e1reas protegidas (IV, \u00e1reas de manejo de h\u00e1bitats\/especies; V, paisaje terrestre y marino protegido; y VI, \u00e1rea protegida manejada), solo podr\u00eda realizarse si es manejada de manera que sea compatible con los objetivos del \u00e1rea marina protegida.<span class=\"v1gmail-Apple-converted-space\">\u00a0<\/span>Resulta evidente que el cultivo de especies ex\u00f3ticas no resultar\u00eda compatible con los objetivos de muchas de las \u00e1reas marinas protegidas del pa\u00eds.<span class=\"v1gmail-Apple-converted-space\">\u00a0<\/span><\/span><\/p>\n<p class=\"v1MsoNormal\" style=\"text-align: justify;\"><span lang=\"ES\">En particular el proyecto de<span class=\"v1gmail-Apple-converted-space\">\u00a0<\/span>ley SBAP, en su art\u00edculo 63, proh\u00edbe la explotaci\u00f3n de recursos naturales con fines comerciales, las actividades de extracci\u00f3n de recursos naturales, como asimismo las actividades e infraestructura industrial<span class=\"v1gmail-Apple-converted-space\">\u00a0<\/span>en<span class=\"v1gmail-Apple-converted-space\">\u00a0<\/span>Reserva de Regi\u00f3n Virgen (Art. 57), Parque Nacional (Art. 58) y Monumento Natural (Art. 59) cerrando la puerta para todo tipo de actividades industriales como miner\u00eda, hidroel\u00e9ctricas, torres de alta tensi\u00f3n, actividades acu\u00edcolas, puertos, entre otros. Lo anterior es un hito hist\u00f3rico, dada la situaci\u00f3n de muchas \u00e1reas protegidas actualmente afectadas por este tipo de actividades.<span class=\"v1gmail-Apple-converted-space\">\u00a0<\/span><\/span><\/p>\n<p class=\"v1MsoNormal\" style=\"text-align: justify;\"><span lang=\"ES\">En el caso de Reserva Nacional (Art. 60), \u00c1rea de Conservaci\u00f3n de M\u00faltiples Usos (Art. 61) y \u00c1rea de Conservaci\u00f3n de Pueblos Ind\u00edgenas (Art. 62), se se\u00f1ala expresamente que solo podr\u00e1n desarrollarse actividades de uso sustentable, siempre que las mismas no pongan en riesgo los servicios ecosist\u00e9micos que estas \u00e1reas proveen.\u00a0<span class=\"v1gmail-Apple-converted-space\">\u00a0<\/span><\/span><\/p>\n<p class=\"v1MsoNormal\" style=\"text-align: justify;\"><span lang=\"ES\">Con el objeto de reforzar la protecci\u00f3n, el proyecto de ley SBAP en su Art\u00edculo 79, sobre \u00abConcesiones en \u00e1reas protegidas del Estado\u00bb, establece que<span class=\"v1gmail-Apple-converted-space\">\u00a0<\/span>solo podr\u00e1n otorgar concesiones en \u00e1reas protegidas situadas en bienes fiscales para actividades de investigaci\u00f3n cient\u00edfica, educaci\u00f3n o turismo<span class=\"v1gmail-Apple-converted-space\">\u00a0<\/span>que requieran la instalaci\u00f3n de infraestructura y tengan una duraci\u00f3n mayor a un a\u00f1o.<\/span><\/p>\n<p class=\"v1MsoNormal\" style=\"text-align: justify;\"><span lang=\"ES\">Finalmente, en el<span class=\"v1gmail-Apple-converted-space\">\u00a0<\/span>Art\u00edculo 93 sobre \u00abConcesiones sectoriales\u00bb el proyecto de ley SBAP, permite concesiones de uso sustentable solo para comunidades locales e ind\u00edgenas y para la ejecuci\u00f3n de obras de conectividad y servicios b\u00e1sicos indispensables para estas comunidades, y solo si el \u00e1rea tiene un plan de manejo y la actividad es compatible con los objetivos de protecci\u00f3n del \u00e1rea.<span class=\"v1gmail-Apple-converted-space\">\u00a0<\/span><\/span><\/p>\n<p class=\"v1MsoNormal\" style=\"text-align: justify;\"><span lang=\"ES\">En consecuencia, por todos los fundamentos expuestos en esta declaraci\u00f3n, las organizaciones ciudadanas, acad\u00e9micas y territoriales abajo firmantes,<span class=\"v1gmail-Apple-converted-space\">\u00a0<\/span>solicitamos al Senado rechazar este proyecto debido a la nula participaci\u00f3n de las comunidades en su an\u00e1lisis, a la incompatibilidad de las actividades acu\u00edcolas intensivas con la conservaci\u00f3n y porque\u00a0\u00a0<span class=\"v1gmail-Apple-converted-space\">\u00a0<\/span>debilita la protecci\u00f3n de las \u00c1reas Protegidas. En la misma direcci\u00f3n llamamos al gobierno del presidente electo Gabriel Boric, a revisar el patrocinio actual del ejecutivo y retirar\u00a0<span class=\"v1gmail-Apple-converted-space\">\u00a0<\/span>dicho Proyecto de Ley.<span class=\"v1gmail-Apple-converted-space\">\u00a0<\/span><\/span><\/p>\n<p class=\"v1MsoNormal\" style=\"text-align: justify;\"><span lang=\"ES\">1.\u00a0\u00a0\u00a0<span class=\"v1gmail-Apple-converted-space\">\u00a0<\/span><\/span><span lang=\"ES\">Defendamos Chilo\u00e9<\/span><\/p>\n<p class=\"v1MsoNormal\" style=\"text-align: justify;\"><span lang=\"ES\">2.\u00a0\u00a0\u00a0<span class=\"v1gmail-Apple-converted-space\">\u00a0<\/span><\/span><span lang=\"ES\">Chile Sustentable<\/span><\/p>\n<p class=\"v1MsoNormal\" style=\"text-align: justify;\"><span lang=\"ES\">3.\u00a0\u00a0\u00a0<span class=\"v1gmail-Apple-converted-space\">\u00a0<\/span><\/span><span lang=\"ES\">Oceana<\/span><\/p>\n<p class=\"v1MsoNormal\" style=\"text-align: justify;\"><span lang=\"ES\">4.\u00a0\u00a0\u00a0<span class=\"v1gmail-Apple-converted-space\">\u00a0<\/span><\/span><span lang=\"ES\">Comunidad Ind\u00edgena Puwapi de Guaitecas<\/span><\/p>\n<p class=\"v1MsoNormal\" style=\"text-align: justify;\"><span lang=\"ES\">5.\u00a0\u00a0\u00a0<span class=\"v1gmail-Apple-converted-space\">\u00a0<\/span><\/span><span lang=\"ES\">Comunidad Mapuche Williche Kechalen de Queilen\u00a0<span class=\"v1gmail-Apple-converted-space\">\u00a0<\/span><\/span><\/p>\n<p class=\"v1MsoNormal\" style=\"text-align: justify;\"><span lang=\"ES\">6.\u00a0\u00a0\u00a0<span class=\"v1gmail-Apple-converted-space\">\u00a0<\/span><\/span><span lang=\"ES\">Comunidad Ind\u00edgena Tralka Lafken de Algarrobo &#8211; El Quisco<\/span><\/p>\n<p class=\"v1MsoNormal\" style=\"text-align: justify;\"><span lang=\"ES\">7.\u00a0\u00a0\u00a0<span class=\"v1gmail-Apple-converted-space\">\u00a0<\/span><\/span><span lang=\"ES\">Comunidad Mapuche Huilliche Pepiukelen de Pargua<\/span><\/p>\n<p class=\"v1MsoNormal\" style=\"text-align: justify;\"><span lang=\"ES\">8.\u00a0\u00a0\u00a0<span class=\"v1gmail-Apple-converted-space\">\u00a0<\/span><\/span><span lang=\"ES\">Comunidad Ind\u00edgena de Llicaldad<\/span><\/p>\n<p class=\"v1MsoNormal\" style=\"text-align: justify;\"><span lang=\"ES\">9.\u00a0\u00a0\u00a0<span class=\"v1gmail-Apple-converted-space\">\u00a0<\/span><\/span><span lang=\"ES\">Comunidad Ind\u00edgena de Apeche<\/span><\/p>\n<p class=\"v1MsoNormal\" style=\"text-align: justify;\"><span lang=\"ES\">10.<span class=\"v1gmail-Apple-converted-space\">\u00a0<\/span><\/span><span lang=\"ES\">Clementina Lepio Melipichun<\/span><\/p>\n<p class=\"v1MsoNormal\" style=\"text-align: justify;\"><span lang=\"ES\">11.<span class=\"v1gmail-Apple-converted-space\">\u00a0<\/span><\/span><span lang=\"ES\">Longko de la Comunidad Ind\u00edgena de Gamboa Alto<\/span><\/p>\n<p class=\"v1MsoNormal\" style=\"text-align: justify;\"><span lang=\"ES\">12.<span class=\"v1gmail-Apple-converted-space\">\u00a0<\/span><\/span><span lang=\"ES\">Asamblea de Mujeres Insulares por las Aguas de Chilo\u00e9<\/span><\/p>\n<p class=\"v1MsoNormal\" style=\"text-align: justify;\"><span lang=\"ES\">13.<span class=\"v1gmail-Apple-converted-space\">\u00a0<\/span><\/span><span lang=\"ES\">Consejo de Defensa de los Que\u00f1es<\/span><\/p>\n<p class=\"v1MsoNormal\" style=\"text-align: justify;\"><span lang=\"ES\">14.<span class=\"v1gmail-Apple-converted-space\">\u00a0<\/span><\/span><span lang=\"ES\">Corporaci\u00f3n Caleta, David Ordenes<\/span><\/p>\n<p class=\"v1MsoNormal\" style=\"text-align: justify;\"><span lang=\"ES\">15.<span class=\"v1gmail-Apple-converted-space\">\u00a0<\/span><\/span><span lang=\"ES\">Alerta Isla Riesco<\/span><\/p>\n<p class=\"v1MsoNormal\" style=\"text-align: justify;\"><span lang=\"ES\">16.<span class=\"v1gmail-Apple-converted-space\">\u00a0<\/span><\/span><span lang=\"ES\">Comunidad Kawesqar Grupos Familiares N\u00f3mades del Mar<\/span><\/p>\n<p class=\"v1MsoNormal\" style=\"text-align: justify;\"><span lang=\"ES\">17.<span class=\"v1gmail-Apple-converted-space\">\u00a0<\/span><\/span><span lang=\"ES\">Comunidad Kawesqar Ata&#8217;p<\/span><\/p>\n<p class=\"v1MsoNormal\" style=\"text-align: justify;\"><span lang=\"ES\">18.<span class=\"v1gmail-Apple-converted-space\">\u00a0<\/span><\/span><span lang=\"ES\">Comunidad Kawesqar Residentes en R\u00edo Primero<\/span><\/p>\n<p class=\"v1MsoNormal\" style=\"text-align: justify;\"><span lang=\"ES\">19.<span class=\"v1gmail-Apple-converted-space\">\u00a0<\/span><\/span><span lang=\"ES\">Lonko de Aysen<\/span><\/p>\n<p class=\"v1MsoNormal\" style=\"text-align: justify;\"><span lang=\"ES\">20.<span class=\"v1gmail-Apple-converted-space\">\u00a0<\/span><\/span><span lang=\"ES\">Corporaci\u00f3n Privada para el Desarrollo de Ays\u00e9n<\/span><\/p>\n<p class=\"v1MsoNormal\" style=\"text-align: justify;\"><span lang=\"ES\">21.<span class=\"v1gmail-Apple-converted-space\">\u00a0<\/span><\/span><span lang=\"ES\">Asociaci\u00f3n Defensa Ambiente y Cultura de Chilo\u00e9 (ADAC)<\/span><\/p>\n<p class=\"v1MsoNormal\" style=\"text-align: justify;\"><span lang=\"ES\">22.<span class=\"v1gmail-Apple-converted-space\">\u00a0<\/span><\/span><span lang=\"ES\">Fundaci\u00f3n Ciudadanos y Clima<\/span><\/p>\n<p class=\"v1MsoNormal\" style=\"text-align: justify;\"><span lang=\"ES\">23.<span class=\"v1gmail-Apple-converted-space\">\u00a0<\/span><\/span><span lang=\"ES\">ONG Real Chile<\/span><\/p>\n<p class=\"v1MsoNormal\" style=\"text-align: justify;\"><span lang=\"ES\">24.<span class=\"v1gmail-Apple-converted-space\">\u00a0<\/span><\/span><span lang=\"ES\">Comunidad Ind\u00edgena Bah\u00eda Mejillones<\/span><\/p>\n<p class=\"v1MsoNormal\" style=\"text-align: justify;\"><span lang=\"ES\">25.<span class=\"v1gmail-Apple-converted-space\">\u00a0<\/span><\/span><span lang=\"ES\">Sin Azul No Hay Verde, Argentina<\/span><\/p>\n<p class=\"v1MsoNormal\" style=\"text-align: justify;\"><span lang=\"ES\">26.<span class=\"v1gmail-Apple-converted-space\">\u00a0<\/span><\/span><span lang=\"ES\">Movimiento Ciudadano Patagonia Limpia<\/span><\/p>\n<p class=\"v1MsoNormal\" style=\"text-align: justify;\"><span lang=\"ES\">27.<span class=\"v1gmail-Apple-converted-space\">\u00a0<\/span><\/span><span lang=\"ES\">Centro Cultural Kuraf Werken<\/span><\/p>\n<p class=\"v1MsoNormal\" style=\"text-align: justify;\"><span lang=\"ES\">28.<span class=\"v1gmail-Apple-converted-space\">\u00a0<\/span><\/span><span lang=\"ES\">Fundaci\u00f3n End\u00e9mica, Juan Fern\u00e1ndez Desventuradas<\/span><\/p>\n<p class=\"v1MsoNormal\" style=\"text-align: justify;\"><span lang=\"ES\">29.<span class=\"v1gmail-Apple-converted-space\">\u00a0<\/span><\/span><span lang=\"ES\">Comit\u00e9 Cultural Casa Tejiendo Ra\u00edces, Puerto William<\/span><\/p>\n<p class=\"v1MsoNormal\" style=\"text-align: justify;\"><span lang=\"ES\">30.<span class=\"v1gmail-Apple-converted-space\">\u00a0<\/span><\/span><span lang=\"ES\">Fundaci\u00f3n Elemental Nature<\/span><\/p>\n<p class=\"v1MsoNormal\" style=\"text-align: justify;\"><span lang=\"ES\">31.<span class=\"v1gmail-Apple-converted-space\">\u00a0<\/span><\/span><span lang=\"ES\">Consejo General de Caciques Williche de Chilo\u00e9<\/span><\/p>\n<p class=\"v1MsoNormal\" style=\"text-align: justify;\"><span lang=\"ES\">32.<span class=\"v1gmail-Apple-converted-space\">\u00a0<\/span><\/span><span lang=\"ES\">Fundaci\u00f3n Origen<\/span><\/p>\n<p class=\"v1MsoNormal\" style=\"text-align: justify;\"><span lang=\"ES\">33.<span class=\"v1gmail-Apple-converted-space\">\u00a0<\/span><\/span><span lang=\"ES\">Santuario de la Naturaleza Los Maitenes &#8211; R\u00edo Claro<\/span><\/p>\n<p class=\"v1MsoNormal\" style=\"text-align: justify;\"><span lang=\"ES\">34.<span class=\"v1gmail-Apple-converted-space\">\u00a0<\/span><\/span><span lang=\"ES\">Greenpeace<\/span><\/p>\n<p class=\"v1MsoNormal\" style=\"text-align: justify;\"><span lang=\"ES\">35.<span class=\"v1gmail-Apple-converted-space\">\u00a0<\/span><\/span><span lang=\"ES\">Rewilding Chile<\/span><\/p>\n<p class=\"v1MsoNormal\" style=\"text-align: justify;\"><span lang=\"ES\">36.<span class=\"v1gmail-Apple-converted-space\">\u00a0<\/span><\/span><span lang=\"ES\">Patagonia Chile<\/span><\/p>\n<p class=\"v1MsoNormal\" style=\"text-align: justify;\"><span lang=\"ES\">37.<span class=\"v1gmail-Apple-converted-space\">\u00a0<\/span><\/span><span lang=\"ES\">ONG FIMA<\/span><\/p>\n<p class=\"v1MsoNormal\" style=\"text-align: justify;\"><span lang=\"ES\">38.<span class=\"v1gmail-Apple-converted-space\">\u00a0<\/span><\/span><span lang=\"ES\">Fundaci\u00f3n Newenko<\/span><\/p>\n<p class=\"v1MsoNormal\" style=\"text-align: justify;\"><span lang=\"ES\">39.<span class=\"v1gmail-Apple-converted-space\">\u00a0<\/span><\/span><span lang=\"ES\">Movimiento No Alto Maipo<span class=\"v1gmail-Apple-converted-space\">\u00a0<\/span><\/span><\/p>\n<p class=\"v1MsoNormal\" style=\"text-align: justify;\"><span lang=\"ES\">40.<span class=\"v1gmail-Apple-converted-space\">\u00a0<\/span><\/span><span lang=\"ES\">Centro Ecol\u00f3gico Churque<\/span><\/p>\n<p class=\"v1MsoNormal\" style=\"text-align: justify;\"><span lang=\"ES\">41.<span class=\"v1gmail-Apple-converted-space\">\u00a0<\/span><\/span><span lang=\"ES\">The Nature Conservancy (TNC)<\/span><\/p>\n<p class=\"v1MsoNormal\" style=\"text-align: justify;\"><span lang=\"ES\">42.<span class=\"v1gmail-Apple-converted-space\">\u00a0<\/span><\/span><span lang=\"ES\">Movimiento Bioc\u00e9ntrico<\/span><\/p>\n<p class=\"v1MsoNormal\" style=\"text-align: justify;\"><span lang=\"ES\">43.<span class=\"v1gmail-Apple-converted-space\">\u00a0<\/span><\/span><span lang=\"ES\">Defensor\u00eda Ambiental<\/span><\/p>\n<p class=\"v1MsoNormal\" style=\"text-align: justify;\"><span lang=\"ES\">44.<span class=\"v1gmail-Apple-converted-space\">\u00a0<\/span><\/span><span lang=\"ES\">ONG Ecosistemas<span class=\"v1gmail-Apple-converted-space\">\u00a0<\/span><\/span><\/p>\n<p class=\"v1MsoNormal\" style=\"text-align: justify;\"><span lang=\"ES\">45.<span class=\"v1gmail-Apple-converted-space\">\u00a0<\/span><\/span><span lang=\"ES\">Fundaci\u00f3n Geute Conservaci\u00f3n Sur<\/span><\/p>\n<p class=\"v1MsoNormal\" style=\"text-align: justify;\"><span lang=\"ES\">46.<span class=\"v1gmail-Apple-converted-space\">\u00a0<\/span><\/span><span lang=\"ES\">Mataquito R\u00edo Abajo<\/span><\/p>\n<p class=\"v1MsoNormal\" style=\"text-align: justify;\"><span lang=\"ES\">47.<span class=\"v1gmail-Apple-converted-space\">\u00a0<\/span><\/span><span lang=\"ES\">Fundaci\u00f3n Futaleufu Riverkeeper<\/span><\/p>\n<p class=\"v1MsoNormal\" style=\"text-align: justify;\"><span lang=\"ES\">48.<span class=\"v1gmail-Apple-converted-space\">\u00a0<\/span><\/span><span lang=\"ES\">Corporaci\u00f3n de Defensa de la Cuenca del Mapocho<\/span><\/p>\n<p class=\"v1MsoNormal\" style=\"text-align: justify;\"><span lang=\"ES\">49.<span class=\"v1gmail-Apple-converted-space\">\u00a0<\/span><\/span><span lang=\"ES\">Chile Sin Ecocidio<\/span><\/p>\n<p class=\"v1MsoNormal\" style=\"text-align: justify;\"><span lang=\"ES\">50.<span class=\"v1gmail-Apple-converted-space\">\u00a0<\/span><\/span><span lang=\"ES\">Corporaci\u00f3n Capital Biodiversidad<\/span><\/p>\n<p class=\"v1MsoNormal\" style=\"text-align: justify;\"><span lang=\"ES\">51.<span class=\"v1gmail-Apple-converted-space\">\u00a0<\/span><\/span><span lang=\"ES\">Pacto Chile Verde<\/span><\/p>\n<p class=\"v1MsoNormal\" style=\"text-align: justify;\"><span lang=\"ES\">52.<span class=\"v1gmail-Apple-converted-space\">\u00a0<\/span><\/span><span lang=\"ES\">Coordinadora Ciudadana No Alto Maipo<\/span><\/p>\n<p class=\"v1MsoNormal\" style=\"text-align: justify;\"><span lang=\"ES\">53.<span class=\"v1gmail-Apple-converted-space\">\u00a0<\/span><\/span><span lang=\"ES\">ONG Conservaci\u00f3n Andina<\/span><\/p>\n<p class=\"v1MsoNormal\" style=\"text-align: justify;\"><span lang=\"EN-US\">54.<span class=\"v1gmail-Apple-converted-space\">\u00a0<\/span><\/span><span lang=\"EN-US\">Round River Conservation Studies &#8211; Chile<\/span><\/p>\n<p class=\"v1MsoNormal\" style=\"text-align: justify;\">55.<span class=\"v1gmail-Apple-converted-space\">\u00a0<\/span>Corporaci\u00f3n Territorios en Acci\u00f3n<\/p>\n<p class=\"v1MsoNormal\" style=\"text-align: justify;\"><span lang=\"ES\">56.<span class=\"v1gmail-Apple-converted-space\">\u00a0<\/span><\/span><span lang=\"ES\">ONG Defensa Ambiental<span class=\"v1gmail-Apple-converted-space\">\u00a0<\/span><\/span><\/p>\n<p class=\"v1MsoNormal\" style=\"text-align: justify;\"><span lang=\"ES\">57.<span class=\"v1gmail-Apple-converted-space\">\u00a0<\/span><\/span><span lang=\"ES\">R\u00edos To Rivers<\/span><\/p>\n<p class=\"v1MsoNormal\" style=\"text-align: justify;\"><span lang=\"ES\">58.<span class=\"v1gmail-Apple-converted-space\">\u00a0<\/span><\/span><span lang=\"ES\">Cooperativa de Consumo Responsable &#8211; Valdivia \u00abLa Manzana\u00bb<\/span><\/p>\n<p class=\"v1MsoNormal\" style=\"text-align: justify;\"><span lang=\"ES\">59.<span class=\"v1gmail-Apple-converted-space\">\u00a0<\/span><\/span><span lang=\"ES\">Red Ambiental Cuencas del Reloncav\u00ed<\/span><\/p>\n<p class=\"v1MsoNormal\" style=\"text-align: justify;\"><span lang=\"ES\">60.<span class=\"v1gmail-Apple-converted-space\">\u00a0<\/span><\/span><span lang=\"ES\">Colectivo Cuenca Sur-Osorno<\/span><\/p>\n<p class=\"v1MsoNormal\" style=\"text-align: justify;\"><span lang=\"ES\">61.<span class=\"v1gmail-Apple-converted-space\">\u00a0<\/span><\/span><span lang=\"ES\">Fundaci\u00f3n Cuidemos Para\u00edsos<\/span><\/p>\n<p class=\"v1MsoNormal\" style=\"text-align: justify;\"><span lang=\"ES\">62.<span class=\"v1gmail-Apple-converted-space\">\u00a0<\/span><\/span><span lang=\"ES\">Movimiento Social en Defensa del R\u00edo \u00d1uble<\/span><\/p>\n<p class=\"v1MsoNormal\" style=\"text-align: justify;\"><span lang=\"ES\">63.<span class=\"v1gmail-Apple-converted-space\">\u00a0<\/span><\/span><span lang=\"ES\">Grupo de Investigaci\u00f3n Acci\u00f3n Imaginarios Estuariales<\/span><\/p>\n<p class=\"v1MsoNormal\" style=\"text-align: justify;\"><span lang=\"ES\">64.<span class=\"v1gmail-Apple-converted-space\">\u00a0<\/span><\/span><span lang=\"ES\">Muzosare<\/span><\/p>\n<p class=\"v1MsoNormal\" style=\"text-align: justify;\"><span lang=\"ES\">65.<span class=\"v1gmail-Apple-converted-space\">\u00a0<\/span><\/span><span lang=\"ES\">\u00c9tica en los Bosques<\/span><\/p>\n<p class=\"v1MsoNormal\" style=\"text-align: justify;\"><span lang=\"ES\">66.<span class=\"v1gmail-Apple-converted-space\">\u00a0<\/span><\/span><span lang=\"ES\">Parque Andino Juncal<\/span><\/p>\n<p class=\"v1MsoNormal\" style=\"text-align: justify;\"><span lang=\"ES\">67.<span class=\"v1gmail-Apple-converted-space\">\u00a0<\/span><\/span><span lang=\"ES\">Santuario Lagunillas y Quillayal<\/span><\/p>\n<p class=\"v1MsoNormal\" style=\"text-align: justify;\"><span lang=\"ES\">68.<span class=\"v1gmail-Apple-converted-space\">\u00a0<\/span><\/span><span lang=\"ES\">Despierta Mejillones<\/span><\/p>\n<p class=\"v1MsoNormal\" style=\"text-align: justify;\"><span lang=\"ES\">69.<span class=\"v1gmail-Apple-converted-space\">\u00a0<\/span><\/span><span lang=\"ES\">Parques Para Chile<\/span><\/p>\n<p class=\"v1MsoNormal\" style=\"text-align: justify;\"><span lang=\"ES\">70.<span class=\"v1gmail-Apple-converted-space\">\u00a0<\/span><\/span><span lang=\"ES\">Fundaci\u00f3n Huerquehue<\/span><\/p>\n<p class=\"v1MsoNormal\" style=\"text-align: justify;\"><span lang=\"ES\">71.<span class=\"v1gmail-Apple-converted-space\">\u00a0<\/span><\/span><span lang=\"ES\">Asociaci\u00f3n Interamericana para la Defensa del Ambiente (AIDA)<\/span><\/p>\n<p class=\"v1MsoNormal\" style=\"text-align: justify;\"><span lang=\"ES\">72.<span class=\"v1gmail-Apple-converted-space\">\u00a0<\/span><\/span><span lang=\"ES\">Movimiento Salvemos Coronel<\/span><\/p>\n<p class=\"v1MsoNormal\" style=\"text-align: justify;\"><span lang=\"ES\">73.<span class=\"v1gmail-Apple-converted-space\">\u00a0<\/span><\/span><span lang=\"ES\">Mujeres por el Buen Vivir<\/span><\/p>\n<p class=\"v1MsoNormal\" style=\"text-align: justify;\"><span lang=\"ES\">74.<span class=\"v1gmail-Apple-converted-space\">\u00a0<\/span><\/span><span lang=\"ES\">Regenera<\/span><\/p>\n<p class=\"v1MsoNormal\" style=\"text-align: justify;\"><span lang=\"ES\">75.<span class=\"v1gmail-Apple-converted-space\">\u00a0<\/span><\/span><span lang=\"ES\">Sociedad Civil por la Acci\u00f3n Clim\u00e1tica &#8211; Antofagasta<\/span><\/p>\n<p class=\"v1MsoNormal\" style=\"text-align: justify;\"><span lang=\"ES\">76.<span class=\"v1gmail-Apple-converted-space\">\u00a0<\/span><\/span><span lang=\"ES\">Vegetarianos Hoy<\/span><\/p>\n<p class=\"v1MsoNormal\" style=\"text-align: justify;\"><span lang=\"ES\">77.<span class=\"v1gmail-Apple-converted-space\">\u00a0<\/span><\/span><span lang=\"ES\">Escazu Ahora<\/span><\/p>\n<p class=\"v1MsoNormal\" style=\"text-align: justify;\"><span lang=\"ES\">78.<span class=\"v1gmail-Apple-converted-space\">\u00a0<\/span><\/span><span lang=\"ES\">Mujeres en Resistencia<\/span><\/p>\n<p class=\"v1MsoNormal\" style=\"text-align: justify;\"><span lang=\"ES\">79.<span class=\"v1gmail-Apple-converted-space\">\u00a0<\/span><\/span><span lang=\"ES\">Anima Naturalis<\/span><\/p>\n<p class=\"v1MsoNormal\" style=\"text-align: justify;\"><span lang=\"ES\">80.<span class=\"v1gmail-Apple-converted-space\">\u00a0<\/span><\/span><span lang=\"ES\">Fundamento<\/span><\/p>\n<p class=\"v1MsoNormal\" style=\"text-align: justify;\"><span lang=\"ES\">81.<span class=\"v1gmail-Apple-converted-space\">\u00a0<\/span><\/span><span lang=\"ES\">CODEFF<\/span><\/p>\n<p class=\"v1MsoNormal\" style=\"text-align: justify;\"><span lang=\"ES\">82.<span class=\"v1gmail-Apple-converted-space\">\u00a0<\/span><\/span><span lang=\"ES\">Fridays For Future-FFF<\/span><\/p>\n<p class=\"v1MsoNormal\" style=\"text-align: justify;\"><span lang=\"ES\">83.<span class=\"v1gmail-Apple-converted-space\">\u00a0<\/span><\/span><span lang=\"ES\">Tremendas<\/span><\/p>\n<p class=\"v1MsoNormal\" style=\"text-align: justify;\"><span lang=\"ES\">84.<span class=\"v1gmail-Apple-converted-space\">\u00a0<\/span><\/span><span lang=\"ES\">Fundaci\u00f3n Pulso Ambiental<\/span><\/p>\n<p class=\"v1MsoNormal\" style=\"text-align: justify;\"><span lang=\"ES\">85.<span class=\"v1gmail-Apple-converted-space\">\u00a0<\/span><\/span><span lang=\"ES\">Fundaci\u00f3n Voluntarios por la Naturaleza<\/span><\/p>\n<p class=\"v1MsoNormal\" style=\"text-align: justify;\"><span lang=\"ES\">86.<span class=\"v1gmail-Apple-converted-space\">\u00a0<\/span><\/span><span lang=\"ES\">Antuko Resiste<\/span><\/p>\n<p class=\"v1MsoNormal\" style=\"text-align: justify;\"><span lang=\"ES\">87.<span class=\"v1gmail-Apple-converted-space\">\u00a0<\/span><\/span><span lang=\"ES\">Chao Pescao<\/span><\/p>\n<p class=\"v1MsoNormal\" style=\"text-align: justify;\"><span lang=\"ES\">88.<span class=\"v1gmail-Apple-converted-space\">\u00a0<\/span><\/span><span lang=\"ES\">Observatorio Ciudadano<\/span><\/p>\n<p class=\"v1MsoNormal\" style=\"text-align: justify;\"><span lang=\"ES\">89.<span class=\"v1gmail-Apple-converted-space\">\u00a0<\/span><\/span><span lang=\"ES\">Agrupaci\u00f3n Ais\u00e9n Reserva de Vida<\/span><\/p>\n<p class=\"v1MsoNormal\" style=\"text-align: justify;\"><span lang=\"ES\">90.<span class=\"v1gmail-Apple-converted-space\">\u00a0<\/span><\/span><span lang=\"ES\">Corporaci\u00f3n Territorio Enacci\u00f3n<\/span><\/p>\n<p class=\"v1MsoNormal\" style=\"text-align: justify;\"><span lang=\"ES\">91.<span class=\"v1gmail-Apple-converted-space\">\u00a0<\/span><\/span><span lang=\"ES\">Kimeltuwe Lof de Chonchi<\/span><\/p>\n<p class=\"v1MsoNormal\" style=\"text-align: justify;\"><span lang=\"ES\">92.<span class=\"v1gmail-Apple-converted-space\">\u00a0<\/span><\/span><span lang=\"ES\">Organizaci\u00f3n de Mujeres de Artes y Oficios Germina Kolectiva<\/span><\/p>\n<p class=\"v1MsoNormal\" style=\"text-align: justify;\"><span lang=\"ES\">93.<span class=\"v1gmail-Apple-converted-space\">\u00a0<\/span><\/span><span lang=\"ES\">SCAC Magallanes<\/span><\/p>\n<p class=\"v1gmail-MsoListParagraphCxSpFirst\" style=\"text-align: justify;\"><span lang=\"ES\">94.<span class=\"v1gmail-Apple-converted-space\">\u00a0<\/span><\/span><span lang=\"ES\">Centro de Ecolog\u00eda Aplicada y Sustentabilidad (CAPES)<span class=\"v1gmail-Apple-converted-space\">\u00a0<\/span><\/span><\/p>\n<p class=\"v1gmail-MsoListParagraphCxSpMiddle\" style=\"text-align: justify;\"><span lang=\"ES\">95.<span class=\"v1gmail-Apple-converted-space\">\u00a0<\/span><\/span><span lang=\"ES\">Corporaci\u00f3n Jard\u00edn Bot\u00e1nico Chagual\u00a0<\/span><\/p>\n<p class=\"v1gmail-MsoListParagraphCxSpMiddle\" style=\"text-align: justify;\"><span lang=\"ES\">96.<span class=\"v1gmail-Apple-converted-space\">\u00a0<\/span><\/span><span lang=\"ES\">Sociedad de Ecolog\u00eda de Chile<\/span><\/p>\n<p class=\"v1gmail-MsoListParagraphCxSpMiddle\" style=\"text-align: justify;\"><span lang=\"ES\">97.<span class=\"v1gmail-Apple-converted-space\">\u00a0<\/span><\/span><span lang=\"ES\">Cooperativa Calahuala<\/span><\/p>\n<p class=\"v1gmail-MsoListParagraphCxSpMiddle\" style=\"text-align: justify;\"><span lang=\"ES\">98.<span class=\"v1gmail-Apple-converted-space\">\u00a0<\/span><\/span><span lang=\"ES\">Slowfood<\/span><\/p>\n<p class=\"v1gmail-MsoListParagraphCxSpLast\" style=\"text-align: justify;\"><span lang=\"ES\">99.<span class=\"v1gmail-Apple-converted-space\">\u00a0<\/span><\/span><span lang=\"ES\">Fundaci\u00f3n Omora<\/span><\/p>\n<p class=\"v1MsoNormal\" style=\"text-align: justify;\"><span lang=\"ES\">100.\u00a0\u00a0<span class=\"v1gmail-Apple-converted-space\">\u00a0<\/span><\/span><span lang=\"ES\">Fundaci\u00f3n Ecosur<\/span><\/p>\n<p class=\"v1gmail-MsoListParagraphCxSpFirst\" style=\"text-align: justify;\">101.\u00a0\u00a0<span class=\"v1gmail-Apple-converted-space\">\u00a0<\/span>As\u00ed Conserva Chile<\/p>\n<p class=\"v1gmail-MsoListParagraphCxSpLast\" style=\"text-align: justify;\">102.\u00a0\u00a0<span class=\"v1gmail-Apple-converted-space\">\u00a0<\/span>Frente por el Medioambiente y la Biodiversidad del Partido Comunes<\/p>\n<p class=\"v1MsoNormal\" style=\"text-align: justify;\"><span lang=\"ES\">103.\u00a0\u00a0<span class=\"v1gmail-Apple-converted-space\">\u00a0<\/span><\/span>Tercera Edad por un Futuro<\/p>\n<p class=\"v1MsoNormal\" style=\"text-align: justify;\"><span lang=\"ES\">104.\u00a0\u00a0<span class=\"v1gmail-Apple-converted-space\">\u00a0<\/span><\/span>Robles de Cantillana<\/p>\n<p class=\"v1gmail-MsoListParagraphCxSpFirst\" style=\"text-align: justify;\">105.\u00a0\u00a0\u00a0<span class=\"v1gmail-Apple-converted-space\">\u00a0<\/span>WWF Chile<\/p>\n<p class=\"v1gmail-MsoListParagraphCxSpMiddle\" style=\"text-align: justify;\">106.\u00a0\u00a0\u00a0<span class=\"v1gmail-Apple-converted-space\">\u00a0<\/span>Sociedad de Bot\u00e1nica de Chile<\/p>\n<p class=\"v1gmail-MsoListParagraphCxSpMiddle\" style=\"text-align: justify;\">107.\u00a0\u00a0<span class=\"v1gmail-Apple-converted-space\">\u00a0<\/span>Catemu en Movimiento<\/p>\n<p class=\"v1gmail-MsoListParagraphCxSpMiddle\" style=\"text-align: justify;\">108.\u00a0\u00a0<span class=\"v1gmail-Apple-converted-space\">\u00a0<\/span>Coordinadora de Defensa\u00a0<span class=\"v1gmail-Apple-converted-space\">\u00a0<\/span>Akunkawa<\/p>\n<p class=\"v1gmail-MsoListParagraphCxSpMiddle\" style=\"text-align: justify;\">109.\u00a0\u00a0<span class=\"v1gmail-Apple-converted-space\">\u00a0<\/span>National Geographic Pristine Seas<\/p>\n<p class=\"v1gmail-MsoListParagraphCxSpLast\" style=\"text-align: justify;\">110.\u00a0\u00a0<span class=\"v1gmail-Apple-converted-space\">\u00a0<\/span>ONG Sustentarse<\/p>\n<p class=\"v1MsoNormal\" style=\"text-align: justify;\"><span lang=\"ES\">\u00a0<\/span><\/p>\n<p class=\"v1MsoNormal\" style=\"text-align: justify;\"><b><span lang=\"ES\">ACAD\u00c9MICOS<\/span><\/b><\/p>\n<p class=\"v1MsoNormal\" style=\"text-align: justify;\"><span lang=\"ES\">111.\u00a0\u00a0<span class=\"v1gmail-Apple-converted-space\">\u00a0<\/span><\/span><span lang=\"ES\">Felipe Paredes Vargas, PhD, vicepresidente de Tema Marino, Comisi\u00f3n Mundial de \u00c1reas Protegidas de la UICN<\/span><\/p>\n<p class=\"v1gmail-MsoListParagraphCxSpFirst\" style=\"text-align: justify;\">112.\u00a0\u00a0<span class=\"v1gmail-Apple-converted-space\">\u00a0<\/span><span lang=\"ES\">Alberto Tac\u00f3n, punto focal para Chile de la Comisi\u00f3n Mundial de \u00c1reas Protegidas de la IUCN, Bi\u00f3logo Ambiental, Magister en Desarrollo Rural<\/span><\/p>\n<p class=\"v1gmail-MsoListParagraphCxSpLast\" style=\"text-align: justify;\"><span lang=\"ES\">113.\u00a0\u00a0<span class=\"v1gmail-Apple-converted-space\">\u00a0<\/span><\/span><span lang=\"ES\">Maximiliano Bello,\u00a0<span class=\"v1gmail-Apple-converted-space\">\u00a0<\/span>Mission Blue<\/span><\/p>\n<p class=\"v1MsoNormal\" style=\"text-align: justify;\"><span lang=\"ES\">114.\u00a0\u00a0<span class=\"v1gmail-Apple-converted-space\">\u00a0<\/span><\/span><span lang=\"ES\">Diego Mardones P\u00e9rez, astr\u00f3nomo, Universidad de Chile<\/span><\/p>\n<p class=\"v1MsoNormal\" style=\"text-align: justify;\"><span lang=\"ES\">115.\u00a0\u00a0<span class=\"v1gmail-Apple-converted-space\">\u00a0<\/span><\/span><span lang=\"ES\">Gonzalo Medina Vogel, Centro de Investigaci\u00f3n para la<span class=\"v1gmail-Apple-converted-space\">\u00a0<\/span>\u00a0\u00a0Sustentabilidad, Universidad Andr\u00e9s Bello<\/span><\/p>\n<p class=\"v1MsoNormal\" style=\"text-align: justify;\"><span lang=\"ES\">116.\u00a0\u00a0<span class=\"v1gmail-Apple-converted-space\">\u00a0<\/span><\/span><span lang=\"ES\">Leonardo Olivares, Coordinador N\u00facleo Territorial-V Norte -Observatorio de la Costa<\/span><\/p>\n<p class=\"v1MsoNormal\" style=\"text-align: justify;\"><span lang=\"ES\">117.\u00a0\u00a0<span class=\"v1gmail-Apple-converted-space\">\u00a0<\/span><\/span><span lang=\"ES\">Claudio Carocca Sep\u00falveda, Bi\u00f3logo Marino, Investigador Regi\u00f3n de Magallanes<\/span><\/p>\n<p class=\"v1MsoNormal\" style=\"text-align: justify;\"><span lang=\"ES\">118.\u00a0\u00a0<span class=\"v1gmail-Apple-converted-space\">\u00a0<\/span><\/span><span lang=\"ES\">Nathalie Joignant, MSc en Gesti\u00f3n y Planificaci\u00f3n Ambiental, Universidad de Chile<\/span><\/p>\n<p class=\"v1MsoNormal\" style=\"text-align: justify;\"><span lang=\"ES\">119.\u00a0\u00a0<span class=\"v1gmail-Apple-converted-space\">\u00a0<\/span><\/span><span lang=\"ES\">Rosa Cheuquepil \u00c1lvarez, Educadora tradicional Mapuche Williche<\/span><\/p>\n<p class=\"v1gmail-MsoListParagraphCxSpFirst\" style=\"text-align: justify;\"><span lang=\"ES\">120.\u00a0\u00a0<span class=\"v1gmail-Apple-converted-space\">\u00a0<\/span><\/span><span lang=\"ES\">Alejandro Correa, Abogado, Magister en Medio Ambiente, Universidad de Melbourne<\/span><\/p>\n<p class=\"v1gmail-MsoListParagraphCxSpMiddle\" style=\"text-align: justify;\"><span lang=\"ES\">121.\u00a0\u00a0<span class=\"v1gmail-Apple-converted-space\">\u00a0<\/span><\/span><span lang=\"ES\">Evelyn Habit, Acad\u00e9mica, Universidad de Concepci\u00f3n<\/span><\/p>\n<p class=\"v1gmail-MsoListParagraphCxSpMiddle\" style=\"text-align: justify;\">122.\u00a0\u00a0<span class=\"v1gmail-Apple-converted-space\">\u00a0<\/span><span lang=\"ES\">Fernanda Salinas,<span class=\"v1gmail-Apple-converted-space\">\u00a0<\/span><\/span>Dra. en Ciencias menci\u00f3n en Ecolog\u00eda y Biolog\u00eda Evolutiva, Profesora Facultad de Ciencias F\u00edsicas y Matem\u00e1ticas, Universidad de Chile<\/p>\n<p class=\"v1gmail-MsoListParagraphCxSpMiddle\" style=\"text-align: justify;\"><span lang=\"ES\">123.\u00a0\u00a0<span class=\"v1gmail-Apple-converted-space\">\u00a0<\/span><\/span><span lang=\"ES\">Eduardo Fuentes, PhD, Consultor<span class=\"v1gmail-Apple-converted-space\">\u00a0<\/span>Biodiversidad &amp; Desarrollo<\/span><\/p>\n<p class=\"v1gmail-MsoListParagraphCxSpMiddle\" style=\"text-align: justify;\">124.\u00a0\u00a0<span class=\"v1gmail-Apple-converted-space\">\u00a0<\/span>Ricardo Rozzi, PhD, Acad\u00e9mico Universidad de North Texas<\/p>\n<p class=\"v1gmail-MsoListParagraphCxSpMiddle\" style=\"text-align: justify;\">125.\u00a0\u00a0<span class=\"v1gmail-Apple-converted-space\">\u00a0<\/span>Antonia Echenique, Directora Corporaci\u00f3n Jard\u00edn Bot\u00e1nico Chagual<\/p>\n<p class=\"v1gmail-MsoListParagraphCxSpMiddle\" style=\"text-align: justify;\">126.\u00a0\u00a0<span class=\"v1gmail-Apple-converted-space\">\u00a0<\/span>Alejandra Figueroa, Bi\u00f3loga, socia directora Corporaci\u00f3n Capital Biodiversidad<\/p>\n<p class=\"v1gmail-MsoListParagraphCxSpMiddle\" style=\"text-align: justify;\">127.\u00a0\u00a0<span class=\"v1gmail-Apple-converted-space\">\u00a0<\/span>Daniel Caniullan, Miembro Titular Comit\u00e9 Bentonico Aysen Pesca Artesanal<\/p>\n<p class=\"v1gmail-MsoListParagraphCxSpMiddle\" style=\"text-align: justify;\"><span lang=\"ES\">\u00a0<\/span><\/p>\n<p class=\"v1gmail-MsoListParagraphCxSpLast\" style=\"text-align: justify;\"><span lang=\"ES\">\u00a0<\/span><\/p>\n<p class=\"v1MsoNormal\" style=\"text-align: justify;\"><span lang=\"ES\">\u00a0<\/span><\/p>\n<\/div><\/section><\/div><div  style='height:50px' class='hr hr-invisible   avia-builder-el-6  el_after_av_one_full  el_before_av_social_share '><span class='hr-inner ' ><span class='hr-inner-style'><\/span><\/span><\/div><\/p>\n<div  class='av-social-sharing-box  avia-builder-el-7  el_after_av_hr  el_before_av_hr  '><div class='av-share-box'><h5 class='av-share-link-description av-no-toc '>Compartir esta noticia<\/h5><ul class='av-share-box-list noLightbox'><li class='av-share-link av-social-link-facebook' ><a target=\"_blank\" aria-label=\"Compartir en Facebook\" href='https:\/\/www.facebook.com\/sharer.php?u=https:\/\/radiorevelacionfm.cl\/?p=14193&#038;t=Organizaciones%20ciudadanas%20manifiestan%20rotundo%20rechazo%20a%20iniciativa%20de%20Gobierno%20que%20busca%20impulsar%20concesiones%20acu%C3%ADcolas%20al%20interior%20de%20%C3%A1reas%20protegidas' aria-hidden='false' data-av_icon='\ue8f3' data-av_iconfont='entypo-fontello' title='' data-avia-related-tooltip='Compartir en Facebook' rel=\"noopener\"><span class='avia_hidden_link_text'>Compartir en Facebook<\/span><\/a><\/li><li class='av-share-link av-social-link-twitter' ><a target=\"_blank\" aria-label=\"Compartir en Twitter\" href='https:\/\/twitter.com\/share?text=Organizaciones%20ciudadanas%20manifiestan%20rotundo%20rechazo%20a%20iniciativa%20de%20Gobierno%20que%20busca%20impulsar%20concesiones%20acu%C3%ADcolas%20al%20interior%20de%20%C3%A1reas%20protegidas&#038;url=https:\/\/radiorevelacionfm.cl\/?p=14193' aria-hidden='false' data-av_icon='\ue8f1' data-av_iconfont='entypo-fontello' title='' data-avia-related-tooltip='Compartir en Twitter' rel=\"noopener\"><span class='avia_hidden_link_text'>Compartir en Twitter<\/span><\/a><\/li><li class='av-share-link av-social-link-whatsapp' ><a target=\"_blank\" aria-label=\"Compartir en Whatsapp\" href='https:\/\/api.whatsapp.com\/send?text=https:\/\/radiorevelacionfm.cl\/?p=14193' aria-hidden='false' data-av_icon='\uf232' data-av_iconfont='entypo-fontello' title='' data-avia-related-tooltip='Compartir en Whatsapp' rel=\"noopener\"><span class='avia_hidden_link_text'>Compartir en Whatsapp<\/span><\/a><\/li><li class='av-share-link av-social-link-linkedin' ><a target=\"_blank\" aria-label=\"Compartir en LinkedIn\" href='https:\/\/linkedin.com\/shareArticle?mini=true&#038;title=Organizaciones%20ciudadanas%20manifiestan%20rotundo%20rechazo%20a%20iniciativa%20de%20Gobierno%20que%20busca%20impulsar%20concesiones%20acu%C3%ADcolas%20al%20interior%20de%20%C3%A1reas%20protegidas&#038;url=https:\/\/radiorevelacionfm.cl\/?p=14193' aria-hidden='false' data-av_icon='\ue8fc' data-av_iconfont='entypo-fontello' title='' data-avia-related-tooltip='Compartir en LinkedIn' rel=\"noopener\"><span class='avia_hidden_link_text'>Compartir en LinkedIn<\/span><\/a><\/li><li class='av-share-link av-social-link-mail' ><a  aria-label=\"Compartir por correo\" href='mailto:?subject=Organizaciones%20ciudadanas%20manifiestan%20rotundo%20rechazo%20a%20iniciativa%20de%20Gobierno%20que%20busca%20impulsar%20concesiones%20acu%C3%ADcolas%20al%20interior%20de%20%C3%A1reas%20protegidas&#038;body=https:\/\/radiorevelacionfm.cl\/?p=14193' aria-hidden='false' data-av_icon='\ue805' data-av_iconfont='entypo-fontello' title='' data-avia-related-tooltip='Compartir por correo'><span class='avia_hidden_link_text'>Compartir por correo<\/span><\/a><\/li><\/ul><\/div><\/div>\n<div  style='height:50px' class='hr hr-invisible   avia-builder-el-8  el_after_av_social_share  el_before_av_comments_list '><span class='hr-inner ' ><span class='hr-inner-style'><\/span><\/span><\/div>\n<div  class='av-buildercomment  av-blog-meta-html-info-disabled av-blog-meta-tag-disabled  '><\/div>\n","protected":false},"excerpt":{"rendered":"","protected":false},"author":1,"featured_media":14194,"comment_status":"open","ping_status":"open","sticky":false,"template":"","format":"standard","meta":{"footnotes":""},"categories":[60,1],"tags":[],"class_list":["post-14193","post","type-post","status-publish","format-standard","has-post-thumbnail","hentry","category-pesca","category-sin-categoria"],"jetpack_featured_media_url":"https:\/\/radiorevelacionfm.cl\/wp-content\/uploads\/2022\/03\/sal_optimized.aysen_.jpeg","_links":{"self":[{"href":"https:\/\/radiorevelacionfm.cl\/index.php?rest_route=\/wp\/v2\/posts\/14193","targetHints":{"allow":["GET"]}}],"collection":[{"href":"https:\/\/radiorevelacionfm.cl\/index.php?rest_route=\/wp\/v2\/posts"}],"about":[{"href":"https:\/\/radiorevelacionfm.cl\/index.php?rest_route=\/wp\/v2\/types\/post"}],"author":[{"embeddable":true,"href":"https:\/\/radiorevelacionfm.cl\/index.php?rest_route=\/wp\/v2\/users\/1"}],"replies":[{"embeddable":true,"href":"https:\/\/radiorevelacionfm.cl\/index.php?rest_route=%2Fwp%2Fv2%2Fcomments&post=14193"}],"version-history":[{"count":2,"href":"https:\/\/radiorevelacionfm.cl\/index.php?rest_route=\/wp\/v2\/posts\/14193\/revisions"}],"predecessor-version":[{"id":14221,"href":"https:\/\/radiorevelacionfm.cl\/index.php?rest_route=\/wp\/v2\/posts\/14193\/revisions\/14221"}],"wp:featuredmedia":[{"embeddable":true,"href":"https:\/\/radiorevelacionfm.cl\/index.php?rest_route=\/wp\/v2\/media\/14194"}],"wp:attachment":[{"href":"https:\/\/radiorevelacionfm.cl\/index.php?rest_route=%2Fwp%2Fv2%2Fmedia&parent=14193"}],"wp:term":[{"taxonomy":"category","embeddable":true,"href":"https:\/\/radiorevelacionfm.cl\/index.php?rest_route=%2Fwp%2Fv2%2Fcategories&post=14193"},{"taxonomy":"post_tag","embeddable":true,"href":"https:\/\/radiorevelacionfm.cl\/index.php?rest_route=%2Fwp%2Fv2%2Ftags&post=14193"}],"curies":[{"name":"wp","href":"https:\/\/api.w.org\/{rel}","templated":true}]}}