{"id":14185,"date":"2022-03-03T16:11:07","date_gmt":"2022-03-03T19:11:07","guid":{"rendered":"https:\/\/radiorevelacionfm.cl\/?p=14185"},"modified":"2022-03-03T16:11:07","modified_gmt":"2022-03-03T19:11:07","slug":"aprueban-proyecto-de-ley-que-mejora-las-condiciones-contractuales-de-los-recolectores-de-residuos-solidos-domiciliarios","status":"publish","type":"post","link":"https:\/\/radiorevelacionfm.cl\/?p=14185","title":{"rendered":"Aprueban proyecto de ley que mejora las condiciones contractuales de los recolectores de residuos s\u00f3lidos domiciliarios"},"content":{"rendered":"<div class=\"flex_column av_one_full  flex_column_div av-zero-column-padding first  avia-builder-el-0  el_before_av_one_full  avia-builder-el-first  \" style='border-radius:0px; '><div  class='avia-image-container  av-styling-    avia-builder-el-1  avia-builder-el-no-sibling  avia-align-center '  itemprop=\"image\" itemscope=\"itemscope\" itemtype=\"https:\/\/schema.org\/ImageObject\"  ><div class='avia-image-container-inner'><div class='avia-image-overlay-wrap'><img decoding=\"async\" class='wp-image-14186 avia-img-lazy-loading-not-14186 avia_image' src=\"https:\/\/radiorevelacionfm.cl\/wp-content\/uploads\/2022\/03\/unnamed-24-1_optimized.jpg\" alt='' title='unnamed-(24)-(1)_optimized' height=\"600\" width=\"900\"  itemprop=\"thumbnailUrl\" srcset=\"https:\/\/radiorevelacionfm.cl\/wp-content\/uploads\/2022\/03\/unnamed-24-1_optimized.jpg 900w, https:\/\/radiorevelacionfm.cl\/wp-content\/uploads\/2022\/03\/unnamed-24-1_optimized-300x200.jpg 300w, https:\/\/radiorevelacionfm.cl\/wp-content\/uploads\/2022\/03\/unnamed-24-1_optimized-768x512.jpg 768w, https:\/\/radiorevelacionfm.cl\/wp-content\/uploads\/2022\/03\/unnamed-24-1_optimized-705x470.jpg 705w, https:\/\/radiorevelacionfm.cl\/wp-content\/uploads\/2022\/03\/unnamed-24-1_optimized-600x400.jpg 600w\" sizes=\"(max-width: 900px) 100vw, 900px\" \/><\/div><\/div><\/div><\/div><div class=\"flex_column av_one_full  flex_column_div av-zero-column-padding first  avia-builder-el-2  el_after_av_one_full  el_before_av_one_full  column-top-margin\" style='border-radius:0px; '><section class=\"av_textblock_section \"  itemscope=\"itemscope\" itemtype=\"https:\/\/schema.org\/BlogPosting\" itemprop=\"blogPost\" ><div class='avia_textblock  '   itemprop=\"text\" ><p style=\"text-align: center;\"><strong><span style=\"font-size: 18pt;\">Aprueban proyecto de ley que mejora las condiciones contractuales de los recolectores de residuos s\u00f3lidos domiciliarios<\/span><\/strong><\/p>\n<div id=\"gtx-trans\" style=\"position: absolute; left: -50px; top: 4.31534px;\">\n<div class=\"gtx-trans-icon\"><\/div>\n<\/div>\n<\/div><\/section><\/div><div class=\"flex_column av_one_full  flex_column_div av-zero-column-padding first  avia-builder-el-4  el_after_av_one_full  el_before_av_hr  column-top-margin\" style='border-radius:0px; '><section class=\"av_textblock_section \"  itemscope=\"itemscope\" itemtype=\"https:\/\/schema.org\/BlogPosting\" itemprop=\"blogPost\" ><div class='avia_textblock  '   itemprop=\"text\" ><p dir=\"ltr\" style=\"text-align: justify;\">Con 123 votos a favor, seis en contra y cinco abstenciones, qued\u00f3 lista para ser ley la iniciativa que perfecciona la regulaci\u00f3n relativa a la contrataci\u00f3n y pago por la prestaci\u00f3n del servicio de extracci\u00f3n y recolecci\u00f3n de residuos s\u00f3lidos domiciliarios, la que incluye mejoras sustanciales en las condiciones laborales de los trabajadores de la industria.<\/p>\n<p dir=\"ltr\" style=\"text-align: justify;\">El proyecto de ley fue impulsado por la Subsecretar\u00eda de Desarrollo Regional y Administrativo (Subdere), tras una mesa de trabajo entre el Gobierno y los gremios de la recolecci\u00f3n de basura en 2014, la cual se retom\u00f3 en 2019; y que resulta de suma importancia para el sector que incluso hab\u00eda evaluado movilizarse en febrero.<\/p>\n<p dir=\"ltr\" style=\"text-align: justify;\">La norma modifica la Ley Org\u00e1nica Constitucional de Municipalidades, para que estas puedan hacer convenios con la Tesorer\u00eda General de la Rep\u00fablica, de manera que los municipios paguen los servicios por medio de los recursos recaudados por impuestos territoriales (contribuciones) y del Fondo Com\u00fan Municipal. En caso de no haber convenios, los proveedores de los servicios, podr\u00e1n solicitar a Tesorer\u00eda que se paguen las boletas impagas por m\u00e1s de 30 d\u00edas.<\/p>\n<p dir=\"ltr\" style=\"text-align: justify;\">La subsecretaria de Desarrollo Regional y Administrativo, Mar\u00eda Paz Troncoso, asegur\u00f3 estar cumpliendo un compromiso que dar\u00e1 el prestigio y reconocimiento que merecen todos los recolectores de basura del pa\u00eds.<\/p>\n<p dir=\"ltr\" style=\"text-align: justify;\">\u201cEstamos muy felices y la verdad muy agradecidos, no solo de las comisiones que participaron tanto en la C\u00e1mara de Diputados como en el Senado, agradecida tambi\u00e9n por la confianza que depositaron los trabajadores en nosotros, el compromiso que asumieron todas y cada una de sus federaciones y la verdad, el trabajo que de alguna forma permiti\u00f3 contar con una ley que va a reconocer y hacer justicia con todo el trabajo de nuestros recolectores\u201d, manifest\u00f3.<\/p>\n<p dir=\"ltr\" style=\"text-align: justify;\">Asimismo, la iniciativa cambia la Ley de Bases sobre Contratos Administrativos de Suministro de Prestaci\u00f3n de Servicios, estipulando que las bases de licitaci\u00f3n de las municipalidades deber\u00e1n tener contenidos m\u00ednimos fijados por el Ministerio del Interior y Seguridad P\u00fablica, y que el criterio de \u201cmejores condiciones de empleo y remuneraciones\u201d deber\u00e1 ponderarse en al menos un 30% del puntaje total de la evaluaci\u00f3n. Las bases deber\u00e1n ser tomadas de raz\u00f3n por parte de la Contralor\u00eda General de la Rep\u00fablica.<\/p>\n<p dir=\"ltr\" style=\"text-align: justify;\">El presidente de la Federaci\u00f3n Nacional de Sindicatos de Trabajadores de Recolecci\u00f3n de Aseo y Medio Ambiente de Chile\u00a0 (Fensitrambich), Miguel S\u00e1nchez, valor\u00f3 la nueva ley: \u201cEs una tremenda noticia en beneficio de los trabajadores. Es un extraordinario logro para nosotros poner t\u00e9rmino a un peregrinar de muchos a\u00f1os para conseguir este proyecto de ley (\u2026) estamos muy agradecidos porque lo que han prometido, lo han cumplido\u201d.<\/p>\n<p dir=\"ltr\" style=\"text-align: justify;\">Esta tarde se discutir\u00e1 en el Congreso el D\u00eda del Recolector y el ministro de la Secretar\u00eda General de Presidencia (Segpres), Juan Jos\u00e9 Ossa, anunci\u00f3 en la sala que tambi\u00e9n se presentar\u00e1 un proyecto de ley para crear la identidad legal de esta labor.<\/p>\n<\/div><\/section><\/div><div  style='height:50px' class='hr hr-invisible   avia-builder-el-6  el_after_av_one_full  el_before_av_social_share '><span class='hr-inner ' ><span class='hr-inner-style'><\/span><\/span><\/div><\/p>\n<div  class='av-social-sharing-box  avia-builder-el-7  el_after_av_hr  el_before_av_hr  '><div class='av-share-box'><h5 class='av-share-link-description av-no-toc '>Compartir esta noticia<\/h5><ul class='av-share-box-list noLightbox'><li class='av-share-link av-social-link-facebook' ><a target=\"_blank\" aria-label=\"Compartir en Facebook\" href='https:\/\/www.facebook.com\/sharer.php?u=https:\/\/radiorevelacionfm.cl\/?p=14185&#038;t=Aprueban%20proyecto%20de%20ley%20que%20mejora%20las%20condiciones%20contractuales%20de%20los%20recolectores%20de%20residuos%20s%C3%B3lidos%20domiciliarios' aria-hidden='false' data-av_icon='\ue8f3' data-av_iconfont='entypo-fontello' title='' data-avia-related-tooltip='Compartir en Facebook' rel=\"noopener\"><span class='avia_hidden_link_text'>Compartir en Facebook<\/span><\/a><\/li><li class='av-share-link av-social-link-twitter' ><a target=\"_blank\" aria-label=\"Compartir en Twitter\" href='https:\/\/twitter.com\/share?text=Aprueban%20proyecto%20de%20ley%20que%20mejora%20las%20condiciones%20contractuales%20de%20los%20recolectores%20de%20residuos%20s%C3%B3lidos%20domiciliarios&#038;url=https:\/\/radiorevelacionfm.cl\/?p=14185' aria-hidden='false' data-av_icon='\ue8f1' data-av_iconfont='entypo-fontello' title='' data-avia-related-tooltip='Compartir en Twitter' rel=\"noopener\"><span class='avia_hidden_link_text'>Compartir en Twitter<\/span><\/a><\/li><li class='av-share-link av-social-link-whatsapp' ><a target=\"_blank\" aria-label=\"Compartir en Whatsapp\" href='https:\/\/api.whatsapp.com\/send?text=https:\/\/radiorevelacionfm.cl\/?p=14185' aria-hidden='false' data-av_icon='\uf232' data-av_iconfont='entypo-fontello' title='' data-avia-related-tooltip='Compartir en Whatsapp' rel=\"noopener\"><span class='avia_hidden_link_text'>Compartir en Whatsapp<\/span><\/a><\/li><li class='av-share-link av-social-link-linkedin' ><a target=\"_blank\" aria-label=\"Compartir en LinkedIn\" href='https:\/\/linkedin.com\/shareArticle?mini=true&#038;title=Aprueban%20proyecto%20de%20ley%20que%20mejora%20las%20condiciones%20contractuales%20de%20los%20recolectores%20de%20residuos%20s%C3%B3lidos%20domiciliarios&#038;url=https:\/\/radiorevelacionfm.cl\/?p=14185' aria-hidden='false' data-av_icon='\ue8fc' data-av_iconfont='entypo-fontello' title='' data-avia-related-tooltip='Compartir en LinkedIn' rel=\"noopener\"><span class='avia_hidden_link_text'>Compartir en LinkedIn<\/span><\/a><\/li><li class='av-share-link av-social-link-mail' ><a  aria-label=\"Compartir por correo\" href='mailto:?subject=Aprueban%20proyecto%20de%20ley%20que%20mejora%20las%20condiciones%20contractuales%20de%20los%20recolectores%20de%20residuos%20s%C3%B3lidos%20domiciliarios&#038;body=https:\/\/radiorevelacionfm.cl\/?p=14185' aria-hidden='false' data-av_icon='\ue805' data-av_iconfont='entypo-fontello' title='' data-avia-related-tooltip='Compartir por correo'><span class='avia_hidden_link_text'>Compartir por correo<\/span><\/a><\/li><\/ul><\/div><\/div>\n<div  style='height:50px' class='hr hr-invisible   avia-builder-el-8  el_after_av_social_share  el_before_av_comments_list '><span class='hr-inner ' ><span class='hr-inner-style'><\/span><\/span><\/div>\n<div  class='av-buildercomment  av-blog-meta-html-info-disabled av-blog-meta-tag-disabled  '><\/div>\n","protected":false},"excerpt":{"rendered":"","protected":false},"author":1,"featured_media":14186,"comment_status":"open","ping_status":"open","sticky":false,"template":"","format":"standard","meta":{"footnotes":""},"categories":[1],"tags":[],"class_list":["post-14185","post","type-post","status-publish","format-standard","has-post-thumbnail","hentry","category-sin-categoria"],"jetpack_featured_media_url":"https:\/\/radiorevelacionfm.cl\/wp-content\/uploads\/2022\/03\/unnamed-24-1_optimized.jpg","_links":{"self":[{"href":"https:\/\/radiorevelacionfm.cl\/index.php?rest_route=\/wp\/v2\/posts\/14185","targetHints":{"allow":["GET"]}}],"collection":[{"href":"https:\/\/radiorevelacionfm.cl\/index.php?rest_route=\/wp\/v2\/posts"}],"about":[{"href":"https:\/\/radiorevelacionfm.cl\/index.php?rest_route=\/wp\/v2\/types\/post"}],"author":[{"embeddable":true,"href":"https:\/\/radiorevelacionfm.cl\/index.php?rest_route=\/wp\/v2\/users\/1"}],"replies":[{"embeddable":true,"href":"https:\/\/radiorevelacionfm.cl\/index.php?rest_route=%2Fwp%2Fv2%2Fcomments&post=14185"}],"version-history":[{"count":2,"href":"https:\/\/radiorevelacionfm.cl\/index.php?rest_route=\/wp\/v2\/posts\/14185\/revisions"}],"predecessor-version":[{"id":14231,"href":"https:\/\/radiorevelacionfm.cl\/index.php?rest_route=\/wp\/v2\/posts\/14185\/revisions\/14231"}],"wp:featuredmedia":[{"embeddable":true,"href":"https:\/\/radiorevelacionfm.cl\/index.php?rest_route=\/wp\/v2\/media\/14186"}],"wp:attachment":[{"href":"https:\/\/radiorevelacionfm.cl\/index.php?rest_route=%2Fwp%2Fv2%2Fmedia&parent=14185"}],"wp:term":[{"taxonomy":"category","embeddable":true,"href":"https:\/\/radiorevelacionfm.cl\/index.php?rest_route=%2Fwp%2Fv2%2Fcategories&post=14185"},{"taxonomy":"post_tag","embeddable":true,"href":"https:\/\/radiorevelacionfm.cl\/index.php?rest_route=%2Fwp%2Fv2%2Ftags&post=14185"}],"curies":[{"name":"wp","href":"https:\/\/api.w.org\/{rel}","templated":true}]}}